{"id":4001,"date":"2020-03-12T12:23:57","date_gmt":"2020-03-12T10:23:57","guid":{"rendered":"http:\/\/podkarpacka.iarp.pl\/?p=4001"},"modified":"2021-04-02T03:13:38","modified_gmt":"2021-04-02T01:13:38","slug":"fotorelacja-kongres-smart-project-building-city","status":"publish","type":"post","link":"https:\/\/podkarpacka.iarp.pl\/?p=4001","title":{"rendered":"FOTORELACJA: KONGRES SMART PROJECT, BUILDING &#038; CITY"},"content":{"rendered":"<p style=\"font-weight: 400;\">7 marca odby\u0142a si\u0119 III ju\u017c edycja Kongresu Smart: Project, Building &amp; City odby\u0142a. <b style=\"font-weight: 400;\">Wymiana opinii na temat najnowszych trend\u00f3w w budownictwie, debaty nad innowacyjnymi technologiami i polsk\u0105 urbanistyk\u0105 znalaz\u0142y <\/b><b>si\u0119<\/b><b style=\"font-weight: 400;\"> w programie tegorocznego <\/b><b>kongresu<\/b><b style=\"font-weight: 400;\">. Na <\/b><b>tegoroczne<\/b><b style=\"font-weight: 400;\"> wydarzenie mimo <\/b><b>niesprzyjaj\u0105cych<\/b><b style=\"font-weight: 400;\"> warunk\u00f3w, kolejny raz przybyli architekci i in\u017cynierowie z ca\u0142ej Polski.<\/b><\/p>\n<p><strong><span style=\"text-decoration: underline;\">Wyk\u0142ady poprowadzili:<\/span><\/strong><\/p>\n<ul>\n<li><strong><em>prof. dr hab. in\u017c. arch.\u00a0<\/em><\/strong><strong><em>Wac\u0142aw Celadyn<\/em><\/strong><\/li>\n<li><strong><em>dr hab. in\u017c. arch. Patrycja Haupt<\/em><\/strong><\/li>\n<li><strong>Maciej W\u00f3jtowicz, Bartosz Iwanow, Rafa\u0142 Zieli\u0144ski<\/strong><\/li>\n<li><strong>Wac\u0142aw Kami\u0144ski<\/strong><\/li>\n<\/ul>\n<p><strong>Otwarcie i Prowadzenie Kongresu:<\/strong><\/p>\n<ul>\n<li style=\"font-weight: 400;\"><strong><em>dr hab. in\u017c. arch. Magdalena Jagie\u0142\u0142o Kowalczyk<\/em><\/strong><em>, prof. Politechniki Krakowskiej<\/em><\/li>\n<\/ul>\n<p><em><span style=\"text-decoration: underline;\"><strong>Prowadz\u0105cy:<\/strong><\/span><\/em><\/p>\n<ul>\n<li style=\"font-weight: 400;\"><em><strong>dr hab. in\u017c. arch. Prof. PK Przemys\u0142aw Markiewicz<\/strong><\/em><\/li>\n<li><em><strong>dr in\u017c. arch. Bogdan Siedlecki<\/strong><\/em><\/li>\n<li><em><strong>dr in\u017c. arch. Wojciech Sumlet <\/strong><\/em><\/li>\n<\/ul>\n<p><em><span style=\"text-decoration: underline;\"><strong>Uczestnicy debaty:<\/strong><\/span><\/em><\/p>\n<ul>\n<li style=\"font-weight: 400;\"><em><strong>Piotr Chmura &#8211; <\/strong>Cz\u0142onek Rady PDK OIIB, Przewodnicz\u0105cy Zespo\u0142u ds. Cyfryzacji i Promocji<\/em><\/li>\n<li style=\"font-weight: 400;\"><em><strong>Jan Kucza\u0142ek &#8211; <\/strong>Podkarpacka Okr\u0119gowa Izba In\u017cynier\u00f3w Budownictwa<\/em><\/li>\n<li style=\"font-weight: 400;\"><em><strong>Maciej Dejer &#8211; <\/strong>MAD Engineers, Klaster BIM Krak\u00f3w<\/em><\/li>\n<li><em><strong>arch. Maciej Jamro\u017cy, <\/strong>Architekt IARP Urban Project<\/em><\/li>\n<li><em><strong>arch. Marek Chrobak<\/strong> &#8211; Wiceprezes zarz\u0105du g\u0142\u00f3wnego SARP<\/em><\/li>\n<li style=\"font-weight: 400;\"><em><strong>Micha\u0142 Chajdecki &#8211; <\/strong>Budimex, Przedstawiciele Generalnego Wykonawcy<\/em><\/li>\n<li style=\"font-weight: 400;\"><em><strong>arch. Piotr Rze\u017awicki &#8211; <\/strong>Prezes Stowarzyszenia Architekt\u00f3w Polskich w Rzeszowie<\/em><\/li>\n<li style=\"font-weight: 400;\"><em><strong>arch. Mariusz Twardowski &#8211; <\/strong>Izba Architekt\u00f3w RP, Politechnika Krakowska<\/em><\/li>\n<li style=\"font-weight: 400;\"><em><strong>arch. Agnieszka Puchyr &#8211;\u00a0<\/strong> Architekt IARP, Urban Project<\/em><\/li>\n<li style=\"font-weight: 400;\"><em><strong>Grzegorz Dubik &#8211; <\/strong>Przewodnicz\u0105cy Podkarpackiej Okr\u0119gowej Izby In\u017cynier\u00f3w Budownictwa<\/em><\/li>\n<li style=\"font-weight: 400;\"><em><strong>Wac\u0142aw Kami\u0144ski &#8211; <\/strong>Podkarpacka Okr\u0119gowa Izba In\u017cynier\u00f3w Budownictwa<\/em><\/li>\n<li style=\"font-weight: 400;\"><em><strong>Andrzej Szarata &#8211; <\/strong>Wydzia\u0142 In\u017cynierii L\u0105dowej, Politechnika Krakowska<\/em><\/li>\n<li style=\"font-weight: 400;\"><em><strong>Tomasz Oleniacz &#8211; <\/strong>Vegacom SA Rzesz\u00f3w<\/em><\/li>\n<li style=\"font-weight: 400;\"><em><strong>arch. Renata \u015awieci\u0144ska <\/strong>Przewodnicz\u0105ca Rady Podkarpackiej Okr\u0119gowej Izby Architekt\u00f3w RP<\/em><\/li>\n<li style=\"font-weight: 400;\"><em><strong>arch. Tomasz Kapecki <\/strong>Architekt IARP, Politechnika Krakowska, Krak\u00f3w<\/em><\/li>\n<li style=\"font-weight: 400;\"><em><strong>\u00a0<\/strong><strong>arch.\u00a0<\/strong><strong>Maciej \u0141obos <\/strong>\u00a0&#8211; Architekt IARP, MWM<\/em><\/li>\n<li style=\"font-weight: 400;\"><em><strong>Stanis\u0142aw Rybicki &#8211; <\/strong>Wydzia\u0142 In\u017cynierii \u015arodowiska, Politechnika Krakowska<\/em><\/li>\n<li style=\"font-weight: 400;\"><em><strong>dr in\u017c. Les\u0142aw Bichaj\u0142o &#8211; <\/strong>Politechnika Rzeszowska, Podkarpacka Izba In\u017cynier\u00f3w Budownictwa<\/em><\/li>\n<li style=\"font-weight: 400;\"><em><strong>Daniel Jamr\u00f3z &#8211; <\/strong>Centrum System\u00f3w Bezpiecze\u0144stwa<\/em><\/li>\n<li style=\"font-weight: 400;\"><em><strong>Jaromir Rajzer &#8211;\u00a0<\/strong>Doradca rynku nieruchomo\u015bci, Polskie Konsorcjum Nieruchomo\u015bci. Certus<\/em><\/li>\n<\/ul>\n<hr \/>\n<p style=\"text-align: right;\"><strong><em>Fotografie: \u0141ukasz Chudy, HDR<\/em><\/strong><\/p>\n<p><a href=\"https:\/\/podkarpacka.iarp.pl\/wp-content\/uploads\/2020\/03\/Konfrencja-Smart-Project-Building-City-Rzesz\u00f3w-Kongres-8.jpg\"><img loading=\"lazy\" decoding=\"async\" class=\"aligncenter wp-image-4007 size-thumbnail\" title=\"Otwarcie Konferencji: Magdalena Jagie\u0142\u0142o Kowalczyk, Maciej Jamro\u017cy\" src=\"https:\/\/podkarpacka.iarp.pl\/wp-content\/uploads\/2020\/03\/Konfrencja-Smart-Project-Building-City-Rzesz\u00f3w-Kongres-8-150x150.jpg\" alt=\"Otwarcie Konferencji: Magdalena Jagie\u0142\u0142o Kowalczyk, Maciej Jamro\u017cy\" width=\"150\" height=\"150\" \/><\/a><a href=\"https:\/\/podkarpacka.iarp.pl\/wp-content\/uploads\/2020\/03\/Konfrencja-Smart-Project-Building-City-Rzesz\u00f3w-Kongres-6.jpg\"><img loading=\"lazy\" decoding=\"async\" class=\"aligncenter size-large wp-image-4006\" src=\"https:\/\/podkarpacka.iarp.pl\/wp-content\/uploads\/2020\/03\/Konfrencja-Smart-Project-Building-City-Rzesz\u00f3w-Kongres-6.jpg\" alt=\"\" width=\"770\" height=\"514\" srcset=\"https:\/\/podkarpacka.iarp.pl\/wp-content\/uploads\/2020\/03\/Konfrencja-Smart-Project-Building-City-Rzesz\u00f3w-Kongres-6.jpg 1000w, https:\/\/podkarpacka.iarp.pl\/wp-content\/uploads\/2020\/03\/Konfrencja-Smart-Project-Building-City-Rzesz\u00f3w-Kongres-6-300x200.jpg 300w, https:\/\/podkarpacka.iarp.pl\/wp-content\/uploads\/2020\/03\/Konfrencja-Smart-Project-Building-City-Rzesz\u00f3w-Kongres-6-768x512.jpg 768w\" sizes=\"auto, (max-width: 770px) 100vw, 770px\" \/><\/a><a href=\"https:\/\/podkarpacka.iarp.pl\/wp-content\/uploads\/2020\/03\/Konfrencja-Smart-Project-Building-City-Rzesz\u00f3w-Kongres-8a.jpg\"><img loading=\"lazy\" decoding=\"async\" class=\"aligncenter size-large wp-image-4008\" src=\"https:\/\/podkarpacka.iarp.pl\/wp-content\/uploads\/2020\/03\/Konfrencja-Smart-Project-Building-City-Rzesz\u00f3w-Kongres-8a.jpg\" alt=\"\" width=\"770\" height=\"514\" srcset=\"https:\/\/podkarpacka.iarp.pl\/wp-content\/uploads\/2020\/03\/Konfrencja-Smart-Project-Building-City-Rzesz\u00f3w-Kongres-8a.jpg 1000w, https:\/\/podkarpacka.iarp.pl\/wp-content\/uploads\/2020\/03\/Konfrencja-Smart-Project-Building-City-Rzesz\u00f3w-Kongres-8a-300x200.jpg 300w, https:\/\/podkarpacka.iarp.pl\/wp-content\/uploads\/2020\/03\/Konfrencja-Smart-Project-Building-City-Rzesz\u00f3w-Kongres-8a-768x512.jpg 768w\" sizes=\"auto, (max-width: 770px) 100vw, 770px\" \/><\/a><a href=\"https:\/\/podkarpacka.iarp.pl\/wp-content\/uploads\/2020\/03\/Konfrencja-Smart-Project-Building-City-Rzesz\u00f3w-Kongres-9.jpg\"><img loading=\"lazy\" decoding=\"async\" class=\"aligncenter size-large wp-image-4009\" src=\"https:\/\/podkarpacka.iarp.pl\/wp-content\/uploads\/2020\/03\/Konfrencja-Smart-Project-Building-City-Rzesz\u00f3w-Kongres-9.jpg\" alt=\"\" width=\"770\" height=\"514\" srcset=\"https:\/\/podkarpacka.iarp.pl\/wp-content\/uploads\/2020\/03\/Konfrencja-Smart-Project-Building-City-Rzesz\u00f3w-Kongres-9.jpg 1000w, https:\/\/podkarpacka.iarp.pl\/wp-content\/uploads\/2020\/03\/Konfrencja-Smart-Project-Building-City-Rzesz\u00f3w-Kongres-9-300x200.jpg 300w, https:\/\/podkarpacka.iarp.pl\/wp-content\/uploads\/2020\/03\/Konfrencja-Smart-Project-Building-City-Rzesz\u00f3w-Kongres-9-768x512.jpg 768w\" sizes=\"auto, (max-width: 770px) 100vw, 770px\" \/><\/a><a href=\"https:\/\/podkarpacka.iarp.pl\/wp-content\/uploads\/2020\/03\/Konfrencja-Smart-Project-Building-City-Rzesz\u00f3w-Kongres-10.jpg\"><img loading=\"lazy\" decoding=\"async\" class=\"aligncenter size-large wp-image-4010\" src=\"https:\/\/podkarpacka.iarp.pl\/wp-content\/uploads\/2020\/03\/Konfrencja-Smart-Project-Building-City-Rzesz\u00f3w-Kongres-10.jpg\" alt=\"\" width=\"770\" height=\"514\" srcset=\"https:\/\/podkarpacka.iarp.pl\/wp-content\/uploads\/2020\/03\/Konfrencja-Smart-Project-Building-City-Rzesz\u00f3w-Kongres-10.jpg 1000w, https:\/\/podkarpacka.iarp.pl\/wp-content\/uploads\/2020\/03\/Konfrencja-Smart-Project-Building-City-Rzesz\u00f3w-Kongres-10-300x200.jpg 300w, https:\/\/podkarpacka.iarp.pl\/wp-content\/uploads\/2020\/03\/Konfrencja-Smart-Project-Building-City-Rzesz\u00f3w-Kongres-10-768x512.jpg 768w\" sizes=\"auto, (max-width: 770px) 100vw, 770px\" \/><\/a><a href=\"https:\/\/podkarpacka.iarp.pl\/wp-content\/uploads\/2020\/03\/Konfrencja-Smart-Project-Building-City-Rzesz\u00f3w-Kongres-11.jpg\"><img loading=\"lazy\" decoding=\"async\" class=\"aligncenter size-large wp-image-4011\" src=\"https:\/\/podkarpacka.iarp.pl\/wp-content\/uploads\/2020\/03\/Konfrencja-Smart-Project-Building-City-Rzesz\u00f3w-Kongres-11.jpg\" alt=\"\" width=\"770\" height=\"514\" srcset=\"https:\/\/podkarpacka.iarp.pl\/wp-content\/uploads\/2020\/03\/Konfrencja-Smart-Project-Building-City-Rzesz\u00f3w-Kongres-11.jpg 1000w, https:\/\/podkarpacka.iarp.pl\/wp-content\/uploads\/2020\/03\/Konfrencja-Smart-Project-Building-City-Rzesz\u00f3w-Kongres-11-300x200.jpg 300w, https:\/\/podkarpacka.iarp.pl\/wp-content\/uploads\/2020\/03\/Konfrencja-Smart-Project-Building-City-Rzesz\u00f3w-Kongres-11-768x512.jpg 768w\" sizes=\"auto, (max-width: 770px) 100vw, 770px\" \/><\/a><a href=\"https:\/\/podkarpacka.iarp.pl\/wp-content\/uploads\/2020\/03\/Konfrencja-Smart-Project-Building-City-Rzesz\u00f3w-Kongres-11a.jpg\"><img loading=\"lazy\" decoding=\"async\" class=\"aligncenter size-large wp-image-4012\" src=\"https:\/\/podkarpacka.iarp.pl\/wp-content\/uploads\/2020\/03\/Konfrencja-Smart-Project-Building-City-Rzesz\u00f3w-Kongres-11a.jpg\" alt=\"\" width=\"770\" height=\"514\" srcset=\"https:\/\/podkarpacka.iarp.pl\/wp-content\/uploads\/2020\/03\/Konfrencja-Smart-Project-Building-City-Rzesz\u00f3w-Kongres-11a.jpg 1000w, https:\/\/podkarpacka.iarp.pl\/wp-content\/uploads\/2020\/03\/Konfrencja-Smart-Project-Building-City-Rzesz\u00f3w-Kongres-11a-300x200.jpg 300w, https:\/\/podkarpacka.iarp.pl\/wp-content\/uploads\/2020\/03\/Konfrencja-Smart-Project-Building-City-Rzesz\u00f3w-Kongres-11a-768x512.jpg 768w\" sizes=\"auto, (max-width: 770px) 100vw, 770px\" \/><\/a><a href=\"https:\/\/podkarpacka.iarp.pl\/wp-content\/uploads\/2020\/03\/Konfrencja-Smart-Project-Building-City-Rzesz\u00f3w-Kongres-12.jpg\"><img loading=\"lazy\" decoding=\"async\" class=\"aligncenter size-large wp-image-4013\" src=\"https:\/\/podkarpacka.iarp.pl\/wp-content\/uploads\/2020\/03\/Konfrencja-Smart-Project-Building-City-Rzesz\u00f3w-Kongres-12.jpg\" alt=\"\" width=\"770\" height=\"514\" srcset=\"https:\/\/podkarpacka.iarp.pl\/wp-content\/uploads\/2020\/03\/Konfrencja-Smart-Project-Building-City-Rzesz\u00f3w-Kongres-12.jpg 1000w, https:\/\/podkarpacka.iarp.pl\/wp-content\/uploads\/2020\/03\/Konfrencja-Smart-Project-Building-City-Rzesz\u00f3w-Kongres-12-300x200.jpg 300w, https:\/\/podkarpacka.iarp.pl\/wp-content\/uploads\/2020\/03\/Konfrencja-Smart-Project-Building-City-Rzesz\u00f3w-Kongres-12-768x512.jpg 768w\" sizes=\"auto, (max-width: 770px) 100vw, 770px\" \/><\/a><a href=\"https:\/\/podkarpacka.iarp.pl\/wp-content\/uploads\/2020\/03\/Konfrencja-Smart-Project-Building-City-Rzesz\u00f3w-Kongres-1.jpg\"><img loading=\"lazy\" decoding=\"async\" class=\"aligncenter size-full wp-image-4002\" src=\"https:\/\/podkarpacka.iarp.pl\/wp-content\/uploads\/2020\/03\/Konfrencja-Smart-Project-Building-City-Rzesz\u00f3w-Kongres-1.jpg\" alt=\"\" width=\"1000\" height=\"667\" srcset=\"https:\/\/podkarpacka.iarp.pl\/wp-content\/uploads\/2020\/03\/Konfrencja-Smart-Project-Building-City-Rzesz\u00f3w-Kongres-1.jpg 1000w, https:\/\/podkarpacka.iarp.pl\/wp-content\/uploads\/2020\/03\/Konfrencja-Smart-Project-Building-City-Rzesz\u00f3w-Kongres-1-300x200.jpg 300w, https:\/\/podkarpacka.iarp.pl\/wp-content\/uploads\/2020\/03\/Konfrencja-Smart-Project-Building-City-Rzesz\u00f3w-Kongres-1-768x512.jpg 768w\" sizes=\"auto, (max-width: 1000px) 100vw, 1000px\" \/><\/a><a href=\"https:\/\/podkarpacka.iarp.pl\/wp-content\/uploads\/2020\/03\/Konfrencja-Smart-Project-Building-City-Rzesz\u00f3w-Kongres-27.jpg\"><img loading=\"lazy\" decoding=\"async\" class=\"aligncenter size-large wp-image-4018\" src=\"https:\/\/podkarpacka.iarp.pl\/wp-content\/uploads\/2020\/03\/Konfrencja-Smart-Project-Building-City-Rzesz\u00f3w-Kongres-27.jpg\" alt=\"\" width=\"770\" height=\"514\" srcset=\"https:\/\/podkarpacka.iarp.pl\/wp-content\/uploads\/2020\/03\/Konfrencja-Smart-Project-Building-City-Rzesz\u00f3w-Kongres-27.jpg 1000w, https:\/\/podkarpacka.iarp.pl\/wp-content\/uploads\/2020\/03\/Konfrencja-Smart-Project-Building-City-Rzesz\u00f3w-Kongres-27-300x200.jpg 300w, https:\/\/podkarpacka.iarp.pl\/wp-content\/uploads\/2020\/03\/Konfrencja-Smart-Project-Building-City-Rzesz\u00f3w-Kongres-27-768x512.jpg 768w\" sizes=\"auto, (max-width: 770px) 100vw, 770px\" \/><\/a><a href=\"https:\/\/podkarpacka.iarp.pl\/wp-content\/uploads\/2020\/03\/Konfrencja-Smart-Project-Building-City-Rzesz\u00f3w-Kongres-13.jpg\"><img loading=\"lazy\" decoding=\"async\" class=\"aligncenter size-large wp-image-4014\" src=\"https:\/\/podkarpacka.iarp.pl\/wp-content\/uploads\/2020\/03\/Konfrencja-Smart-Project-Building-City-Rzesz\u00f3w-Kongres-13.jpg\" alt=\"\" width=\"770\" height=\"514\" srcset=\"https:\/\/podkarpacka.iarp.pl\/wp-content\/uploads\/2020\/03\/Konfrencja-Smart-Project-Building-City-Rzesz\u00f3w-Kongres-13.jpg 1000w, https:\/\/podkarpacka.iarp.pl\/wp-content\/uploads\/2020\/03\/Konfrencja-Smart-Project-Building-City-Rzesz\u00f3w-Kongres-13-300x200.jpg 300w, https:\/\/podkarpacka.iarp.pl\/wp-content\/uploads\/2020\/03\/Konfrencja-Smart-Project-Building-City-Rzesz\u00f3w-Kongres-13-768x512.jpg 768w\" sizes=\"auto, (max-width: 770px) 100vw, 770px\" \/><\/a><a href=\"https:\/\/podkarpacka.iarp.pl\/wp-content\/uploads\/2020\/03\/Konfrencja-Smart-Project-Building-City-Rzesz\u00f3w-Kongres-15.jpg\"><img loading=\"lazy\" decoding=\"async\" class=\"aligncenter size-large wp-image-4015\" src=\"https:\/\/podkarpacka.iarp.pl\/wp-content\/uploads\/2020\/03\/Konfrencja-Smart-Project-Building-City-Rzesz\u00f3w-Kongres-15.jpg\" alt=\"\" width=\"770\" height=\"514\" srcset=\"https:\/\/podkarpacka.iarp.pl\/wp-content\/uploads\/2020\/03\/Konfrencja-Smart-Project-Building-City-Rzesz\u00f3w-Kongres-15.jpg 1000w, https:\/\/podkarpacka.iarp.pl\/wp-content\/uploads\/2020\/03\/Konfrencja-Smart-Project-Building-City-Rzesz\u00f3w-Kongres-15-300x200.jpg 300w, https:\/\/podkarpacka.iarp.pl\/wp-content\/uploads\/2020\/03\/Konfrencja-Smart-Project-Building-City-Rzesz\u00f3w-Kongres-15-768x512.jpg 768w\" sizes=\"auto, (max-width: 770px) 100vw, 770px\" \/><\/a><a href=\"https:\/\/podkarpacka.iarp.pl\/wp-content\/uploads\/2020\/03\/Konfrencja-Smart-Project-Building-City-Rzesz\u00f3w-Kongres-25.jpg\"><img loading=\"lazy\" decoding=\"async\" class=\"aligncenter size-large wp-image-4016\" src=\"https:\/\/podkarpacka.iarp.pl\/wp-content\/uploads\/2020\/03\/Konfrencja-Smart-Project-Building-City-Rzesz\u00f3w-Kongres-25.jpg\" alt=\"\" width=\"770\" height=\"514\" srcset=\"https:\/\/podkarpacka.iarp.pl\/wp-content\/uploads\/2020\/03\/Konfrencja-Smart-Project-Building-City-Rzesz\u00f3w-Kongres-25.jpg 1000w, https:\/\/podkarpacka.iarp.pl\/wp-content\/uploads\/2020\/03\/Konfrencja-Smart-Project-Building-City-Rzesz\u00f3w-Kongres-25-300x200.jpg 300w, https:\/\/podkarpacka.iarp.pl\/wp-content\/uploads\/2020\/03\/Konfrencja-Smart-Project-Building-City-Rzesz\u00f3w-Kongres-25-768x512.jpg 768w\" sizes=\"auto, (max-width: 770px) 100vw, 770px\" \/><\/a><\/p>\n<p><a href=\"https:\/\/podkarpacka.iarp.pl\/wp-content\/uploads\/2020\/03\/Konfrencja-Smart-Project-Building-City-Rzesz\u00f3w-Kongres-29.jpg\"><img loading=\"lazy\" decoding=\"async\" class=\"aligncenter size-large wp-image-4020\" src=\"https:\/\/podkarpacka.iarp.pl\/wp-content\/uploads\/2020\/03\/Konfrencja-Smart-Project-Building-City-Rzesz\u00f3w-Kongres-29.jpg\" alt=\"\" width=\"770\" height=\"514\" srcset=\"https:\/\/podkarpacka.iarp.pl\/wp-content\/uploads\/2020\/03\/Konfrencja-Smart-Project-Building-City-Rzesz\u00f3w-Kongres-29.jpg 1000w, https:\/\/podkarpacka.iarp.pl\/wp-content\/uploads\/2020\/03\/Konfrencja-Smart-Project-Building-City-Rzesz\u00f3w-Kongres-29-300x200.jpg 300w, https:\/\/podkarpacka.iarp.pl\/wp-content\/uploads\/2020\/03\/Konfrencja-Smart-Project-Building-City-Rzesz\u00f3w-Kongres-29-768x512.jpg 768w, https:\/\/podkarpacka.iarp.pl\/wp-content\/uploads\/2020\/03\/Konfrencja-Smart-Project-Building-City-Rzesz\u00f3w-Kongres-29-600x400.jpg 600w\" sizes=\"auto, (max-width: 770px) 100vw, 770px\" \/><\/a><br \/>\n<a href=\"https:\/\/podkarpacka.iarp.pl\/wp-content\/uploads\/2020\/03\/Konfrencja-Smart-Project-Building-City-Rzesz\u00f3w-Kongres-32.jpg\"><img loading=\"lazy\" decoding=\"async\" class=\"aligncenter size-large wp-image-4022\" src=\"https:\/\/podkarpacka.iarp.pl\/wp-content\/uploads\/2020\/03\/Konfrencja-Smart-Project-Building-City-Rzesz\u00f3w-Kongres-32.jpg\" alt=\"\" width=\"770\" height=\"514\" srcset=\"https:\/\/podkarpacka.iarp.pl\/wp-content\/uploads\/2020\/03\/Konfrencja-Smart-Project-Building-City-Rzesz\u00f3w-Kongres-32.jpg 1000w, https:\/\/podkarpacka.iarp.pl\/wp-content\/uploads\/2020\/03\/Konfrencja-Smart-Project-Building-City-Rzesz\u00f3w-Kongres-32-300x200.jpg 300w, https:\/\/podkarpacka.iarp.pl\/wp-content\/uploads\/2020\/03\/Konfrencja-Smart-Project-Building-City-Rzesz\u00f3w-Kongres-32-768x512.jpg 768w\" sizes=\"auto, (max-width: 770px) 100vw, 770px\" \/><\/a><a href=\"https:\/\/podkarpacka.iarp.pl\/wp-content\/uploads\/2020\/03\/Konfrencja-Smart-Project-Building-City-Rzesz\u00f3w-Kongres-33.jpg\"><img loading=\"lazy\" decoding=\"async\" class=\"aligncenter size-large wp-image-4023\" src=\"https:\/\/podkarpacka.iarp.pl\/wp-content\/uploads\/2020\/03\/Konfrencja-Smart-Project-Building-City-Rzesz\u00f3w-Kongres-33.jpg\" alt=\"\" width=\"770\" height=\"514\" srcset=\"https:\/\/podkarpacka.iarp.pl\/wp-content\/uploads\/2020\/03\/Konfrencja-Smart-Project-Building-City-Rzesz\u00f3w-Kongres-33.jpg 1000w, https:\/\/podkarpacka.iarp.pl\/wp-content\/uploads\/2020\/03\/Konfrencja-Smart-Project-Building-City-Rzesz\u00f3w-Kongres-33-300x200.jpg 300w, https:\/\/podkarpacka.iarp.pl\/wp-content\/uploads\/2020\/03\/Konfrencja-Smart-Project-Building-City-Rzesz\u00f3w-Kongres-33-768x512.jpg 768w\" sizes=\"auto, (max-width: 770px) 100vw, 770px\" \/><\/a><a href=\"https:\/\/podkarpacka.iarp.pl\/wp-content\/uploads\/2020\/03\/Konfrencja-Smart-Project-Building-City-Rzesz\u00f3w-Kongres-37.jpg\"><img loading=\"lazy\" decoding=\"async\" class=\"aligncenter size-large wp-image-4025\" src=\"https:\/\/podkarpacka.iarp.pl\/wp-content\/uploads\/2020\/03\/Konfrencja-Smart-Project-Building-City-Rzesz\u00f3w-Kongres-37.jpg\" alt=\"\" width=\"770\" height=\"514\" srcset=\"https:\/\/podkarpacka.iarp.pl\/wp-content\/uploads\/2020\/03\/Konfrencja-Smart-Project-Building-City-Rzesz\u00f3w-Kongres-37.jpg 1000w, https:\/\/podkarpacka.iarp.pl\/wp-content\/uploads\/2020\/03\/Konfrencja-Smart-Project-Building-City-Rzesz\u00f3w-Kongres-37-300x200.jpg 300w, https:\/\/podkarpacka.iarp.pl\/wp-content\/uploads\/2020\/03\/Konfrencja-Smart-Project-Building-City-Rzesz\u00f3w-Kongres-37-768x512.jpg 768w\" sizes=\"auto, (max-width: 770px) 100vw, 770px\" \/><\/a><a href=\"https:\/\/podkarpacka.iarp.pl\/wp-content\/uploads\/2020\/03\/Konfrencja-Smart-Project-Building-City-Rzesz\u00f3w-Kongres-38.jpg\"><img loading=\"lazy\" decoding=\"async\" class=\"aligncenter size-large wp-image-4026\" src=\"https:\/\/podkarpacka.iarp.pl\/wp-content\/uploads\/2020\/03\/Konfrencja-Smart-Project-Building-City-Rzesz\u00f3w-Kongres-38.jpg\" alt=\"\" width=\"770\" height=\"514\" srcset=\"https:\/\/podkarpacka.iarp.pl\/wp-content\/uploads\/2020\/03\/Konfrencja-Smart-Project-Building-City-Rzesz\u00f3w-Kongres-38.jpg 1000w, https:\/\/podkarpacka.iarp.pl\/wp-content\/uploads\/2020\/03\/Konfrencja-Smart-Project-Building-City-Rzesz\u00f3w-Kongres-38-300x200.jpg 300w, https:\/\/podkarpacka.iarp.pl\/wp-content\/uploads\/2020\/03\/Konfrencja-Smart-Project-Building-City-Rzesz\u00f3w-Kongres-38-768x512.jpg 768w\" sizes=\"auto, (max-width: 770px) 100vw, 770px\" \/><\/a><a href=\"https:\/\/podkarpacka.iarp.pl\/wp-content\/uploads\/2020\/03\/Konfrencja-Smart-Project-Building-City-Rzesz\u00f3w-Kongres-26.jpg\"><img loading=\"lazy\" decoding=\"async\" class=\"aligncenter wp-image-4017 size-thumbnail\" title=\"Przemys\u0142aw Markiewicz, Maciej Jamro\u017cy\" src=\"https:\/\/podkarpacka.iarp.pl\/wp-content\/uploads\/2020\/03\/Konfrencja-Smart-Project-Building-City-Rzesz\u00f3w-Kongres-26-150x150.jpg\" alt=\"Przemys\u0142aw Markiewicz, Maciej Jamro\u017cy\" width=\"150\" height=\"150\" \/><\/a><a href=\"https:\/\/podkarpacka.iarp.pl\/wp-content\/uploads\/2020\/03\/Konfrencja-Smart-Project-Building-City-Rzesz\u00f3w-Kongres-28.jpg\"><img loading=\"lazy\" decoding=\"async\" class=\"aligncenter size-large wp-image-4019\" src=\"https:\/\/podkarpacka.iarp.pl\/wp-content\/uploads\/2020\/03\/Konfrencja-Smart-Project-Building-City-Rzesz\u00f3w-Kongres-28.jpg\" alt=\"\" width=\"770\" height=\"514\" srcset=\"https:\/\/podkarpacka.iarp.pl\/wp-content\/uploads\/2020\/03\/Konfrencja-Smart-Project-Building-City-Rzesz\u00f3w-Kongres-28.jpg 1000w, https:\/\/podkarpacka.iarp.pl\/wp-content\/uploads\/2020\/03\/Konfrencja-Smart-Project-Building-City-Rzesz\u00f3w-Kongres-28-300x200.jpg 300w, https:\/\/podkarpacka.iarp.pl\/wp-content\/uploads\/2020\/03\/Konfrencja-Smart-Project-Building-City-Rzesz\u00f3w-Kongres-28-768x512.jpg 768w\" sizes=\"auto, (max-width: 770px) 100vw, 770px\" \/><\/a><a href=\"https:\/\/podkarpacka.iarp.pl\/wp-content\/uploads\/2020\/03\/Konfrencja-Smart-Project-Building-City-Rzesz\u00f3w-Kongres-39.jpg\"><img loading=\"lazy\" decoding=\"async\" class=\"aligncenter size-large wp-image-4027\" src=\"https:\/\/podkarpacka.iarp.pl\/wp-content\/uploads\/2020\/03\/Konfrencja-Smart-Project-Building-City-Rzesz\u00f3w-Kongres-39.jpg\" alt=\"\" width=\"770\" height=\"514\" srcset=\"https:\/\/podkarpacka.iarp.pl\/wp-content\/uploads\/2020\/03\/Konfrencja-Smart-Project-Building-City-Rzesz\u00f3w-Kongres-39.jpg 1000w, https:\/\/podkarpacka.iarp.pl\/wp-content\/uploads\/2020\/03\/Konfrencja-Smart-Project-Building-City-Rzesz\u00f3w-Kongres-39-300x200.jpg 300w, https:\/\/podkarpacka.iarp.pl\/wp-content\/uploads\/2020\/03\/Konfrencja-Smart-Project-Building-City-Rzesz\u00f3w-Kongres-39-768x512.jpg 768w\" sizes=\"auto, (max-width: 770px) 100vw, 770px\" \/><\/a><a href=\"https:\/\/podkarpacka.iarp.pl\/wp-content\/uploads\/2020\/03\/Konfrencja-Smart-Project-Building-City-Rzesz\u00f3w-Kongres-44.jpg\"><img loading=\"lazy\" decoding=\"async\" class=\"aligncenter wp-image-4029 size-thumbnail\" title=\"Wac\u0142aw Celadyn\" src=\"https:\/\/podkarpacka.iarp.pl\/wp-content\/uploads\/2020\/03\/Konfrencja-Smart-Project-Building-City-Rzesz\u00f3w-Kongres-44-150x150.jpg\" alt=\"Wac\u0142aw Celadyn\" width=\"150\" height=\"150\" \/><\/a><a href=\"https:\/\/podkarpacka.iarp.pl\/wp-content\/uploads\/2020\/03\/Konfrencja-Smart-Project-Building-City-Rzesz\u00f3w-Kongres-45.jpg\"><img loading=\"lazy\" decoding=\"async\" class=\"aligncenter wp-image-4030 size-thumbnail\" title=\"Magdalena Jagie\u0142\u0142o Kowalczyk\" src=\"https:\/\/podkarpacka.iarp.pl\/wp-content\/uploads\/2020\/03\/Konfrencja-Smart-Project-Building-City-Rzesz\u00f3w-Kongres-45-150x150.jpg\" alt=\"Magdalena Jagie\u0142\u0142o Kowalczyk\" width=\"150\" height=\"150\" \/><\/a><a href=\"https:\/\/podkarpacka.iarp.pl\/wp-content\/uploads\/2020\/03\/Konfrencja-Smart-Project-Building-City-Rzesz\u00f3w-Kongres-46.jpg\"><img loading=\"lazy\" decoding=\"async\" class=\"aligncenter size-large wp-image-4031\" src=\"https:\/\/podkarpacka.iarp.pl\/wp-content\/uploads\/2020\/03\/Konfrencja-Smart-Project-Building-City-Rzesz\u00f3w-Kongres-46.jpg\" alt=\"\" width=\"770\" height=\"514\" srcset=\"https:\/\/podkarpacka.iarp.pl\/wp-content\/uploads\/2020\/03\/Konfrencja-Smart-Project-Building-City-Rzesz\u00f3w-Kongres-46.jpg 1000w, https:\/\/podkarpacka.iarp.pl\/wp-content\/uploads\/2020\/03\/Konfrencja-Smart-Project-Building-City-Rzesz\u00f3w-Kongres-46-300x200.jpg 300w, https:\/\/podkarpacka.iarp.pl\/wp-content\/uploads\/2020\/03\/Konfrencja-Smart-Project-Building-City-Rzesz\u00f3w-Kongres-46-768x512.jpg 768w\" sizes=\"auto, (max-width: 770px) 100vw, 770px\" \/><\/a><a href=\"https:\/\/podkarpacka.iarp.pl\/wp-content\/uploads\/2020\/03\/Konfrencja-Smart-Project-Building-City-Rzesz\u00f3w-Kongres-50.jpg\"><img loading=\"lazy\" decoding=\"async\" class=\"aligncenter size-large wp-image-4035\" src=\"https:\/\/podkarpacka.iarp.pl\/wp-content\/uploads\/2020\/03\/Konfrencja-Smart-Project-Building-City-Rzesz\u00f3w-Kongres-50.jpg\" alt=\"\" width=\"770\" height=\"514\" srcset=\"https:\/\/podkarpacka.iarp.pl\/wp-content\/uploads\/2020\/03\/Konfrencja-Smart-Project-Building-City-Rzesz\u00f3w-Kongres-50.jpg 1000w, https:\/\/podkarpacka.iarp.pl\/wp-content\/uploads\/2020\/03\/Konfrencja-Smart-Project-Building-City-Rzesz\u00f3w-Kongres-50-300x200.jpg 300w, https:\/\/podkarpacka.iarp.pl\/wp-content\/uploads\/2020\/03\/Konfrencja-Smart-Project-Building-City-Rzesz\u00f3w-Kongres-50-768x512.jpg 768w\" sizes=\"auto, (max-width: 770px) 100vw, 770px\" \/><\/a><a href=\"https:\/\/podkarpacka.iarp.pl\/wp-content\/uploads\/2020\/03\/Konfrencja-Smart-Project-Building-City-Rzesz\u00f3w-Kongres-52.jpg\"><img loading=\"lazy\" decoding=\"async\" class=\"aligncenter size-large wp-image-4037\" src=\"https:\/\/podkarpacka.iarp.pl\/wp-content\/uploads\/2020\/03\/Konfrencja-Smart-Project-Building-City-Rzesz\u00f3w-Kongres-52.jpg\" alt=\"\" width=\"770\" height=\"514\" srcset=\"https:\/\/podkarpacka.iarp.pl\/wp-content\/uploads\/2020\/03\/Konfrencja-Smart-Project-Building-City-Rzesz\u00f3w-Kongres-52.jpg 1000w, https:\/\/podkarpacka.iarp.pl\/wp-content\/uploads\/2020\/03\/Konfrencja-Smart-Project-Building-City-Rzesz\u00f3w-Kongres-52-300x200.jpg 300w, https:\/\/podkarpacka.iarp.pl\/wp-content\/uploads\/2020\/03\/Konfrencja-Smart-Project-Building-City-Rzesz\u00f3w-Kongres-52-768x512.jpg 768w\" sizes=\"auto, (max-width: 770px) 100vw, 770px\" \/><\/a><a href=\"https:\/\/podkarpacka.iarp.pl\/wp-content\/uploads\/2020\/03\/Konfrencja-Smart-Project-Building-City-Rzesz\u00f3w-Kongres-53.jpg\"><img loading=\"lazy\" decoding=\"async\" class=\"aligncenter size-large wp-image-4038\" src=\"https:\/\/podkarpacka.iarp.pl\/wp-content\/uploads\/2020\/03\/Konfrencja-Smart-Project-Building-City-Rzesz\u00f3w-Kongres-53.jpg\" alt=\"\" width=\"770\" height=\"514\" srcset=\"https:\/\/podkarpacka.iarp.pl\/wp-content\/uploads\/2020\/03\/Konfrencja-Smart-Project-Building-City-Rzesz\u00f3w-Kongres-53.jpg 1000w, https:\/\/podkarpacka.iarp.pl\/wp-content\/uploads\/2020\/03\/Konfrencja-Smart-Project-Building-City-Rzesz\u00f3w-Kongres-53-300x200.jpg 300w, https:\/\/podkarpacka.iarp.pl\/wp-content\/uploads\/2020\/03\/Konfrencja-Smart-Project-Building-City-Rzesz\u00f3w-Kongres-53-768x512.jpg 768w\" sizes=\"auto, (max-width: 770px) 100vw, 770px\" \/><\/a><a href=\"https:\/\/podkarpacka.iarp.pl\/wp-content\/uploads\/2020\/03\/Konfrencja-Smart-Project-Building-City-Rzesz\u00f3w-Kongres-54.jpg\"><img loading=\"lazy\" decoding=\"async\" class=\"aligncenter wp-image-4039 \" title=\"Renata \u015awi\u0119ci\u0144ska\" src=\"https:\/\/podkarpacka.iarp.pl\/wp-content\/uploads\/2020\/03\/Konfrencja-Smart-Project-Building-City-Rzesz\u00f3w-Kongres-54.jpg\" alt=\"Renata \u015awi\u0119ci\u0144ska\" width=\"768\" height=\"512\" srcset=\"https:\/\/podkarpacka.iarp.pl\/wp-content\/uploads\/2020\/03\/Konfrencja-Smart-Project-Building-City-Rzesz\u00f3w-Kongres-54.jpg 1000w, https:\/\/podkarpacka.iarp.pl\/wp-content\/uploads\/2020\/03\/Konfrencja-Smart-Project-Building-City-Rzesz\u00f3w-Kongres-54-300x200.jpg 300w, https:\/\/podkarpacka.iarp.pl\/wp-content\/uploads\/2020\/03\/Konfrencja-Smart-Project-Building-City-Rzesz\u00f3w-Kongres-54-768x512.jpg 768w\" sizes=\"auto, (max-width: 768px) 100vw, 768px\" \/><\/a><a href=\"https:\/\/podkarpacka.iarp.pl\/wp-content\/uploads\/2020\/03\/Konfrencja-Smart-Project-Building-City-Rzesz\u00f3w-Kongres-55.jpg\"><img loading=\"lazy\" decoding=\"async\" class=\"aligncenter wp-image-4040 size-thumbnail\" title=\"Patrycja Haupt\" src=\"https:\/\/podkarpacka.iarp.pl\/wp-content\/uploads\/2020\/03\/Konfrencja-Smart-Project-Building-City-Rzesz\u00f3w-Kongres-55-150x150.jpg\" alt=\"Patrycja Haupt\" width=\"150\" height=\"150\" \/><\/a><a href=\"https:\/\/podkarpacka.iarp.pl\/wp-content\/uploads\/2020\/03\/Konfrencja-Smart-Project-Building-City-Rzesz\u00f3w-Kongres-57.jpg\"><img loading=\"lazy\" decoding=\"async\" class=\"aligncenter size-large wp-image-4042\" src=\"https:\/\/podkarpacka.iarp.pl\/wp-content\/uploads\/2020\/03\/Konfrencja-Smart-Project-Building-City-Rzesz\u00f3w-Kongres-57.jpg\" alt=\"\" width=\"770\" height=\"514\" srcset=\"https:\/\/podkarpacka.iarp.pl\/wp-content\/uploads\/2020\/03\/Konfrencja-Smart-Project-Building-City-Rzesz\u00f3w-Kongres-57.jpg 1000w, https:\/\/podkarpacka.iarp.pl\/wp-content\/uploads\/2020\/03\/Konfrencja-Smart-Project-Building-City-Rzesz\u00f3w-Kongres-57-300x200.jpg 300w, https:\/\/podkarpacka.iarp.pl\/wp-content\/uploads\/2020\/03\/Konfrencja-Smart-Project-Building-City-Rzesz\u00f3w-Kongres-57-768x512.jpg 768w\" sizes=\"auto, (max-width: 770px) 100vw, 770px\" \/><\/a><a href=\"https:\/\/podkarpacka.iarp.pl\/wp-content\/uploads\/2020\/03\/Konfrencja-Smart-Project-Building-City-Rzesz\u00f3w-Kongres-62.jpg\"><img loading=\"lazy\" decoding=\"async\" class=\"aligncenter size-large wp-image-4046\" src=\"https:\/\/podkarpacka.iarp.pl\/wp-content\/uploads\/2020\/03\/Konfrencja-Smart-Project-Building-City-Rzesz\u00f3w-Kongres-62.jpg\" alt=\"\" width=\"770\" height=\"514\" srcset=\"https:\/\/podkarpacka.iarp.pl\/wp-content\/uploads\/2020\/03\/Konfrencja-Smart-Project-Building-City-Rzesz\u00f3w-Kongres-62.jpg 1000w, https:\/\/podkarpacka.iarp.pl\/wp-content\/uploads\/2020\/03\/Konfrencja-Smart-Project-Building-City-Rzesz\u00f3w-Kongres-62-300x200.jpg 300w, https:\/\/podkarpacka.iarp.pl\/wp-content\/uploads\/2020\/03\/Konfrencja-Smart-Project-Building-City-Rzesz\u00f3w-Kongres-62-768x512.jpg 768w\" sizes=\"auto, (max-width: 770px) 100vw, 770px\" \/><\/a><a href=\"https:\/\/podkarpacka.iarp.pl\/wp-content\/uploads\/2020\/03\/Konfrencja-Smart-Project-Building-City-Rzesz\u00f3w-Kongres-63.jpg\"><img loading=\"lazy\" decoding=\"async\" class=\"aligncenter size-large wp-image-4047\" src=\"https:\/\/podkarpacka.iarp.pl\/wp-content\/uploads\/2020\/03\/Konfrencja-Smart-Project-Building-City-Rzesz\u00f3w-Kongres-63.jpg\" alt=\"\" width=\"770\" height=\"514\" srcset=\"https:\/\/podkarpacka.iarp.pl\/wp-content\/uploads\/2020\/03\/Konfrencja-Smart-Project-Building-City-Rzesz\u00f3w-Kongres-63.jpg 1000w, https:\/\/podkarpacka.iarp.pl\/wp-content\/uploads\/2020\/03\/Konfrencja-Smart-Project-Building-City-Rzesz\u00f3w-Kongres-63-300x200.jpg 300w, https:\/\/podkarpacka.iarp.pl\/wp-content\/uploads\/2020\/03\/Konfrencja-Smart-Project-Building-City-Rzesz\u00f3w-Kongres-63-768x512.jpg 768w\" sizes=\"auto, (max-width: 770px) 100vw, 770px\" \/><\/a><a href=\"https:\/\/podkarpacka.iarp.pl\/wp-content\/uploads\/2020\/03\/Konfrencja-Smart-Project-Building-City-Rzesz\u00f3w-Kongres-64.jpg\"><img loading=\"lazy\" decoding=\"async\" class=\"aligncenter size-large wp-image-4048\" src=\"https:\/\/podkarpacka.iarp.pl\/wp-content\/uploads\/2020\/03\/Konfrencja-Smart-Project-Building-City-Rzesz\u00f3w-Kongres-64.jpg\" alt=\"\" width=\"770\" height=\"514\" srcset=\"https:\/\/podkarpacka.iarp.pl\/wp-content\/uploads\/2020\/03\/Konfrencja-Smart-Project-Building-City-Rzesz\u00f3w-Kongres-64.jpg 1000w, https:\/\/podkarpacka.iarp.pl\/wp-content\/uploads\/2020\/03\/Konfrencja-Smart-Project-Building-City-Rzesz\u00f3w-Kongres-64-300x200.jpg 300w, https:\/\/podkarpacka.iarp.pl\/wp-content\/uploads\/2020\/03\/Konfrencja-Smart-Project-Building-City-Rzesz\u00f3w-Kongres-64-768x512.jpg 768w\" sizes=\"auto, (max-width: 770px) 100vw, 770px\" \/><\/a><a href=\"https:\/\/podkarpacka.iarp.pl\/wp-content\/uploads\/2020\/03\/Konfrencja-Smart-Project-Building-City-Rzesz\u00f3w-Kongres-65.jpg\"><img loading=\"lazy\" decoding=\"async\" class=\"aligncenter size-large wp-image-4049\" src=\"https:\/\/podkarpacka.iarp.pl\/wp-content\/uploads\/2020\/03\/Konfrencja-Smart-Project-Building-City-Rzesz\u00f3w-Kongres-65.jpg\" alt=\"\" width=\"770\" height=\"514\" srcset=\"https:\/\/podkarpacka.iarp.pl\/wp-content\/uploads\/2020\/03\/Konfrencja-Smart-Project-Building-City-Rzesz\u00f3w-Kongres-65.jpg 1000w, https:\/\/podkarpacka.iarp.pl\/wp-content\/uploads\/2020\/03\/Konfrencja-Smart-Project-Building-City-Rzesz\u00f3w-Kongres-65-300x200.jpg 300w, https:\/\/podkarpacka.iarp.pl\/wp-content\/uploads\/2020\/03\/Konfrencja-Smart-Project-Building-City-Rzesz\u00f3w-Kongres-65-768x512.jpg 768w\" sizes=\"auto, (max-width: 770px) 100vw, 770px\" \/><\/a><a href=\"https:\/\/podkarpacka.iarp.pl\/wp-content\/uploads\/2020\/03\/Konfrencja-Smart-Project-Building-City-Rzesz\u00f3w-Kongres-68.jpg\"><img loading=\"lazy\" decoding=\"async\" class=\"aligncenter size-large wp-image-4052\" src=\"https:\/\/podkarpacka.iarp.pl\/wp-content\/uploads\/2020\/03\/Konfrencja-Smart-Project-Building-City-Rzesz\u00f3w-Kongres-68.jpg\" alt=\"\" width=\"770\" height=\"514\" srcset=\"https:\/\/podkarpacka.iarp.pl\/wp-content\/uploads\/2020\/03\/Konfrencja-Smart-Project-Building-City-Rzesz\u00f3w-Kongres-68.jpg 1000w, https:\/\/podkarpacka.iarp.pl\/wp-content\/uploads\/2020\/03\/Konfrencja-Smart-Project-Building-City-Rzesz\u00f3w-Kongres-68-300x200.jpg 300w, https:\/\/podkarpacka.iarp.pl\/wp-content\/uploads\/2020\/03\/Konfrencja-Smart-Project-Building-City-Rzesz\u00f3w-Kongres-68-768x512.jpg 768w\" sizes=\"auto, (max-width: 770px) 100vw, 770px\" \/><\/a><a href=\"https:\/\/podkarpacka.iarp.pl\/wp-content\/uploads\/2020\/03\/Konfrencja-Smart-Project-Building-City-Rzesz\u00f3w-Kongres-69.jpg\"><img loading=\"lazy\" decoding=\"async\" class=\"aligncenter size-large wp-image-4053\" src=\"https:\/\/podkarpacka.iarp.pl\/wp-content\/uploads\/2020\/03\/Konfrencja-Smart-Project-Building-City-Rzesz\u00f3w-Kongres-69.jpg\" alt=\"\" width=\"770\" height=\"514\" srcset=\"https:\/\/podkarpacka.iarp.pl\/wp-content\/uploads\/2020\/03\/Konfrencja-Smart-Project-Building-City-Rzesz\u00f3w-Kongres-69.jpg 1000w, https:\/\/podkarpacka.iarp.pl\/wp-content\/uploads\/2020\/03\/Konfrencja-Smart-Project-Building-City-Rzesz\u00f3w-Kongres-69-300x200.jpg 300w, https:\/\/podkarpacka.iarp.pl\/wp-content\/uploads\/2020\/03\/Konfrencja-Smart-Project-Building-City-Rzesz\u00f3w-Kongres-69-768x512.jpg 768w\" sizes=\"auto, (max-width: 770px) 100vw, 770px\" \/><\/a><a href=\"https:\/\/podkarpacka.iarp.pl\/wp-content\/uploads\/2020\/03\/Konfrencja-Smart-Project-Building-City-Rzesz\u00f3w-Kongres-70-\u2014-kopia.jpg\"><img loading=\"lazy\" decoding=\"async\" class=\"aligncenter size-large wp-image-4054\" src=\"https:\/\/podkarpacka.iarp.pl\/wp-content\/uploads\/2020\/03\/Konfrencja-Smart-Project-Building-City-Rzesz\u00f3w-Kongres-70-\u2014-kopia.jpg\" alt=\"\" width=\"770\" height=\"514\" srcset=\"https:\/\/podkarpacka.iarp.pl\/wp-content\/uploads\/2020\/03\/Konfrencja-Smart-Project-Building-City-Rzesz\u00f3w-Kongres-70-\u2014-kopia.jpg 1000w, https:\/\/podkarpacka.iarp.pl\/wp-content\/uploads\/2020\/03\/Konfrencja-Smart-Project-Building-City-Rzesz\u00f3w-Kongres-70-\u2014-kopia-300x200.jpg 300w, https:\/\/podkarpacka.iarp.pl\/wp-content\/uploads\/2020\/03\/Konfrencja-Smart-Project-Building-City-Rzesz\u00f3w-Kongres-70-\u2014-kopia-768x512.jpg 768w\" sizes=\"auto, (max-width: 770px) 100vw, 770px\" \/><\/a><a href=\"https:\/\/podkarpacka.iarp.pl\/wp-content\/uploads\/2020\/03\/Konfrencja-Smart-Project-Building-City-Rzesz\u00f3w-Kongres-90.jpg\"><img loading=\"lazy\" decoding=\"async\" class=\"aligncenter size-large wp-image-4056\" src=\"https:\/\/podkarpacka.iarp.pl\/wp-content\/uploads\/2020\/03\/Konfrencja-Smart-Project-Building-City-Rzesz\u00f3w-Kongres-90.jpg\" alt=\"\" width=\"770\" height=\"270\" srcset=\"https:\/\/podkarpacka.iarp.pl\/wp-content\/uploads\/2020\/03\/Konfrencja-Smart-Project-Building-City-Rzesz\u00f3w-Kongres-90.jpg 1000w, https:\/\/podkarpacka.iarp.pl\/wp-content\/uploads\/2020\/03\/Konfrencja-Smart-Project-Building-City-Rzesz\u00f3w-Kongres-90-300x105.jpg 300w, https:\/\/podkarpacka.iarp.pl\/wp-content\/uploads\/2020\/03\/Konfrencja-Smart-Project-Building-City-Rzesz\u00f3w-Kongres-90-768x269.jpg 768w\" sizes=\"auto, (max-width: 770px) 100vw, 770px\" \/><\/a><a href=\"https:\/\/podkarpacka.iarp.pl\/wp-content\/uploads\/2020\/03\/Konfrencja-Smart-Project-Building-City-Rzesz\u00f3w-Kongres-91.jpg\"><img loading=\"lazy\" decoding=\"async\" class=\"aligncenter size-large wp-image-4057\" src=\"https:\/\/podkarpacka.iarp.pl\/wp-content\/uploads\/2020\/03\/Konfrencja-Smart-Project-Building-City-Rzesz\u00f3w-Kongres-91.jpg\" alt=\"\" width=\"770\" height=\"514\" srcset=\"https:\/\/podkarpacka.iarp.pl\/wp-content\/uploads\/2020\/03\/Konfrencja-Smart-Project-Building-City-Rzesz\u00f3w-Kongres-91.jpg 1000w, https:\/\/podkarpacka.iarp.pl\/wp-content\/uploads\/2020\/03\/Konfrencja-Smart-Project-Building-City-Rzesz\u00f3w-Kongres-91-300x200.jpg 300w, https:\/\/podkarpacka.iarp.pl\/wp-content\/uploads\/2020\/03\/Konfrencja-Smart-Project-Building-City-Rzesz\u00f3w-Kongres-91-768x512.jpg 768w\" sizes=\"auto, (max-width: 770px) 100vw, 770px\" \/><\/a><a href=\"https:\/\/podkarpacka.iarp.pl\/wp-content\/uploads\/2020\/03\/Konfrencja-Smart-Project-Building-City-Rzesz\u00f3w-Kongres-99.jpg\"><img loading=\"lazy\" decoding=\"async\" class=\"aligncenter size-large wp-image-4058\" src=\"https:\/\/podkarpacka.iarp.pl\/wp-content\/uploads\/2020\/03\/Konfrencja-Smart-Project-Building-City-Rzesz\u00f3w-Kongres-99.jpg\" alt=\"\" width=\"770\" height=\"514\" srcset=\"https:\/\/podkarpacka.iarp.pl\/wp-content\/uploads\/2020\/03\/Konfrencja-Smart-Project-Building-City-Rzesz\u00f3w-Kongres-99.jpg 1000w, https:\/\/podkarpacka.iarp.pl\/wp-content\/uploads\/2020\/03\/Konfrencja-Smart-Project-Building-City-Rzesz\u00f3w-Kongres-99-300x200.jpg 300w, https:\/\/podkarpacka.iarp.pl\/wp-content\/uploads\/2020\/03\/Konfrencja-Smart-Project-Building-City-Rzesz\u00f3w-Kongres-99-768x512.jpg 768w\" sizes=\"auto, (max-width: 770px) 100vw, 770px\" \/><\/a><a href=\"https:\/\/podkarpacka.iarp.pl\/wp-content\/uploads\/2020\/03\/Konfrencja-Smart-Project-Building-City-Rzesz\u00f3w-Kongres-101.jpg\"><img loading=\"lazy\" decoding=\"async\" class=\"aligncenter size-large wp-image-4060\" src=\"https:\/\/podkarpacka.iarp.pl\/wp-content\/uploads\/2020\/03\/Konfrencja-Smart-Project-Building-City-Rzesz\u00f3w-Kongres-101.jpg\" alt=\"\" width=\"770\" height=\"514\" srcset=\"https:\/\/podkarpacka.iarp.pl\/wp-content\/uploads\/2020\/03\/Konfrencja-Smart-Project-Building-City-Rzesz\u00f3w-Kongres-101.jpg 1000w, https:\/\/podkarpacka.iarp.pl\/wp-content\/uploads\/2020\/03\/Konfrencja-Smart-Project-Building-City-Rzesz\u00f3w-Kongres-101-300x200.jpg 300w, https:\/\/podkarpacka.iarp.pl\/wp-content\/uploads\/2020\/03\/Konfrencja-Smart-Project-Building-City-Rzesz\u00f3w-Kongres-101-768x512.jpg 768w\" sizes=\"auto, (max-width: 770px) 100vw, 770px\" \/><\/a><a href=\"https:\/\/podkarpacka.iarp.pl\/wp-content\/uploads\/2020\/03\/Konfrencja-Smart-Project-Building-City-Rzesz\u00f3w-Kongres-107.jpg\"><img loading=\"lazy\" decoding=\"async\" class=\"aligncenter size-large wp-image-4061\" src=\"https:\/\/podkarpacka.iarp.pl\/wp-content\/uploads\/2020\/03\/Konfrencja-Smart-Project-Building-City-Rzesz\u00f3w-Kongres-107.jpg\" alt=\"\" width=\"770\" height=\"514\" srcset=\"https:\/\/podkarpacka.iarp.pl\/wp-content\/uploads\/2020\/03\/Konfrencja-Smart-Project-Building-City-Rzesz\u00f3w-Kongres-107.jpg 1000w, https:\/\/podkarpacka.iarp.pl\/wp-content\/uploads\/2020\/03\/Konfrencja-Smart-Project-Building-City-Rzesz\u00f3w-Kongres-107-300x200.jpg 300w, https:\/\/podkarpacka.iarp.pl\/wp-content\/uploads\/2020\/03\/Konfrencja-Smart-Project-Building-City-Rzesz\u00f3w-Kongres-107-768x512.jpg 768w\" sizes=\"auto, (max-width: 770px) 100vw, 770px\" \/><\/a><a href=\"https:\/\/podkarpacka.iarp.pl\/wp-content\/uploads\/2020\/03\/Konfrencja-Smart-Project-Building-City-Rzesz\u00f3w-Kongres-108.jpg\"><img loading=\"lazy\" decoding=\"async\" class=\"aligncenter size-large wp-image-4062\" src=\"https:\/\/podkarpacka.iarp.pl\/wp-content\/uploads\/2020\/03\/Konfrencja-Smart-Project-Building-City-Rzesz\u00f3w-Kongres-108.jpg\" alt=\"\" width=\"770\" height=\"514\" srcset=\"https:\/\/podkarpacka.iarp.pl\/wp-content\/uploads\/2020\/03\/Konfrencja-Smart-Project-Building-City-Rzesz\u00f3w-Kongres-108.jpg 1000w, https:\/\/podkarpacka.iarp.pl\/wp-content\/uploads\/2020\/03\/Konfrencja-Smart-Project-Building-City-Rzesz\u00f3w-Kongres-108-300x200.jpg 300w, https:\/\/podkarpacka.iarp.pl\/wp-content\/uploads\/2020\/03\/Konfrencja-Smart-Project-Building-City-Rzesz\u00f3w-Kongres-108-768x512.jpg 768w\" sizes=\"auto, (max-width: 770px) 100vw, 770px\" \/><\/a><a href=\"https:\/\/podkarpacka.iarp.pl\/wp-content\/uploads\/2020\/03\/Konfrencja-Smart-Project-Building-City-Rzesz\u00f3w-Kongres-109.jpg\"><img loading=\"lazy\" decoding=\"async\" class=\"aligncenter size-large wp-image-4063\" src=\"https:\/\/podkarpacka.iarp.pl\/wp-content\/uploads\/2020\/03\/Konfrencja-Smart-Project-Building-City-Rzesz\u00f3w-Kongres-109.jpg\" alt=\"\" width=\"770\" height=\"514\" srcset=\"https:\/\/podkarpacka.iarp.pl\/wp-content\/uploads\/2020\/03\/Konfrencja-Smart-Project-Building-City-Rzesz\u00f3w-Kongres-109.jpg 1000w, https:\/\/podkarpacka.iarp.pl\/wp-content\/uploads\/2020\/03\/Konfrencja-Smart-Project-Building-City-Rzesz\u00f3w-Kongres-109-300x200.jpg 300w, https:\/\/podkarpacka.iarp.pl\/wp-content\/uploads\/2020\/03\/Konfrencja-Smart-Project-Building-City-Rzesz\u00f3w-Kongres-109-768x512.jpg 768w\" sizes=\"auto, (max-width: 770px) 100vw, 770px\" \/><\/a><a href=\"https:\/\/podkarpacka.iarp.pl\/wp-content\/uploads\/2020\/03\/Konfrencja-Smart-Project-Building-City-Rzesz\u00f3w-Kongres-110.jpg\"><img loading=\"lazy\" decoding=\"async\" class=\"aligncenter wp-image-4064 size-large\" title=\"Jamro\u017cy Maciej , Magdalena Jagie\u0142\u0142o Kowlaczyk\" src=\"https:\/\/podkarpacka.iarp.pl\/wp-content\/uploads\/2020\/03\/Konfrencja-Smart-Project-Building-City-Rzesz\u00f3w-Kongres-110-683x1024.jpg\" alt=\"Jamro\u017cy Maciej , Magdalena Jagie\u0142\u0142o Kowlaczyk\" width=\"683\" height=\"1024\" srcset=\"https:\/\/podkarpacka.iarp.pl\/wp-content\/uploads\/2020\/03\/Konfrencja-Smart-Project-Building-City-Rzesz\u00f3w-Kongres-110-683x1024.jpg 683w, https:\/\/podkarpacka.iarp.pl\/wp-content\/uploads\/2020\/03\/Konfrencja-Smart-Project-Building-City-Rzesz\u00f3w-Kongres-110-200x300.jpg 200w, https:\/\/podkarpacka.iarp.pl\/wp-content\/uploads\/2020\/03\/Konfrencja-Smart-Project-Building-City-Rzesz\u00f3w-Kongres-110-768x1152.jpg 768w, https:\/\/podkarpacka.iarp.pl\/wp-content\/uploads\/2020\/03\/Konfrencja-Smart-Project-Building-City-Rzesz\u00f3w-Kongres-110.jpg 1000w\" sizes=\"auto, (max-width: 683px) 100vw, 683px\" \/><\/a><a href=\"https:\/\/podkarpacka.iarp.pl\/wp-content\/uploads\/2020\/03\/Konfrencja-Smart-Project-Building-City-Rzesz\u00f3w-Kongres-115.jpg\"><img loading=\"lazy\" decoding=\"async\" class=\"aligncenter size-large wp-image-4066\" src=\"https:\/\/podkarpacka.iarp.pl\/wp-content\/uploads\/2020\/03\/Konfrencja-Smart-Project-Building-City-Rzesz\u00f3w-Kongres-115.jpg\" alt=\"\" width=\"770\" height=\"514\" srcset=\"https:\/\/podkarpacka.iarp.pl\/wp-content\/uploads\/2020\/03\/Konfrencja-Smart-Project-Building-City-Rzesz\u00f3w-Kongres-115.jpg 1000w, https:\/\/podkarpacka.iarp.pl\/wp-content\/uploads\/2020\/03\/Konfrencja-Smart-Project-Building-City-Rzesz\u00f3w-Kongres-115-300x200.jpg 300w, https:\/\/podkarpacka.iarp.pl\/wp-content\/uploads\/2020\/03\/Konfrencja-Smart-Project-Building-City-Rzesz\u00f3w-Kongres-115-768x512.jpg 768w\" sizes=\"auto, (max-width: 770px) 100vw, 770px\" \/><\/a><\/p>\n<p>&nbsp;<\/p>\n","protected":false},"excerpt":{"rendered":"<p>7 marca odby\u0142a si\u0119 III ju\u017c edycja Kongresu Smart: Project, Building &amp; City odby\u0142a. Wymiana opinii na temat najnowszych trend\u00f3w w budownictwie, debaty nad innowacyjnymi technologiami i polsk\u0105 urbanistyk\u0105 znalaz\u0142y si\u0119 w programie tegorocznego kongresu. Na tegoroczne wydarzenie mimo niesprzyjaj\u0105cych warunk\u00f3w, kolejny raz przybyli architekci i in\u017cynierowie z ca\u0142ej Polski. Wyk\u0142ady poprowadzili: prof. dr hab. [&hellip;]<\/p>\n","protected":false},"author":7,"featured_media":4020,"comment_status":"closed","ping_status":"open","sticky":false,"template":"","format":"standard","meta":{"footnotes":""},"categories":[69],"tags":[],"class_list":["post-4001","post","type-post","status-publish","format-standard","has-post-thumbnail","hentry","category-aktualnosci"],"publishpress_future_action":{"enabled":false,"date":"2026-05-08 12:03:27","action":"change-status","newStatus":"draft","terms":[],"taxonomy":"category","extraData":[]},"publishpress_future_workflow_manual_trigger":{"enabledWorkflows":[]},"_links":{"self":[{"href":"https:\/\/podkarpacka.iarp.pl\/index.php?rest_route=\/wp\/v2\/posts\/4001","targetHints":{"allow":["GET"]}}],"collection":[{"href":"https:\/\/podkarpacka.iarp.pl\/index.php?rest_route=\/wp\/v2\/posts"}],"about":[{"href":"https:\/\/podkarpacka.iarp.pl\/index.php?rest_route=\/wp\/v2\/types\/post"}],"author":[{"embeddable":true,"href":"https:\/\/podkarpacka.iarp.pl\/index.php?rest_route=\/wp\/v2\/users\/7"}],"replies":[{"embeddable":true,"href":"https:\/\/podkarpacka.iarp.pl\/index.php?rest_route=%2Fwp%2Fv2%2Fcomments&post=4001"}],"version-history":[{"count":5,"href":"https:\/\/podkarpacka.iarp.pl\/index.php?rest_route=\/wp\/v2\/posts\/4001\/revisions"}],"predecessor-version":[{"id":4285,"href":"https:\/\/podkarpacka.iarp.pl\/index.php?rest_route=\/wp\/v2\/posts\/4001\/revisions\/4285"}],"wp:featuredmedia":[{"embeddable":true,"href":"https:\/\/podkarpacka.iarp.pl\/index.php?rest_route=\/wp\/v2\/media\/4020"}],"wp:attachment":[{"href":"https:\/\/podkarpacka.iarp.pl\/index.php?rest_route=%2Fwp%2Fv2%2Fmedia&parent=4001"}],"wp:term":[{"taxonomy":"category","embeddable":true,"href":"https:\/\/podkarpacka.iarp.pl\/index.php?rest_route=%2Fwp%2Fv2%2Fcategories&post=4001"},{"taxonomy":"post_tag","embeddable":true,"href":"https:\/\/podkarpacka.iarp.pl\/index.php?rest_route=%2Fwp%2Fv2%2Ftags&post=4001"}],"curies":[{"name":"wp","href":"https:\/\/api.w.org\/{rel}","templated":true}]}}