{"id":4074,"date":"2020-04-02T14:23:16","date_gmt":"2020-04-02T12:23:16","guid":{"rendered":"http:\/\/podkarpacka.iarp.pl\/?p=4074"},"modified":"2020-04-02T14:24:46","modified_gmt":"2020-04-02T12:24:46","slug":"informacja-dotyczaca-ubezpieczen-oc","status":"publish","type":"post","link":"https:\/\/podkarpacka.iarp.pl\/?p=4074","title":{"rendered":"Informacja dotycz\u0105ca ubezpiecze\u0144 OC"},"content":{"rendered":"<p>W zwi\u0105zku z pojawiaj\u0105cymi si\u0119 pytaniami, dotycz\u0105cymi obowi\u0105zku ubezpieczenia architekt\u00f3w IARP informuje:<\/p>\n<p>Zgodnie z obowi\u0105zuj\u0105cymi przepisami prawa, ka\u017cdy architekt, kt\u00f3ry jest aktywnym cz\u0142onkiem IARP tj. zosta\u0142 wpisany na list\u0119 architekt\u00f3w w okr\u0119gowej izbie architekt\u00f3w, <strong>musi posiada\u0107 obowi\u0105zkowe ubezpieczenie OC<\/strong>.<\/p>\n<p>Przerwa w wykonywaniu czynno\u015bci zawodowych w wyniku epidemii koronawirusa, <strong>nie zwalnia z ustawowego obowi\u0105zku ubezpieczenia.<\/strong><\/p>\n<p>Zwolnienie z tego obowi\u0105zku <strong>nast\u0119puje tylko w przypadku skre\u015blenia<\/strong> z listy architekt\u00f3w, lub zawieszenia swojego cz\u0142onkostwa przez architekta.<\/p>\n<p><strong>Dlaczego wznowienie ubezpieczenia w terminie jest tak wa\u017cne?<\/strong><br \/>\nPoniewa\u017c z perspektywy odpowiedzialno\u015bci cywilnej kluczowy jest czas osobi\u015bcie wykonywanych czynno\u015bci projektowych oraz pe\u0142nienia nadzoru autorskiego. Nawet jednodniowa przerwa w ubezpieczeniu oznacza utrat\u0119 ochrony. To z kolei wi\u0105\u017ce si\u0119 z <strong>ryzykiem pe\u0142nej odpowiedzialno\u015bci, tak\u017ce maj\u0105tkowej oraz z mo\u017cliwo\u015bci\u0105 na\u0142o\u017cenia kary przez Komisj\u0119 Nadzoru Finansowego.<\/strong><\/p>\n","protected":false},"excerpt":{"rendered":"<p>W zwi\u0105zku z pojawiaj\u0105cymi si\u0119 pytaniami, dotycz\u0105cymi obowi\u0105zku ubezpieczenia architekt\u00f3w IARP informuje: Zgodnie z obowi\u0105zuj\u0105cymi przepisami prawa, ka\u017cdy architekt, kt\u00f3ry jest aktywnym cz\u0142onkiem IARP tj. zosta\u0142 wpisany na list\u0119 architekt\u00f3w w okr\u0119gowej izbie architekt\u00f3w, musi posiada\u0107 obowi\u0105zkowe ubezpieczenie OC. Przerwa w wykonywaniu czynno\u015bci zawodowych w wyniku epidemii koronawirusa, nie zwalnia z ustawowego obowi\u0105zku ubezpieczenia. Zwolnienie [&hellip;]<\/p>\n","protected":false},"author":6,"featured_media":856,"comment_status":"closed","ping_status":"open","sticky":false,"template":"","format":"standard","meta":{"footnotes":""},"categories":[69],"tags":[],"class_list":["post-4074","post","type-post","status-publish","format-standard","has-post-thumbnail","hentry","category-aktualnosci"],"publishpress_future_action":{"enabled":false,"date":"2026-05-08 10:46:26","action":"change-status","newStatus":"draft","terms":[],"taxonomy":"category","extraData":[]},"publishpress_future_workflow_manual_trigger":{"enabledWorkflows":[]},"_links":{"self":[{"href":"https:\/\/podkarpacka.iarp.pl\/index.php?rest_route=\/wp\/v2\/posts\/4074","targetHints":{"allow":["GET"]}}],"collection":[{"href":"https:\/\/podkarpacka.iarp.pl\/index.php?rest_route=\/wp\/v2\/posts"}],"about":[{"href":"https:\/\/podkarpacka.iarp.pl\/index.php?rest_route=\/wp\/v2\/types\/post"}],"author":[{"embeddable":true,"href":"https:\/\/podkarpacka.iarp.pl\/index.php?rest_route=\/wp\/v2\/users\/6"}],"replies":[{"embeddable":true,"href":"https:\/\/podkarpacka.iarp.pl\/index.php?rest_route=%2Fwp%2Fv2%2Fcomments&post=4074"}],"version-history":[{"count":2,"href":"https:\/\/podkarpacka.iarp.pl\/index.php?rest_route=\/wp\/v2\/posts\/4074\/revisions"}],"predecessor-version":[{"id":4076,"href":"https:\/\/podkarpacka.iarp.pl\/index.php?rest_route=\/wp\/v2\/posts\/4074\/revisions\/4076"}],"wp:featuredmedia":[{"embeddable":true,"href":"https:\/\/podkarpacka.iarp.pl\/index.php?rest_route=\/wp\/v2\/media\/856"}],"wp:attachment":[{"href":"https:\/\/podkarpacka.iarp.pl\/index.php?rest_route=%2Fwp%2Fv2%2Fmedia&parent=4074"}],"wp:term":[{"taxonomy":"category","embeddable":true,"href":"https:\/\/podkarpacka.iarp.pl\/index.php?rest_route=%2Fwp%2Fv2%2Fcategories&post=4074"},{"taxonomy":"post_tag","embeddable":true,"href":"https:\/\/podkarpacka.iarp.pl\/index.php?rest_route=%2Fwp%2Fv2%2Ftags&post=4074"}],"curies":[{"name":"wp","href":"https:\/\/api.w.org\/{rel}","templated":true}]}}