{"id":4081,"date":"2020-05-01T10:38:21","date_gmt":"2020-05-01T08:38:21","guid":{"rendered":"http:\/\/podkarpacka.iarp.pl\/?p=4081"},"modified":"2020-05-01T10:41:56","modified_gmt":"2020-05-01T08:41:56","slug":"instrukcja-tarcza-kryzysowa-2-0","status":"publish","type":"post","link":"https:\/\/podkarpacka.iarp.pl\/?p=4081","title":{"rendered":"Instrukcja &#8211; Tarcza kryzysowa 2.0"},"content":{"rendered":"<p>Szanowne Kole\u017canki i Koledzy,<\/p>\n<p>Poni\u017cej w linku odpowiedzi Ministerstwa Rozwoju udzielone na pisma Krajowej Rady Izby Architekt\u00f3w RP:<\/p>\n<p>1. pismo Pana Roberta Krzysztofa Nowickiego Podsekretarza Stanu z dnia 20 kwietnia 2020 r. ws. nadzoru autorskiego;<br \/>\n2. pismo Pana Roberta Krzysztofa Nowickiego Podsekretarza Stanu z dnia 16 kwietnia 2020 r. ws. sk\u0142adek cz\u0142onkowskich;<br \/>\n3. pismo Pana Przemys\u0142awa Grosfelda Zast\u0119pcy Dyrektora Departamentu Doskonalenia Regulacji Gospodarczych z dnia 15 kwietnia 2020 r. ws. um\u00f3w zawartych\u00a0 w trybie PZP.<\/p>\n<p>Link do wpisu: <a href=\"http:\/\/www.izbaarchitektow.pl\/pokaz.php?id=3242&amp;fbclid=IwAR0TAby5Jgstjg1BTV43R3dI0v2qjk2DDCVDXuGQVf6_CHh-Qo9JpBeLdyQ\" target=\"_blank\" rel=\"noopener noreferrer\">http:\/\/www.izbaarchitektow.pl\/pokaz.php?id=3242&amp;fbclid=IwAR0TAby5Jgstjg1BTV43R3dI0v2qjk2DDCVDXuGQVf6_CHh-Qo9JpBeLdyQ<\/a><\/p>\n<p>&nbsp;<\/p>\n<p>Instrukcja &#8211; Tarcza kryzysowa 2.0<\/p>\n<div>\n<div>\n<div id=\"m_-6309704649089223034gmail-m_1557113630651000558id_5ea41fb5a271d8440985004\">Najistotniejsze zmiany dotycz\u0105ce wykonywania zawodu architekta wprowadzone na mocy:\u279c Ustawy z dnia 16 kwietnia 2020 r. o\u00a0szczeg\u00f3lnych instrumentach wsparcia w zwi\u0105zku z rozprzestrzenianiem si\u0119 wirusa SARS-CoV-2 (tzw. Tarcza antykryzysowa 2.0.), oraz<br \/>\n\u279c Rozporz\u0105dzenia Rady Ministr\u00f3w z dnia 19 kwietnia 2020 r. w sprawie ustanowienia okre\u015blonych ogranicze\u0144, nakaz\u00f3w i zakaz\u00f3w w zwi\u0105zku z wyst\u0105pieniem stanu epidemii<\/p>\n<div>\n<p>Zawarto\u015b\u0107 instrukcji:<\/p>\n<ul>\n<li>\u00a0Rozszerzenie katalogu obiekt\u00f3w obj\u0119tych szybk\u0105 \u015bcie\u017ck\u0105 administracyjn\u0105<\/li>\n<li>\u00a0Zmiany w ustawie Prawo budowlane<\/li>\n<li>\u00a0Wyj\u0105tki dotycz\u0105ce wstrzymania biegu termin\u00f3w<\/li>\n<li>\u00a0Wyj\u0105tki co do milcz\u0105cego za\u0142atwienia sprawy oraz wyra\u017cenia stanowiska przez organ<\/li>\n<li>\u00a0Zrzeczenie si\u0119 prawa do czynnego udzia\u0142u w post\u0119powaniu<\/li>\n<li>\u00a0Zmiany w pozwoleniu na u\u017cytkowanie<\/li>\n<li>\u00a0Podejmowanie uchwa\u0142 organ\u00f3w kolegialnych samorz\u0105du zawodowego architekt\u00f3w<\/li>\n<li>\u00a0Pozwolenia na budow\u0119 i zg\u0142oszenia wydawane pomimo ogranicze\u0144 wprowadzonych w pracy urz\u0119d\u00f3w.<\/li>\n<\/ul>\n<p>Opracowane przez:<br \/>\n\u25aa\u00a0dr Magdalena W\u00f3\u0142kowska, Specjalista ds. Legislacji Krajowej Izby Architekt\u00f3w RP<br \/>\n\u25aa\u00a0arch. Grzegorz Jachym, cz\u0142onek Krajowej Rady Izby Architekt\u00f3w RP, Koordynator Komisji Prawa Inwestycyjnego, Przewodnicz\u0105cy Podkomisji Prawa Budowlanego<\/p>\n<\/div>\n<\/div>\n<\/div>\n<\/div>\n","protected":false},"excerpt":{"rendered":"<p>Szanowne Kole\u017canki i Koledzy, Poni\u017cej w linku odpowiedzi Ministerstwa Rozwoju udzielone na pisma Krajowej Rady Izby Architekt\u00f3w RP: 1. pismo Pana Roberta Krzysztofa Nowickiego Podsekretarza Stanu z dnia 20 kwietnia 2020 r. ws. nadzoru autorskiego; 2. pismo Pana Roberta Krzysztofa Nowickiego Podsekretarza Stanu z dnia 16 kwietnia 2020 r. ws. sk\u0142adek cz\u0142onkowskich; 3. pismo Pana [&hellip;]<\/p>\n","protected":false},"author":6,"featured_media":886,"comment_status":"closed","ping_status":"open","sticky":false,"template":"","format":"standard","meta":{"footnotes":""},"categories":[69],"tags":[],"class_list":["post-4081","post","type-post","status-publish","format-standard","has-post-thumbnail","hentry","category-aktualnosci"],"publishpress_future_action":{"enabled":false,"date":"2026-05-08 10:47:02","action":"change-status","newStatus":"draft","terms":[],"taxonomy":"category","extraData":[]},"publishpress_future_workflow_manual_trigger":{"enabledWorkflows":[]},"_links":{"self":[{"href":"https:\/\/podkarpacka.iarp.pl\/index.php?rest_route=\/wp\/v2\/posts\/4081","targetHints":{"allow":["GET"]}}],"collection":[{"href":"https:\/\/podkarpacka.iarp.pl\/index.php?rest_route=\/wp\/v2\/posts"}],"about":[{"href":"https:\/\/podkarpacka.iarp.pl\/index.php?rest_route=\/wp\/v2\/types\/post"}],"author":[{"embeddable":true,"href":"https:\/\/podkarpacka.iarp.pl\/index.php?rest_route=\/wp\/v2\/users\/6"}],"replies":[{"embeddable":true,"href":"https:\/\/podkarpacka.iarp.pl\/index.php?rest_route=%2Fwp%2Fv2%2Fcomments&post=4081"}],"version-history":[{"count":5,"href":"https:\/\/podkarpacka.iarp.pl\/index.php?rest_route=\/wp\/v2\/posts\/4081\/revisions"}],"predecessor-version":[{"id":4086,"href":"https:\/\/podkarpacka.iarp.pl\/index.php?rest_route=\/wp\/v2\/posts\/4081\/revisions\/4086"}],"wp:featuredmedia":[{"embeddable":true,"href":"https:\/\/podkarpacka.iarp.pl\/index.php?rest_route=\/wp\/v2\/media\/886"}],"wp:attachment":[{"href":"https:\/\/podkarpacka.iarp.pl\/index.php?rest_route=%2Fwp%2Fv2%2Fmedia&parent=4081"}],"wp:term":[{"taxonomy":"category","embeddable":true,"href":"https:\/\/podkarpacka.iarp.pl\/index.php?rest_route=%2Fwp%2Fv2%2Fcategories&post=4081"},{"taxonomy":"post_tag","embeddable":true,"href":"https:\/\/podkarpacka.iarp.pl\/index.php?rest_route=%2Fwp%2Fv2%2Ftags&post=4081"}],"curies":[{"name":"wp","href":"https:\/\/api.w.org\/{rel}","templated":true}]}}