{"id":4099,"date":"2020-06-29T22:48:43","date_gmt":"2020-06-29T20:48:43","guid":{"rendered":"http:\/\/podkarpacka.iarp.pl\/?p=4099"},"modified":"2020-06-29T22:48:43","modified_gmt":"2020-06-29T20:48:43","slug":"zapisy-na-ix-edycje-regat-architektow-2020","status":"publish","type":"post","link":"https:\/\/podkarpacka.iarp.pl\/?p=4099","title":{"rendered":"Zapisy na IX edycj\u0119 Regat Architekt\u00f3w 2020"},"content":{"rendered":"<p><strong>8 czerwca otworzyli\u015bmy dla architekt\u00f3w zapisy na IX edycj\u0119 <a href=\"http:\/\/regatyarchitektow.pl\/\" target=\"_blank\" rel=\"noopener noreferrer\">Regat Architekt\u00f3w 2020<\/a><\/strong><\/p>\n<p>Czy macie Pa\u0144stwo mo\u017cliwo\u015b\u0107 w zwi\u0105zku z Pa\u0144stwa Patronatem Honorowym nad tym wydarzeniem,<br \/>\nrozes\u0142ania informacji o zapisach do Pa\u0144stwa cz\u0142onk\u00f3w? B\u0119d\u0119 bardzo wdzi\u0119czny<br \/>\nza wsparcie tej idei, a materia\u0142 do mailingu mo\u017cemy opracowa\u0107 wg Waszych wytycznych.<\/p>\n<p><strong>Kto mo\u017ce si\u0119 zapisa\u0107 na wydarzenie?<\/strong><br \/>\nArchitekci \u017cegluj\u0105cy i chc\u0105cy rozpocz\u0105\u0107 swoj\u0105 przygod\u0119 z \u017ceglarstwem.<br \/>\n1,2,3 osobowe zg\u0142oszenia s\u0105 \u0142\u0105czone w za\u0142ogi 4-6 osobowe. Jest mo\u017cliwo\u015b\u0107<br \/>\nzg\u0142oszenia ca\u0142ej za\u0142ogi z\u0142o\u017conej z architekt\u00f3w z jednego b\u0105d\u017a wi\u0119kszej liczby biur.<\/p>\n<p>Jak jest na Regatach Architekt\u00f3w? Zdj\u0119cia z wszystkich edycji <a href=\"http:\/\/regatyarchitektow.pl\/galeria\/\" target=\"_blank\" rel=\"noopener noreferrer\">znajdziesz tutaj!<\/a><\/p>\n<p>11-13 wrze\u015bnia 2020 \/ Regaty Architekt\u00f3w<br \/>\n18-20 wrze\u015bnia 2020 \/ Regaty Architekt\u00f3w Wn\u0119trz<br \/>\nPatron Honorowy: Izba Architekt\u00f3w RP, Stowarzyszenie Architekt\u00f3w Polskich SARP<\/p>\n","protected":false},"excerpt":{"rendered":"<p>8 czerwca otworzyli\u015bmy dla architekt\u00f3w zapisy na IX edycj\u0119 Regat Architekt\u00f3w 2020 Czy macie Pa\u0144stwo mo\u017cliwo\u015b\u0107 w zwi\u0105zku z Pa\u0144stwa Patronatem Honorowym nad tym wydarzeniem, rozes\u0142ania informacji o zapisach do Pa\u0144stwa cz\u0142onk\u00f3w? B\u0119d\u0119 bardzo wdzi\u0119czny za wsparcie tej idei, a materia\u0142 do mailingu mo\u017cemy opracowa\u0107 wg Waszych wytycznych. Kto mo\u017ce si\u0119 zapisa\u0107 na wydarzenie? Architekci [&hellip;]<\/p>\n","protected":false},"author":6,"featured_media":860,"comment_status":"closed","ping_status":"open","sticky":false,"template":"","format":"standard","meta":{"footnotes":""},"categories":[69],"tags":[],"class_list":["post-4099","post","type-post","status-publish","format-standard","has-post-thumbnail","hentry","category-aktualnosci"],"publishpress_future_action":{"enabled":false,"date":"2026-05-08 10:47:59","action":"change-status","newStatus":"draft","terms":[],"taxonomy":"category","extraData":[]},"publishpress_future_workflow_manual_trigger":{"enabledWorkflows":[]},"_links":{"self":[{"href":"https:\/\/podkarpacka.iarp.pl\/index.php?rest_route=\/wp\/v2\/posts\/4099","targetHints":{"allow":["GET"]}}],"collection":[{"href":"https:\/\/podkarpacka.iarp.pl\/index.php?rest_route=\/wp\/v2\/posts"}],"about":[{"href":"https:\/\/podkarpacka.iarp.pl\/index.php?rest_route=\/wp\/v2\/types\/post"}],"author":[{"embeddable":true,"href":"https:\/\/podkarpacka.iarp.pl\/index.php?rest_route=\/wp\/v2\/users\/6"}],"replies":[{"embeddable":true,"href":"https:\/\/podkarpacka.iarp.pl\/index.php?rest_route=%2Fwp%2Fv2%2Fcomments&post=4099"}],"version-history":[{"count":3,"href":"https:\/\/podkarpacka.iarp.pl\/index.php?rest_route=\/wp\/v2\/posts\/4099\/revisions"}],"predecessor-version":[{"id":4102,"href":"https:\/\/podkarpacka.iarp.pl\/index.php?rest_route=\/wp\/v2\/posts\/4099\/revisions\/4102"}],"wp:featuredmedia":[{"embeddable":true,"href":"https:\/\/podkarpacka.iarp.pl\/index.php?rest_route=\/wp\/v2\/media\/860"}],"wp:attachment":[{"href":"https:\/\/podkarpacka.iarp.pl\/index.php?rest_route=%2Fwp%2Fv2%2Fmedia&parent=4099"}],"wp:term":[{"taxonomy":"category","embeddable":true,"href":"https:\/\/podkarpacka.iarp.pl\/index.php?rest_route=%2Fwp%2Fv2%2Fcategories&post=4099"},{"taxonomy":"post_tag","embeddable":true,"href":"https:\/\/podkarpacka.iarp.pl\/index.php?rest_route=%2Fwp%2Fv2%2Ftags&post=4099"}],"curies":[{"name":"wp","href":"https:\/\/api.w.org\/{rel}","templated":true}]}}