{"id":4113,"date":"2020-09-04T15:56:02","date_gmt":"2020-09-04T13:56:02","guid":{"rendered":"http:\/\/podkarpacka.iarp.pl\/?p=4113"},"modified":"2020-09-06T16:35:57","modified_gmt":"2020-09-06T14:35:57","slug":"12-09-2020-kongres-nowoczesnego-budownictwa","status":"publish","type":"post","link":"https:\/\/podkarpacka.iarp.pl\/?p=4113","title":{"rendered":"12.09.2020 &#8211; Kongres Nowoczesnego Budownictwa"},"content":{"rendered":"<p>Szanowne Kole\u017canki i Koledzy Architekci!<\/p>\n<p><strong>12 wrze\u015bnia 2020r w sobot\u0119 w sali \u00a0plenarnej G2A ARENA &#8211; Jasionka k\/Rzeszowa,\u00a0odb\u0119dzie si\u0119 Kongres Nowoczesnego Budownictwa<\/strong> pod patronatem <a href=\"https:\/\/www.facebook.com\/pkoia.rp\">Podkarpackiej Okr\u0119gowej Izby Architekt\u00f3w<\/a> oraz <a href=\"https:\/\/www.facebook.com\/PodkarpackaOIIB\/\">Podkarpackiej Okr\u0119gowej Izby In\u017cynier\u00f3w Budownictwa<\/a> i <a href=\"https:\/\/www.facebook.com\/PSPiDRN\/\">Podkarpackiego Stowarzyszenie Po\u015brednik\u00f3w i Doradc\u00f3w Rynku Nieruchomo\u015bci<\/a><\/p>\n<p>Kongres b\u0119dzie wydarzeniem towarzysz\u0105cym Targom HOME&amp;GARDEN \/GIE\u0141DA DOM\u00d3W I MIESZKA\u0143<\/p>\n<hr \/>\n<p>Temat kongresu: <strong>JAK PROJEKTANCI, DEWELOPERZY I WYKONAWCY MOG\u0104 ZWI\u0118KSZY\u0106<\/strong><br \/>\n<strong>KONKURENCYJNO\u015a\u0106 SWOJEJ FIRMY I OBNI\u017bY\u0106 KOSZTY.<\/strong><\/p>\n<hr \/>\n<p>Organizatorzy przewiduj\u0105 dwie mo\u017cliwo\u015bci udzia\u0142u &#8211; na miejscu oraz transmisj\u0119 online &#8211;&gt; <a href=\"https:\/\/www.youtube.com\/watch?v=_go4DqvZObs\">https:\/\/www.youtube.com\/watch?v=_go4DqvZObs<\/a><\/p>\n<p><strong>W ramach kongresu 12 wrze\u015bnia 2020 r. zostanie zorganizowane bezp\u0142atne Certyfikowane Szkolenie pt. &#8220;Dokumentacja kontraktowa BIM &#8211; jak mo\u017cliwie najlepiej zabezpieczy\u0107 interesy swojej organizacji.&#8221;<\/strong><\/p>\n<p>Szczeg\u00f3\u0142y wydarzenia, agenda oraz rejestracja (obowi\u0105zkowa) w linku poni\u017cej:<\/p>\n<blockquote class=\"wp-embedded-content\" data-secret=\"UaRFktg2cy\"><p><a href=\"https:\/\/targirzeszowskie.pl\/pl\/knb\/\">Kongres Nowoczesnego Budownictwa<\/a><\/p><\/blockquote>\n<p><iframe loading=\"lazy\" class=\"wp-embedded-content\" sandbox=\"allow-scripts\" security=\"restricted\" style=\"position: absolute; clip: rect(1px, 1px, 1px, 1px);\" title=\"&#8222;Kongres Nowoczesnego Budownictwa&#8221; &#8212; Mi\u0119dzynarodowe Targi Rzeszowskie\" src=\"https:\/\/targirzeszowskie.pl\/pl\/knb\/embed\/#?secret=UaRFktg2cy\" data-secret=\"UaRFktg2cy\" width=\"600\" height=\"338\" frameborder=\"0\" marginwidth=\"0\" marginheight=\"0\" scrolling=\"no\"><\/iframe><\/p>\n<hr \/>\n<p>Organizatorami Kongresu s\u0105:<\/p>\n<p>GRAITEC, MTR Mi\u0119dzynarodowe Targi Rzeszowskie, SAGIER<\/p>\n","protected":false},"excerpt":{"rendered":"<p>Szanowne Kole\u017canki i Koledzy Architekci! 12 wrze\u015bnia 2020r w sobot\u0119 w sali \u00a0plenarnej G2A ARENA &#8211; Jasionka k\/Rzeszowa,\u00a0odb\u0119dzie si\u0119 Kongres Nowoczesnego Budownictwa pod patronatem Podkarpackiej Okr\u0119gowej Izby Architekt\u00f3w oraz Podkarpackiej Okr\u0119gowej Izby In\u017cynier\u00f3w Budownictwa i Podkarpackiego Stowarzyszenie Po\u015brednik\u00f3w i Doradc\u00f3w Rynku Nieruchomo\u015bci Kongres b\u0119dzie wydarzeniem towarzysz\u0105cym Targom HOME&amp;GARDEN \/GIE\u0141DA DOM\u00d3W I MIESZKA\u0143 Temat kongresu: JAK [&hellip;]<\/p>\n","protected":false},"author":7,"featured_media":4120,"comment_status":"closed","ping_status":"open","sticky":false,"template":"","format":"standard","meta":{"footnotes":""},"categories":[1],"tags":[],"class_list":["post-4113","post","type-post","status-publish","format-standard","has-post-thumbnail","hentry","category-bez-kategorii"],"publishpress_future_action":{"enabled":false,"date":"2026-05-06 06:53:21","action":"change-status","newStatus":"draft","terms":[],"taxonomy":"category","extraData":[]},"publishpress_future_workflow_manual_trigger":{"enabledWorkflows":[]},"_links":{"self":[{"href":"https:\/\/podkarpacka.iarp.pl\/index.php?rest_route=\/wp\/v2\/posts\/4113","targetHints":{"allow":["GET"]}}],"collection":[{"href":"https:\/\/podkarpacka.iarp.pl\/index.php?rest_route=\/wp\/v2\/posts"}],"about":[{"href":"https:\/\/podkarpacka.iarp.pl\/index.php?rest_route=\/wp\/v2\/types\/post"}],"author":[{"embeddable":true,"href":"https:\/\/podkarpacka.iarp.pl\/index.php?rest_route=\/wp\/v2\/users\/7"}],"replies":[{"embeddable":true,"href":"https:\/\/podkarpacka.iarp.pl\/index.php?rest_route=%2Fwp%2Fv2%2Fcomments&post=4113"}],"version-history":[{"count":7,"href":"https:\/\/podkarpacka.iarp.pl\/index.php?rest_route=\/wp\/v2\/posts\/4113\/revisions"}],"predecessor-version":[{"id":4121,"href":"https:\/\/podkarpacka.iarp.pl\/index.php?rest_route=\/wp\/v2\/posts\/4113\/revisions\/4121"}],"wp:featuredmedia":[{"embeddable":true,"href":"https:\/\/podkarpacka.iarp.pl\/index.php?rest_route=\/wp\/v2\/media\/4120"}],"wp:attachment":[{"href":"https:\/\/podkarpacka.iarp.pl\/index.php?rest_route=%2Fwp%2Fv2%2Fmedia&parent=4113"}],"wp:term":[{"taxonomy":"category","embeddable":true,"href":"https:\/\/podkarpacka.iarp.pl\/index.php?rest_route=%2Fwp%2Fv2%2Fcategories&post=4113"},{"taxonomy":"post_tag","embeddable":true,"href":"https:\/\/podkarpacka.iarp.pl\/index.php?rest_route=%2Fwp%2Fv2%2Ftags&post=4113"}],"curies":[{"name":"wp","href":"https:\/\/api.w.org\/{rel}","templated":true}]}}