{"id":4123,"date":"2020-10-01T21:00:38","date_gmt":"2020-10-01T19:00:38","guid":{"rendered":"http:\/\/podkarpacka.iarp.pl\/?p=4123"},"modified":"2020-10-01T21:04:17","modified_gmt":"2020-10-01T19:04:17","slug":"planowanie-i-organizacja-czasu-pracy-w-zawodzie-architekta","status":"publish","type":"post","link":"https:\/\/podkarpacka.iarp.pl\/?p=4123","title":{"rendered":"08-10-2020r. Szkolenie: &#8220;Planowanie i organizacja czasu pracy w zawodzie architekta&#8221;"},"content":{"rendered":"<p>Podkarpacka Okr\u0119gowa Izba Architekt\u00f3w RP zaprasza swoich cz\u0142onk\u00f3w na bezp\u0142atne szkolenie IARP pt. <strong>\u201cPlanowanie i organizacja czasu pracy w zawodzie architekta&#8221;<\/strong>. Spotkanie b\u0119dzie mia\u0142o charakter zdalny i odb\u0119dzie si\u0119 w formie wideo &#8211; warsztat\u00f3w, w dniu 08-10-2020r. (czwartek), w godzinach 15:00 &#8211; 18:00.<\/p>\n<p>Prowadz\u0105cym b\u0119dzie pani Kinga Wdowicka (Coach ICC, Mentor, Trener biznesu), kt\u00f3ra realizowa\u0142a z nami podobne zaj\u0119cia z kompetencji mi\u0119kkich.Przekazujemy adres do rejestracji na stronie IARP oraz szczeg\u00f3\u0142owy program <a href=\"https:\/\/szkolenia.iarp.pl\/szkolenie\/897\">https:\/\/szkolenia.iarp.pl\/szkolenie\/897<\/a> Prosimy o zapisy najp\u00f3\u017aniej <strong>do \u015brody (do godz. 12:00 w dn. 07-10-2020r.)<\/strong>, aby przed szkoleniem prowadz\u0105ca mog\u0142a przes\u0142a\u0107 instrukcje, a przed rozpocz\u0119ciem warsztat\u00f3w wys\u0142a\u0107 link z zaproszeniem (komunikacja przy pomocy programu ZOOM, kt\u00f3ry nie wymaga wcze\u015bniejszego instalowania).<\/p>\n<p>&nbsp;<\/p>\n<p><strong>UWAGA<\/strong><\/p>\n<p><strong>Zarejestrowanie si\u0119 na szkolenie jest r\u00f3wnocze\u015bnie wyra\u017ceniem (udzieleniem) zgody uczestnika dla Podkarpackiej Okr\u0119gowej Izby Architekt\u00f3w RP na udost\u0119pnienie prowadz\u0105cej adresu mejlowego, w celu przeprowadzenia warsztat\u00f3w.<\/strong><\/p>\n<p>&nbsp;<\/p>\n<p>Zapraszamy<\/p>\n<p>Biuro PKOIA RP<\/p>\n<p>Anna Horska<\/p>\n","protected":false},"excerpt":{"rendered":"<p>Podkarpacka Okr\u0119gowa Izba Architekt\u00f3w RP zaprasza swoich cz\u0142onk\u00f3w na bezp\u0142atne szkolenie IARP pt. \u201cPlanowanie i organizacja czasu pracy w zawodzie architekta&#8221;. Spotkanie b\u0119dzie mia\u0142o charakter zdalny i odb\u0119dzie si\u0119 w formie wideo &#8211; warsztat\u00f3w, w dniu 08-10-2020r. (czwartek), w godzinach 15:00 &#8211; 18:00. Prowadz\u0105cym b\u0119dzie pani Kinga Wdowicka (Coach ICC, Mentor, Trener biznesu), kt\u00f3ra realizowa\u0142a [&hellip;]<\/p>\n","protected":false},"author":6,"featured_media":861,"comment_status":"closed","ping_status":"open","sticky":false,"template":"","format":"standard","meta":{"footnotes":""},"categories":[69,57],"tags":[],"class_list":["post-4123","post","type-post","status-publish","format-standard","has-post-thumbnail","hentry","category-aktualnosci","category-szkolenia"],"publishpress_future_action":{"enabled":false,"date":"2026-05-05 00:34:14","action":"change-status","newStatus":"draft","terms":[],"taxonomy":"category","extraData":[]},"publishpress_future_workflow_manual_trigger":{"enabledWorkflows":[]},"_links":{"self":[{"href":"https:\/\/podkarpacka.iarp.pl\/index.php?rest_route=\/wp\/v2\/posts\/4123","targetHints":{"allow":["GET"]}}],"collection":[{"href":"https:\/\/podkarpacka.iarp.pl\/index.php?rest_route=\/wp\/v2\/posts"}],"about":[{"href":"https:\/\/podkarpacka.iarp.pl\/index.php?rest_route=\/wp\/v2\/types\/post"}],"author":[{"embeddable":true,"href":"https:\/\/podkarpacka.iarp.pl\/index.php?rest_route=\/wp\/v2\/users\/6"}],"replies":[{"embeddable":true,"href":"https:\/\/podkarpacka.iarp.pl\/index.php?rest_route=%2Fwp%2Fv2%2Fcomments&post=4123"}],"version-history":[{"count":5,"href":"https:\/\/podkarpacka.iarp.pl\/index.php?rest_route=\/wp\/v2\/posts\/4123\/revisions"}],"predecessor-version":[{"id":4161,"href":"https:\/\/podkarpacka.iarp.pl\/index.php?rest_route=\/wp\/v2\/posts\/4123\/revisions\/4161"}],"wp:featuredmedia":[{"embeddable":true,"href":"https:\/\/podkarpacka.iarp.pl\/index.php?rest_route=\/wp\/v2\/media\/861"}],"wp:attachment":[{"href":"https:\/\/podkarpacka.iarp.pl\/index.php?rest_route=%2Fwp%2Fv2%2Fmedia&parent=4123"}],"wp:term":[{"taxonomy":"category","embeddable":true,"href":"https:\/\/podkarpacka.iarp.pl\/index.php?rest_route=%2Fwp%2Fv2%2Fcategories&post=4123"},{"taxonomy":"post_tag","embeddable":true,"href":"https:\/\/podkarpacka.iarp.pl\/index.php?rest_route=%2Fwp%2Fv2%2Ftags&post=4123"}],"curies":[{"name":"wp","href":"https:\/\/api.w.org\/{rel}","templated":true}]}}