{"id":4144,"date":"2020-11-12T17:18:46","date_gmt":"2020-11-12T15:18:46","guid":{"rendered":"http:\/\/podkarpacka.iarp.pl\/?p=4144"},"modified":"2020-11-18T17:24:38","modified_gmt":"2020-11-18T15:24:38","slug":"egzamin-planowany-na-4-12-2020-r-zostal-odwolany-na-podstawie-uchwaly-nr-6-2020-krajowej-komisji-kwalifikacyjnej","status":"publish","type":"post","link":"https:\/\/podkarpacka.iarp.pl\/?p=4144","title":{"rendered":"Egzamin planowany na 4.12.2020 r. zosta\u0142 odwo\u0142any na podstawie Uchwa\u0142y nr 6\/2020 Krajowej Komisji Kwalifikacyjnej"},"content":{"rendered":"<p>Szanowni Pa\u0144stwo,<\/p>\n<p><span style=\"color: #ff0000;\"><strong>Egzamin planowany na 4.12.2020 r. zosta\u0142 odwo\u0142any na podstawie Uchwa\u0142y nr 6\/2020 Krajowej Komisji Kwalifikacyjnej Izby Architekt\u00f3w RP z dnia 10 listopada 2020 r.<\/strong><\/span><\/p>\n<p>W zwi\u0105zku z zagro\u017ceniem epidemicznym oraz ustanowieniem przez Rad\u0119 Ministr\u00f3w zakaz\u00f3w organizacji zgromadze\u0144 odwo\u0142uje si\u0119 sesj\u0119 zimow\u0105 egzaminu na uprawnienia budowlane w specjalno\u015bci architektonicznej w roku 2020, kt\u00f3rej planowany termin wyznaczono na dzie\u0144 4 grudnia 2020 r.<br \/>\nOsobom, kt\u00f3re z\u0142o\u017cy\u0142y wnioski o przeprowadzenie post\u0119powania kwalifikacyjnego w ramach sesji zimowej, o kt\u00f3rej mowa w ust. 1 i wnios\u0142y op\u0142at\u0119 z tytu\u0142u post\u0119powania kwalifikacyjnego oraz op\u0142at\u0119 z tytu\u0142u przeprowadzenia egzaminu, a nast\u0119pnie na skutek odwo\u0142ania sesji zimowej wycofa\u0142y sw\u00f3j wniosek, op\u0142ata zostanie zwr\u00f3cona wy\u0142\u0105cznie w cz\u0119\u015bci op\u0142aty za przeprowadzenie egzaminu.<br \/>\nOsoby, kt\u00f3re nie wycofa\u0142y wniosk\u00f3w i przesz\u0142y pozytywnie procedur\u0119 kwalifikacji, b\u0119d\u0105 egzaminowane w ramach najbli\u017cszej sesji egzaminacyjnej.<br \/>\nTermin najbli\u017cszej sesji egzaminacyjnej zostanie podany do publicznej wiadomo\u015bci niezw\u0142ocznie po jego ustaleniu.<\/p>\n","protected":false},"excerpt":{"rendered":"<p>Szanowni Pa\u0144stwo, Egzamin planowany na 4.12.2020 r. zosta\u0142 odwo\u0142any na podstawie Uchwa\u0142y nr 6\/2020 Krajowej Komisji Kwalifikacyjnej Izby Architekt\u00f3w RP z dnia 10 listopada 2020 r. W zwi\u0105zku z zagro\u017ceniem epidemicznym oraz ustanowieniem przez Rad\u0119 Ministr\u00f3w zakaz\u00f3w organizacji zgromadze\u0144 odwo\u0142uje si\u0119 sesj\u0119 zimow\u0105 egzaminu na uprawnienia budowlane w specjalno\u015bci architektonicznej w roku 2020, kt\u00f3rej planowany [&hellip;]<\/p>\n","protected":false},"author":7,"featured_media":4145,"comment_status":"closed","ping_status":"open","sticky":false,"template":"","format":"standard","meta":{"footnotes":""},"categories":[56],"tags":[],"class_list":["post-4144","post","type-post","status-publish","format-standard","has-post-thumbnail","hentry","category-informacje-rady"],"publishpress_future_action":{"enabled":false,"date":"2026-05-08 10:46:32","action":"change-status","newStatus":"draft","terms":[],"taxonomy":"category","extraData":[]},"publishpress_future_workflow_manual_trigger":{"enabledWorkflows":[]},"_links":{"self":[{"href":"https:\/\/podkarpacka.iarp.pl\/index.php?rest_route=\/wp\/v2\/posts\/4144","targetHints":{"allow":["GET"]}}],"collection":[{"href":"https:\/\/podkarpacka.iarp.pl\/index.php?rest_route=\/wp\/v2\/posts"}],"about":[{"href":"https:\/\/podkarpacka.iarp.pl\/index.php?rest_route=\/wp\/v2\/types\/post"}],"author":[{"embeddable":true,"href":"https:\/\/podkarpacka.iarp.pl\/index.php?rest_route=\/wp\/v2\/users\/7"}],"replies":[{"embeddable":true,"href":"https:\/\/podkarpacka.iarp.pl\/index.php?rest_route=%2Fwp%2Fv2%2Fcomments&post=4144"}],"version-history":[{"count":2,"href":"https:\/\/podkarpacka.iarp.pl\/index.php?rest_route=\/wp\/v2\/posts\/4144\/revisions"}],"predecessor-version":[{"id":4148,"href":"https:\/\/podkarpacka.iarp.pl\/index.php?rest_route=\/wp\/v2\/posts\/4144\/revisions\/4148"}],"wp:featuredmedia":[{"embeddable":true,"href":"https:\/\/podkarpacka.iarp.pl\/index.php?rest_route=\/wp\/v2\/media\/4145"}],"wp:attachment":[{"href":"https:\/\/podkarpacka.iarp.pl\/index.php?rest_route=%2Fwp%2Fv2%2Fmedia&parent=4144"}],"wp:term":[{"taxonomy":"category","embeddable":true,"href":"https:\/\/podkarpacka.iarp.pl\/index.php?rest_route=%2Fwp%2Fv2%2Fcategories&post=4144"},{"taxonomy":"post_tag","embeddable":true,"href":"https:\/\/podkarpacka.iarp.pl\/index.php?rest_route=%2Fwp%2Fv2%2Ftags&post=4144"}],"curies":[{"name":"wp","href":"https:\/\/api.w.org\/{rel}","templated":true}]}}