{"id":4153,"date":"2020-12-01T11:11:16","date_gmt":"2020-12-01T09:11:16","guid":{"rendered":"http:\/\/podkarpacka.iarp.pl\/?p=4153"},"modified":"2020-12-23T15:17:22","modified_gmt":"2020-12-23T13:17:22","slug":"konkurs-dla-dzieci-na-architektoniczna-ozdobe-swiateczna-dzieciece-archi-christmas-2020","status":"publish","type":"post","link":"https:\/\/podkarpacka.iarp.pl\/?p=4153","title":{"rendered":"Konkurs dla dzieci na architektoniczn\u0105 ozdob\u0119 \u015bwi\u0105teczn\u0105 &#8211; &#8220;Dzieci\u0119ce Archi \u2013 Christmas 2020\u201d."},"content":{"rendered":"<p><strong><b>Dziewczynki i Ch\u0142opcy!<\/b><\/strong><\/p>\n<p>Pomimo trudnej sytuacji, po raz kolejny kierujemy do Was zaproszenie do wsp\u00f3lnej zabawy. Je\u017celi je otrzymali\u015bcie to oznacza, \u017ce kto\u015b z Waszych bliskich (Mama, Tata, Babcia, Dziadek, a mo\u017ce Siostra, Brat, Ciocia lub Wujek) s\u0105 architektami. A mo\u017ce wszyscy wraz \ud83d\ude42<\/p>\n<p>Moi drodzy &#8211; ju\u017c za 4 tygodnie najpi\u0119kniejsze w roku \u015awi\u0119ta: &#8220;Bo\u017cego Narodzenia&#8221;.<\/p>\n<p>Ka\u017cdy z Was w swoim domu b\u0119dzie ubiera\u0107 \u015bwi\u0105teczne drzewka- choinki.<\/p>\n<p><span style=\"text-decoration: underline;\"><strong>W tym roku, tak jak w poprzednich, przystroimy nasz\u0105 Izbow\u0105 choink\u0119 Waszymi ozdobami!\u00a0<\/strong><\/span><\/p>\n<p>Przez chwilk\u0119 pobawcie si\u0119 w architekt\u00f3w i &#8220;zaprojektujcie&#8221; dla nas pi\u0119kne ozdoby choinkowe!<\/p>\n<p>Waszymi ozdobami mo\u017ce by\u0107 wszystko, co mo\u017cna powiesi\u0107 na choince \u015bwi\u0105tecznej: ba\u0144ka, anio\u0142ek, szopka, \u0142a\u0144cuch, figurka, zabawka- na co tylko pozwoli Wam wasza dzieci\u0119ca wyobra\u017ania. )<\/p>\n<p>Nie narzucamy Wam techniki wykonania ozdoby. Mo\u017ce to by\u0107: papier, bibu\u0142a, kartonik, tektura, sklejka, plastelina, patyczki, druciki, tkanina, koraliki itp.<\/p>\n<p>U\u017cyjcie swojej wyobra\u017ani &#8220;ma\u0142ych architekt\u00f3w&#8221;. Sprawd\u017acie czy bycie architektem to takie proste zadanie \ud83d\ude09 Dzieciaki &#8211; na przygotowanie architektonicznej ozdoby \u015bwi\u0105tecznej <u>macie ca\u0142e trzy tygodnie grudnia! <\/u>To bardzo du\u017co czasu.<\/p>\n<p>Przygotowan\u0105, <strong><u><b>podpisan\u0105 Waszym imieniem i nazwiskiem oraz podanym wiekiem<\/b><\/u><\/strong>\u00a0ozdob\u0119 \u015bwi\u0105teczn\u0105 przywie\u017acie wraz ze swoim doros\u0142ym architektem (Mam\u0105, Tata, Babci\u0105, Dziadziem, Cioci\u0105 czy Wujkiem) do naszego biura Podkarpackiej Okr\u0119gowej Izby Architekt\u00f3w i SARP o. Rzesz\u00f3w &#8211; Rzesz\u00f3w i ul. Rynek. <strong><u><b>Czekamy na Wasze dzie\u0142a do 18 grudnia!<\/b><\/u><\/strong><br \/>\n<b><\/b><\/p>\n<p><span style=\"color: #ff0000;\"><span style=\"color: #ff0000;\"><b>W siedzibie Izby b\u0119dzie Was czeka\u0142a \u015bwi\u0105teczna choinka. Wieszanie ozd\u00f3b odb\u0119dzie si\u0119 ca\u0142kowicie bezpiecznie, w hallu g\u0142\u00f3wnym Izby, z zachowaniem wszelkich zasad i norm stosowanych w sytuacji pandemii. <\/b><\/span><\/span><\/p>\n<p><span style=\"color: #ff0000;\"><span style=\"color: #ff0000;\"><b>Przynosicie ozdob\u0119, wieszacie i GOTOWE!<\/b><\/span><\/span><\/p>\n<p><span style=\"color: #ff0000;\"><strong><b>A teraz uwaga! <\/b><\/strong><\/span><\/p>\n<p>Ozdob\u0119 zawieszacie w miejscu powieszonych niespodzianek &#8211; s\u0142odyczy. S\u0142odycze b\u0119d\u0105 r\u00f3\u017cne wi\u0119c kto szybciej przywiezie ozdob\u0119 b\u0119dzie mia\u0142 ich wi\u0119kszy wyb\u00f3r \ud83d\ude42 To taka malutka nagroda za wykonan\u0105 prac\u0119.<\/p>\n<p>Wasze pi\u0119kne prace oceni p\u00f3\u017aniej profesjonalne jury doros\u0142ych architekt\u00f3w, kt\u00f3re wybierze najpi\u0119kniejsz\u0105 architektoniczn\u0105 ozdob\u0119 \u015bwi\u0105teczn\u0105 na 2020r.<\/p>\n<p><span style=\"color: #ff0000;\"><strong><b>B\u0119d\u0105 TRZY nagrody!<br \/>\nWykonane prace zostan\u0105 sfotografowane i umieszczone w Galerii na Fanpage naszej Izby<\/b><\/strong><\/span><\/p>\n<p><span style=\"color: #ff0000;\"><strong><b>Zdj\u0119cia zwyci\u0119skich ozd\u00f3b umie\u015bcimy na naszych \u015bwi\u0105tecznych karteczkach z \u017cyczeniami, kt\u00f3re rozsy\u0142amy do wszystkich architekt\u00f3w z ca\u0142ego Podkarpacia, wa\u017cnych instytucji, os\u00f3b oraz naszych biur w ca\u0142ej Polsce.<\/b><\/strong><\/span><\/p>\n<p><strong><b>B\u0119d\u0105 tak\u017ce nagrody niespodzianki!<\/b><\/strong><\/p>\n<p><span style=\"text-decoration: underline;\"><strong>Og\u0142oszenie wynik\u00f3w konkursu-nast\u0105pi w dniu 21 grudnia 2020r. poprzez publikacj\u0119 informacji na stronach www PKOIA oraz SARP o. Rzesz\u00f3w oraz FB.<\/strong><\/span><\/p>\n<p>Nagrody zostan\u0105 wys\u0142ane poczt\u0105 lub w inny dogodny, ustalony z Opiekunem Uczestnika spos\u00f3b<\/p>\n<p>Do dzie\u0142a!<\/p>\n<p><a href=\"https:\/\/podkarpacka.iarp.pl\/wp-content\/uploads\/2020\/12\/Regulamin-konkursu-Archi-Christmas-2020.pdf\">Regulamin konkursu Dzieci\u0119ce ARCHI- CHRISTMAS 2020 &#8211; do pobrania<\/a><\/p>\n","protected":false},"excerpt":{"rendered":"<p>Dziewczynki i Ch\u0142opcy! Pomimo trudnej sytuacji, po raz kolejny kierujemy do Was zaproszenie do wsp\u00f3lnej zabawy. Je\u017celi je otrzymali\u015bcie to oznacza, \u017ce kto\u015b z Waszych bliskich (Mama, Tata, Babcia, Dziadek, a mo\u017ce Siostra, Brat, Ciocia lub Wujek) s\u0105 architektami. A mo\u017ce wszyscy wraz \ud83d\ude42 Moi drodzy &#8211; ju\u017c za 4 tygodnie najpi\u0119kniejsze w roku \u015awi\u0119ta: [&hellip;]<\/p>\n","protected":false},"author":6,"featured_media":4220,"comment_status":"closed","ping_status":"open","sticky":false,"template":"","format":"standard","meta":{"footnotes":""},"categories":[62],"tags":[],"class_list":["post-4153","post","type-post","status-publish","format-standard","has-post-thumbnail","hentry","category-konkursy"],"publishpress_future_action":{"enabled":false,"date":"2026-05-05 04:47:00","action":"change-status","newStatus":"draft","terms":[],"taxonomy":"category","extraData":[]},"publishpress_future_workflow_manual_trigger":{"enabledWorkflows":[]},"_links":{"self":[{"href":"https:\/\/podkarpacka.iarp.pl\/index.php?rest_route=\/wp\/v2\/posts\/4153","targetHints":{"allow":["GET"]}}],"collection":[{"href":"https:\/\/podkarpacka.iarp.pl\/index.php?rest_route=\/wp\/v2\/posts"}],"about":[{"href":"https:\/\/podkarpacka.iarp.pl\/index.php?rest_route=\/wp\/v2\/types\/post"}],"author":[{"embeddable":true,"href":"https:\/\/podkarpacka.iarp.pl\/index.php?rest_route=\/wp\/v2\/users\/6"}],"replies":[{"embeddable":true,"href":"https:\/\/podkarpacka.iarp.pl\/index.php?rest_route=%2Fwp%2Fv2%2Fcomments&post=4153"}],"version-history":[{"count":6,"href":"https:\/\/podkarpacka.iarp.pl\/index.php?rest_route=\/wp\/v2\/posts\/4153\/revisions"}],"predecessor-version":[{"id":4221,"href":"https:\/\/podkarpacka.iarp.pl\/index.php?rest_route=\/wp\/v2\/posts\/4153\/revisions\/4221"}],"wp:featuredmedia":[{"embeddable":true,"href":"https:\/\/podkarpacka.iarp.pl\/index.php?rest_route=\/wp\/v2\/media\/4220"}],"wp:attachment":[{"href":"https:\/\/podkarpacka.iarp.pl\/index.php?rest_route=%2Fwp%2Fv2%2Fmedia&parent=4153"}],"wp:term":[{"taxonomy":"category","embeddable":true,"href":"https:\/\/podkarpacka.iarp.pl\/index.php?rest_route=%2Fwp%2Fv2%2Fcategories&post=4153"},{"taxonomy":"post_tag","embeddable":true,"href":"https:\/\/podkarpacka.iarp.pl\/index.php?rest_route=%2Fwp%2Fv2%2Ftags&post=4153"}],"curies":[{"name":"wp","href":"https:\/\/api.w.org\/{rel}","templated":true}]}}