{"id":4170,"date":"2020-12-09T11:26:51","date_gmt":"2020-12-09T09:26:51","guid":{"rendered":"http:\/\/podkarpacka.iarp.pl\/?p=4170"},"modified":"2020-12-09T11:27:52","modified_gmt":"2020-12-09T09:27:52","slug":"zmarl-nasz-kolega-arch-robert-pelc","status":"publish","type":"post","link":"https:\/\/podkarpacka.iarp.pl\/?p=4170","title":{"rendered":"Zmar\u0142 nasz Kolega arch. Robert Pelc"},"content":{"rendered":"<h2 style=\"font-weight: 400;\"><strong>Z wielkim \u017calem i smutkiem informujemy<\/strong><\/h2>\n<h2 style=\"font-weight: 400;\"><strong>W dniu 7 grudnia 2020 roku, w wieku 54 lat odszed\u0142 od nas kolega architekt Robert Pelc.<\/strong><\/h2>\n<h3 style=\"font-weight: 400;\">Uroczysto\u015bci pogrzebowe odb\u0119d\u0105 si\u0119 w dniu 11 grudnia 2020 roku o godzinie 14-tej w ko\u015bciele w Zaczerniu.<\/h3>\n<p>&nbsp;<\/p>\n<p>Podkarpacka Okr\u0119gowa Izba Architekt\u00f3w<\/p>\n","protected":false},"excerpt":{"rendered":"<p>Z wielkim \u017calem i smutkiem informujemy W dniu 7 grudnia 2020 roku, w wieku 54 lat odszed\u0142 od nas kolega architekt Robert Pelc. Uroczysto\u015bci pogrzebowe odb\u0119d\u0105 si\u0119 w dniu 11 grudnia 2020 roku o godzinie 14-tej w ko\u015bciele w Zaczerniu. &nbsp; Podkarpacka Okr\u0119gowa Izba Architekt\u00f3w<\/p>\n","protected":false},"author":6,"featured_media":1613,"comment_status":"closed","ping_status":"open","sticky":false,"template":"","format":"standard","meta":{"footnotes":""},"categories":[1,56],"tags":[],"class_list":["post-4170","post","type-post","status-publish","format-standard","has-post-thumbnail","hentry","category-bez-kategorii","category-informacje-rady"],"publishpress_future_action":{"enabled":false,"date":"2026-05-06 06:37:35","action":"change-status","newStatus":"draft","terms":[],"taxonomy":"category","extraData":[]},"publishpress_future_workflow_manual_trigger":{"enabledWorkflows":[]},"_links":{"self":[{"href":"https:\/\/podkarpacka.iarp.pl\/index.php?rest_route=\/wp\/v2\/posts\/4170","targetHints":{"allow":["GET"]}}],"collection":[{"href":"https:\/\/podkarpacka.iarp.pl\/index.php?rest_route=\/wp\/v2\/posts"}],"about":[{"href":"https:\/\/podkarpacka.iarp.pl\/index.php?rest_route=\/wp\/v2\/types\/post"}],"author":[{"embeddable":true,"href":"https:\/\/podkarpacka.iarp.pl\/index.php?rest_route=\/wp\/v2\/users\/6"}],"replies":[{"embeddable":true,"href":"https:\/\/podkarpacka.iarp.pl\/index.php?rest_route=%2Fwp%2Fv2%2Fcomments&post=4170"}],"version-history":[{"count":4,"href":"https:\/\/podkarpacka.iarp.pl\/index.php?rest_route=\/wp\/v2\/posts\/4170\/revisions"}],"predecessor-version":[{"id":4342,"href":"https:\/\/podkarpacka.iarp.pl\/index.php?rest_route=\/wp\/v2\/posts\/4170\/revisions\/4342"}],"wp:featuredmedia":[{"embeddable":true,"href":"https:\/\/podkarpacka.iarp.pl\/index.php?rest_route=\/wp\/v2\/media\/1613"}],"wp:attachment":[{"href":"https:\/\/podkarpacka.iarp.pl\/index.php?rest_route=%2Fwp%2Fv2%2Fmedia&parent=4170"}],"wp:term":[{"taxonomy":"category","embeddable":true,"href":"https:\/\/podkarpacka.iarp.pl\/index.php?rest_route=%2Fwp%2Fv2%2Fcategories&post=4170"},{"taxonomy":"post_tag","embeddable":true,"href":"https:\/\/podkarpacka.iarp.pl\/index.php?rest_route=%2Fwp%2Fv2%2Ftags&post=4170"}],"curies":[{"name":"wp","href":"https:\/\/api.w.org\/{rel}","templated":true}]}}