{"id":4174,"date":"2020-12-28T11:23:08","date_gmt":"2020-12-28T09:23:08","guid":{"rendered":"http:\/\/podkarpacka.iarp.pl\/?p=4174"},"modified":"2020-12-23T14:38:27","modified_gmt":"2020-12-23T12:38:27","slug":"final-x-edycji-konkursu-dla-dzieci-iv-klas-szkol-podstawowych-dom-moich-marzen","status":"publish","type":"post","link":"https:\/\/podkarpacka.iarp.pl\/?p=4174","title":{"rendered":"Fina\u0142 X edycji konkursu dla dzieci IV klas szk\u00f3\u0142 podstawowych \u2013 \u201eDOM MOICH MARZE\u0143\u201d"},"content":{"rendered":"<h3>Fina\u0142 X edycji konkursu dla dzieci IV klas szk\u00f3\u0142 podstawowych \u2013 \u201eDOM MOICH MARZE\u0143\u201d<\/h3>\n<p>&nbsp;<\/p>\n<p>Rozstrzygni\u0119ty zosta\u0142 konkurs plastyczny \u201eDom moich marze\u0144\u201d zorganizowany<br \/>\nw ramach X edycji Dnia Edukacji Architektonicznej dla szk\u00f3\u0142 podstawowych z wojew\u00f3dztwa podkarpackiego.<\/p>\n<p>Ch\u0119\u0107 udzia\u0142u w konkursie wyrazi\u0142o 18 szk\u00f3\u0142 z regionu. W tej edycji seri\u0119 prezentacji multimedialnych opisuj\u0105cych ide\u0119 domu, histori\u0119 budowania oraz rol\u0119 architektury w \u017cyciu cz\u0142owieka przeprowadzili nauczyciele prowadz\u0105cy zaj\u0119cia na lekcjach plastyki.<\/p>\n<p>Dnia 17 grudnia 2020r odby\u0142y si\u0119 wnikliwe a zrazem burzliwe obrady jury X edycji konkursu dla dzieci \u201e Dom moich marze\u0144\u201d na kt\u00f3re wp\u0142yn\u0119\u0142o 133 interesuj\u0105cych prac.<\/p>\n<p>&nbsp;<\/p>\n<p>Przyznano 20 nagr\u00f3d g\u0142\u00f3wnych oraz 31 wyr\u00f3\u017cnie\u0144 indywidualnych. Nagrody zostan\u0105 przes\u0142ane laureatom na adres szko\u0142y. Wy\u0142onione prace umieszczone zostan\u0105 na kalendarzu, kt\u00f3rym obdarujemy wszystkich uczestnik\u00f3w konkursu.<\/p>\n<p>&nbsp;<\/p>\n<p>Dzi\u0119kujemy za udzia\u0142 w konkursie i serdecznie gratulujemy zwyci\u0119zcom konkursu, wyr\u00f3\u017cnionym oraz wszystkim dzieciom bior\u0105cym udzia\u0142 w projekcie, jak r\u00f3wnie\u017c ich opiekunom i nauczycielom. Zapraszamy do wzi\u0119cia udzia\u0142u w kolejnej XI edycji konkursu<br \/>\nwe wrze\u015bniu 2021 r.<\/p>\n<p>&nbsp;<\/p>\n<p style=\"text-align: right;\">architekt Iwona B\u0105k<\/p>\n<p><a href=\"https:\/\/podkarpacka.iarp.pl\/wp-content\/uploads\/2020\/12\/1.20201217_152955.jpg\"><img loading=\"lazy\" decoding=\"async\" class=\"size-large wp-image-4178 aligncenter\" src=\"https:\/\/podkarpacka.iarp.pl\/wp-content\/uploads\/2020\/12\/1.20201217_152955-1024x1018.jpg\" alt=\"\" width=\"770\" height=\"765\" srcset=\"https:\/\/podkarpacka.iarp.pl\/wp-content\/uploads\/2020\/12\/1.20201217_152955-1024x1018.jpg 1024w, https:\/\/podkarpacka.iarp.pl\/wp-content\/uploads\/2020\/12\/1.20201217_152955-150x150.jpg 150w, https:\/\/podkarpacka.iarp.pl\/wp-content\/uploads\/2020\/12\/1.20201217_152955-300x298.jpg 300w, https:\/\/podkarpacka.iarp.pl\/wp-content\/uploads\/2020\/12\/1.20201217_152955-768x764.jpg 768w, https:\/\/podkarpacka.iarp.pl\/wp-content\/uploads\/2020\/12\/1.20201217_152955-600x597.jpg 600w, https:\/\/podkarpacka.iarp.pl\/wp-content\/uploads\/2020\/12\/1.20201217_152955.jpg 2027w\" sizes=\"auto, (max-width: 770px) 100vw, 770px\" \/><\/a><a href=\"https:\/\/podkarpacka.iarp.pl\/wp-content\/uploads\/2020\/12\/20201217_153429.jpg\"><img loading=\"lazy\" decoding=\"async\" class=\"size-large wp-image-4181 aligncenter\" src=\"https:\/\/podkarpacka.iarp.pl\/wp-content\/uploads\/2020\/12\/20201217_153429-1024x576.jpg\" alt=\"\" width=\"770\" height=\"433\" srcset=\"https:\/\/podkarpacka.iarp.pl\/wp-content\/uploads\/2020\/12\/20201217_153429-1024x576.jpg 1024w, https:\/\/podkarpacka.iarp.pl\/wp-content\/uploads\/2020\/12\/20201217_153429-300x169.jpg 300w, https:\/\/podkarpacka.iarp.pl\/wp-content\/uploads\/2020\/12\/20201217_153429-768x432.jpg 768w\" sizes=\"auto, (max-width: 770px) 100vw, 770px\" \/><\/a><\/p>\n<p><a href=\"https:\/\/podkarpacka.iarp.pl\/wp-content\/uploads\/2020\/12\/20201217_153608.jpg\"><img loading=\"lazy\" decoding=\"async\" class=\"size-large wp-image-4182 aligncenter\" src=\"https:\/\/podkarpacka.iarp.pl\/wp-content\/uploads\/2020\/12\/20201217_153608-1024x576.jpg\" alt=\"\" width=\"770\" height=\"433\" srcset=\"https:\/\/podkarpacka.iarp.pl\/wp-content\/uploads\/2020\/12\/20201217_153608-1024x576.jpg 1024w, https:\/\/podkarpacka.iarp.pl\/wp-content\/uploads\/2020\/12\/20201217_153608-300x169.jpg 300w, https:\/\/podkarpacka.iarp.pl\/wp-content\/uploads\/2020\/12\/20201217_153608-768x432.jpg 768w\" sizes=\"auto, (max-width: 770px) 100vw, 770px\" \/><\/a><\/p>\n<p style=\"text-align: center;\"><a href=\"https:\/\/podkarpacka.iarp.pl\/wp-content\/uploads\/2020\/12\/20201217_181120.jpg\"><img loading=\"lazy\" decoding=\"async\" class=\"alignnone size-large wp-image-4177\" src=\"https:\/\/podkarpacka.iarp.pl\/wp-content\/uploads\/2020\/12\/20201217_181120-1024x576.jpg\" alt=\"\" width=\"770\" height=\"433\" srcset=\"https:\/\/podkarpacka.iarp.pl\/wp-content\/uploads\/2020\/12\/20201217_181120-1024x576.jpg 1024w, https:\/\/podkarpacka.iarp.pl\/wp-content\/uploads\/2020\/12\/20201217_181120-300x169.jpg 300w, https:\/\/podkarpacka.iarp.pl\/wp-content\/uploads\/2020\/12\/20201217_181120-768x432.jpg 768w\" sizes=\"auto, (max-width: 770px) 100vw, 770px\" \/><\/a><\/p>\n<p style=\"text-align: center;\"><a href=\"https:\/\/podkarpacka.iarp.pl\/wp-content\/uploads\/2020\/12\/20201217_180942.jpg\"><img loading=\"lazy\" decoding=\"async\" class=\"alignnone size-large wp-image-4183\" src=\"https:\/\/podkarpacka.iarp.pl\/wp-content\/uploads\/2020\/12\/20201217_180942-1024x576.jpg\" alt=\"\" width=\"770\" height=\"433\" srcset=\"https:\/\/podkarpacka.iarp.pl\/wp-content\/uploads\/2020\/12\/20201217_180942-1024x576.jpg 1024w, https:\/\/podkarpacka.iarp.pl\/wp-content\/uploads\/2020\/12\/20201217_180942-300x169.jpg 300w, https:\/\/podkarpacka.iarp.pl\/wp-content\/uploads\/2020\/12\/20201217_180942-768x432.jpg 768w\" sizes=\"auto, (max-width: 770px) 100vw, 770px\" \/><\/a><\/p>\n","protected":false},"excerpt":{"rendered":"<p>Fina\u0142 X edycji konkursu dla dzieci IV klas szk\u00f3\u0142 podstawowych \u2013 \u201eDOM MOICH MARZE\u0143\u201d &nbsp; Rozstrzygni\u0119ty zosta\u0142 konkurs plastyczny \u201eDom moich marze\u0144\u201d zorganizowany w ramach X edycji Dnia Edukacji Architektonicznej dla szk\u00f3\u0142 podstawowych z wojew\u00f3dztwa podkarpackiego. Ch\u0119\u0107 udzia\u0142u w konkursie wyrazi\u0142o 18 szk\u00f3\u0142 z regionu. W tej edycji seri\u0119 prezentacji multimedialnych opisuj\u0105cych ide\u0119 domu, histori\u0119 [&hellip;]<\/p>\n","protected":false},"author":6,"featured_media":4178,"comment_status":"closed","ping_status":"open","sticky":false,"template":"","format":"standard","meta":{"footnotes":""},"categories":[1,62],"tags":[],"class_list":["post-4174","post","type-post","status-publish","format-standard","has-post-thumbnail","hentry","category-bez-kategorii","category-konkursy"],"publishpress_future_action":{"enabled":false,"date":"2026-05-05 03:09:34","action":"change-status","newStatus":"draft","terms":[],"taxonomy":"category","extraData":[]},"publishpress_future_workflow_manual_trigger":{"enabledWorkflows":[]},"_links":{"self":[{"href":"https:\/\/podkarpacka.iarp.pl\/index.php?rest_route=\/wp\/v2\/posts\/4174","targetHints":{"allow":["GET"]}}],"collection":[{"href":"https:\/\/podkarpacka.iarp.pl\/index.php?rest_route=\/wp\/v2\/posts"}],"about":[{"href":"https:\/\/podkarpacka.iarp.pl\/index.php?rest_route=\/wp\/v2\/types\/post"}],"author":[{"embeddable":true,"href":"https:\/\/podkarpacka.iarp.pl\/index.php?rest_route=\/wp\/v2\/users\/6"}],"replies":[{"embeddable":true,"href":"https:\/\/podkarpacka.iarp.pl\/index.php?rest_route=%2Fwp%2Fv2%2Fcomments&post=4174"}],"version-history":[{"count":2,"href":"https:\/\/podkarpacka.iarp.pl\/index.php?rest_route=\/wp\/v2\/posts\/4174\/revisions"}],"predecessor-version":[{"id":4184,"href":"https:\/\/podkarpacka.iarp.pl\/index.php?rest_route=\/wp\/v2\/posts\/4174\/revisions\/4184"}],"wp:featuredmedia":[{"embeddable":true,"href":"https:\/\/podkarpacka.iarp.pl\/index.php?rest_route=\/wp\/v2\/media\/4178"}],"wp:attachment":[{"href":"https:\/\/podkarpacka.iarp.pl\/index.php?rest_route=%2Fwp%2Fv2%2Fmedia&parent=4174"}],"wp:term":[{"taxonomy":"category","embeddable":true,"href":"https:\/\/podkarpacka.iarp.pl\/index.php?rest_route=%2Fwp%2Fv2%2Fcategories&post=4174"},{"taxonomy":"post_tag","embeddable":true,"href":"https:\/\/podkarpacka.iarp.pl\/index.php?rest_route=%2Fwp%2Fv2%2Ftags&post=4174"}],"curies":[{"name":"wp","href":"https:\/\/api.w.org\/{rel}","templated":true}]}}