{"id":4186,"date":"2020-12-21T14:49:08","date_gmt":"2020-12-21T12:49:08","guid":{"rendered":"http:\/\/podkarpacka.iarp.pl\/?p=4186"},"modified":"2020-12-26T12:49:57","modified_gmt":"2020-12-26T10:49:57","slug":"wyniki-konkursu-archi-christmas-2020","status":"publish","type":"post","link":"https:\/\/podkarpacka.iarp.pl\/?p=4186","title":{"rendered":"Wyniki Konkursu Archi Christmas 2020"},"content":{"rendered":"<p>Drogie Dzieci<\/p>\n<h2>Podajemy wyniki Konkursu na \u015awi\u0105teczn\u0105 ozdob\u0119 2020!<\/h2>\n<hr \/>\n<div class=\"o9v6fnle cxmmr5t8 oygrvhab hcukyx3x c1et5uql ii04i59q\">\n<h4 dir=\"auto\"><strong>Kategoria wiekowa 9-13 lat<\/strong><\/h4>\n<\/div>\n<div class=\"o9v6fnle cxmmr5t8 oygrvhab hcukyx3x c1et5uql ii04i59q\">\n<hr \/>\n<div id=\"attachment_4211\" style=\"width: 780px\" class=\"wp-caption alignnone\"><a href=\"https:\/\/podkarpacka.iarp.pl\/wp-content\/uploads\/2020\/12\/20201221_130428.jpg\"><img loading=\"lazy\" decoding=\"async\" aria-describedby=\"caption-attachment-4211\" class=\"wp-image-4211 size-large\" src=\"https:\/\/podkarpacka.iarp.pl\/wp-content\/uploads\/2020\/12\/20201221_130428-1024x461.jpg\" alt=\"\" width=\"770\" height=\"347\" srcset=\"https:\/\/podkarpacka.iarp.pl\/wp-content\/uploads\/2020\/12\/20201221_130428-1024x461.jpg 1024w, https:\/\/podkarpacka.iarp.pl\/wp-content\/uploads\/2020\/12\/20201221_130428-300x135.jpg 300w, https:\/\/podkarpacka.iarp.pl\/wp-content\/uploads\/2020\/12\/20201221_130428-768x346.jpg 768w\" sizes=\"auto, (max-width: 770px) 100vw, 770px\" \/><\/a><p id=\"caption-attachment-4211\" class=\"wp-caption-text\">Grand Prix SARP o. Rzesz\u00f3w &#8211; Alicja Kud\u0142a 13 lat &#8211; choinka z koralik\u00f3w<\/p><\/div>\n<\/div>\n<div id=\"attachment_4215\" style=\"width: 471px\" class=\"wp-caption alignnone\"><a href=\"https:\/\/podkarpacka.iarp.pl\/wp-content\/uploads\/2020\/12\/20201221_125457-e1608728694648.jpg\"><img loading=\"lazy\" decoding=\"async\" aria-describedby=\"caption-attachment-4215\" class=\"wp-image-4215 size-large\" src=\"https:\/\/podkarpacka.iarp.pl\/wp-content\/uploads\/2020\/12\/20201221_125457-e1608728694648-461x1024.jpg\" alt=\"\" width=\"461\" height=\"1024\" srcset=\"https:\/\/podkarpacka.iarp.pl\/wp-content\/uploads\/2020\/12\/20201221_125457-e1608728694648-461x1024.jpg 461w, https:\/\/podkarpacka.iarp.pl\/wp-content\/uploads\/2020\/12\/20201221_125457-e1608728694648-135x300.jpg 135w, https:\/\/podkarpacka.iarp.pl\/wp-content\/uploads\/2020\/12\/20201221_125457-e1608728694648-768x1705.jpg 768w, https:\/\/podkarpacka.iarp.pl\/wp-content\/uploads\/2020\/12\/20201221_125457-e1608728694648.jpg 936w\" sizes=\"auto, (max-width: 461px) 100vw, 461px\" \/><\/a><p id=\"caption-attachment-4215\" class=\"wp-caption-text\"><strong>Pierwsza nagroda &#8211;<\/strong> Hanna Mazur 12 lat &#8211; anio\u0142<\/p><\/div>\n<div class=\"o9v6fnle cxmmr5t8 oygrvhab hcukyx3x c1et5uql ii04i59q\">\n<div id=\"attachment_4217\" style=\"width: 471px\" class=\"wp-caption alignnone\"><a href=\"https:\/\/podkarpacka.iarp.pl\/wp-content\/uploads\/2020\/12\/20201221_125556.jpg\"><img loading=\"lazy\" decoding=\"async\" aria-describedby=\"caption-attachment-4217\" class=\"wp-image-4217 size-large\" src=\"https:\/\/podkarpacka.iarp.pl\/wp-content\/uploads\/2020\/12\/20201221_125556-e1608728772259-461x1024.jpg\" alt=\"\" width=\"461\" height=\"1024\" srcset=\"https:\/\/podkarpacka.iarp.pl\/wp-content\/uploads\/2020\/12\/20201221_125556-e1608728772259-461x1024.jpg 461w, https:\/\/podkarpacka.iarp.pl\/wp-content\/uploads\/2020\/12\/20201221_125556-e1608728772259-135x300.jpg 135w, https:\/\/podkarpacka.iarp.pl\/wp-content\/uploads\/2020\/12\/20201221_125556-e1608728772259-768x1706.jpg 768w, https:\/\/podkarpacka.iarp.pl\/wp-content\/uploads\/2020\/12\/20201221_125556-e1608728772259.jpg 1073w\" sizes=\"auto, (max-width: 461px) 100vw, 461px\" \/><\/a><p id=\"caption-attachment-4217\" class=\"wp-caption-text\"><strong>Druga Nagroda &#8211;<\/strong> Kornelia Ruszel 9 lat &#8211; renifer<\/p><\/div>\n<\/div>\n<div class=\"o9v6fnle cxmmr5t8 oygrvhab hcukyx3x c1et5uql ii04i59q\">\n<div dir=\"auto\">\n<p><a href=\"https:\/\/podkarpacka.iarp.pl\/wp-content\/uploads\/2020\/12\/20201221_125531-e1608728787351.jpg\"><img loading=\"lazy\" decoding=\"async\" class=\"wp-image-4216 size-large\" src=\"https:\/\/podkarpacka.iarp.pl\/wp-content\/uploads\/2020\/12\/20201221_125531-e1608728787351-461x1024.jpg\" alt=\"\" width=\"461\" height=\"1024\" srcset=\"https:\/\/podkarpacka.iarp.pl\/wp-content\/uploads\/2020\/12\/20201221_125531-e1608728787351-461x1024.jpg 461w, https:\/\/podkarpacka.iarp.pl\/wp-content\/uploads\/2020\/12\/20201221_125531-e1608728787351-135x300.jpg 135w, https:\/\/podkarpacka.iarp.pl\/wp-content\/uploads\/2020\/12\/20201221_125531-e1608728787351-768x1705.jpg 768w, https:\/\/podkarpacka.iarp.pl\/wp-content\/uploads\/2020\/12\/20201221_125531-e1608728787351.jpg 993w\" sizes=\"auto, (max-width: 461px) 100vw, 461px\" \/><\/a><\/p>\n<p><strong>Trzecia Nagroda &#8211;<\/strong> Adam Szpytma 11 lat &#8211; robot<\/p>\n<\/div>\n<div dir=\"auto\"><\/div>\n<div dir=\"auto\">\n<hr \/>\n<\/div>\n<div dir=\"auto\"><strong>Kategoria wiekowa do 8 lat<\/strong><\/div>\n<div dir=\"auto\">\n<hr \/>\n<\/div>\n<\/div>\n<div id=\"attachment_4210\" style=\"width: 780px\" class=\"wp-caption alignnone\"><a href=\"https:\/\/podkarpacka.iarp.pl\/wp-content\/uploads\/2020\/12\/20201221_130302.jpg\"><img loading=\"lazy\" decoding=\"async\" aria-describedby=\"caption-attachment-4210\" class=\"wp-image-4210 size-large\" src=\"https:\/\/podkarpacka.iarp.pl\/wp-content\/uploads\/2020\/12\/20201221_130302-1024x461.jpg\" alt=\"\" width=\"770\" height=\"347\" srcset=\"https:\/\/podkarpacka.iarp.pl\/wp-content\/uploads\/2020\/12\/20201221_130302-1024x461.jpg 1024w, https:\/\/podkarpacka.iarp.pl\/wp-content\/uploads\/2020\/12\/20201221_130302-300x135.jpg 300w, https:\/\/podkarpacka.iarp.pl\/wp-content\/uploads\/2020\/12\/20201221_130302-768x346.jpg 768w\" sizes=\"auto, (max-width: 770px) 100vw, 770px\" \/><\/a><p id=\"caption-attachment-4210\" class=\"wp-caption-text\">Grand Prix PKOIA RP &#8211; Miko\u0142aj Tereszkiewicz 7 lat &#8211; renifer<\/p><\/div>\n<div class=\"o9v6fnle cxmmr5t8 oygrvhab hcukyx3x c1et5uql ii04i59q\">\n<div id=\"attachment_4214\" style=\"width: 471px\" class=\"wp-caption alignnone\"><a href=\"https:\/\/podkarpacka.iarp.pl\/wp-content\/uploads\/2020\/12\/20201221_125353-e1608728833638.jpg\"><img loading=\"lazy\" decoding=\"async\" aria-describedby=\"caption-attachment-4214\" class=\"wp-image-4214 size-large\" src=\"https:\/\/podkarpacka.iarp.pl\/wp-content\/uploads\/2020\/12\/20201221_125353-e1608728833638-461x1024.jpg\" alt=\"\" width=\"461\" height=\"1024\" srcset=\"https:\/\/podkarpacka.iarp.pl\/wp-content\/uploads\/2020\/12\/20201221_125353-e1608728833638-461x1024.jpg 461w, https:\/\/podkarpacka.iarp.pl\/wp-content\/uploads\/2020\/12\/20201221_125353-e1608728833638-135x300.jpg 135w, https:\/\/podkarpacka.iarp.pl\/wp-content\/uploads\/2020\/12\/20201221_125353-e1608728833638-768x1705.jpg 768w, https:\/\/podkarpacka.iarp.pl\/wp-content\/uploads\/2020\/12\/20201221_125353-e1608728833638.jpg 1006w\" sizes=\"auto, (max-width: 461px) 100vw, 461px\" \/><\/a><p id=\"caption-attachment-4214\" class=\"wp-caption-text\">Pierwsza Nagroda &#8211; Elena Samel 5 lat &#8211; dzwonek wafelek<\/p><\/div>\n<\/div>\n<div class=\"o9v6fnle cxmmr5t8 oygrvhab hcukyx3x c1et5uql ii04i59q\">\n<div id=\"attachment_4213\" style=\"width: 471px\" class=\"wp-caption alignnone\"><a href=\"https:\/\/podkarpacka.iarp.pl\/wp-content\/uploads\/2020\/12\/20201221_125329-e1608728887994.jpg\"><img loading=\"lazy\" decoding=\"async\" aria-describedby=\"caption-attachment-4213\" class=\"wp-image-4213 size-large\" src=\"https:\/\/podkarpacka.iarp.pl\/wp-content\/uploads\/2020\/12\/20201221_125329-e1608728887994-461x1024.jpg\" alt=\"\" width=\"461\" height=\"1024\" srcset=\"https:\/\/podkarpacka.iarp.pl\/wp-content\/uploads\/2020\/12\/20201221_125329-e1608728887994-461x1024.jpg 461w, https:\/\/podkarpacka.iarp.pl\/wp-content\/uploads\/2020\/12\/20201221_125329-e1608728887994-135x300.jpg 135w, https:\/\/podkarpacka.iarp.pl\/wp-content\/uploads\/2020\/12\/20201221_125329-e1608728887994-768x1705.jpg 768w, https:\/\/podkarpacka.iarp.pl\/wp-content\/uploads\/2020\/12\/20201221_125329-e1608728887994.jpg 966w\" sizes=\"auto, (max-width: 461px) 100vw, 461px\" \/><\/a><p id=\"caption-attachment-4213\" class=\"wp-caption-text\">Druga Nagroda &#8211; Aleksandra Podolec 7 lat &#8211; foliowy anio\u0142<\/p><\/div>\n<div id=\"attachment_4212\" style=\"width: 471px\" class=\"wp-caption alignnone\"><a href=\"https:\/\/podkarpacka.iarp.pl\/wp-content\/uploads\/2020\/12\/20201221_125246-e1608728864903.jpg\"><img loading=\"lazy\" decoding=\"async\" aria-describedby=\"caption-attachment-4212\" class=\"wp-image-4212 size-large\" src=\"https:\/\/podkarpacka.iarp.pl\/wp-content\/uploads\/2020\/12\/20201221_125246-e1608728864903-461x1024.jpg\" alt=\"\" width=\"461\" height=\"1024\" srcset=\"https:\/\/podkarpacka.iarp.pl\/wp-content\/uploads\/2020\/12\/20201221_125246-e1608728864903-461x1024.jpg 461w, https:\/\/podkarpacka.iarp.pl\/wp-content\/uploads\/2020\/12\/20201221_125246-e1608728864903-135x300.jpg 135w, https:\/\/podkarpacka.iarp.pl\/wp-content\/uploads\/2020\/12\/20201221_125246-e1608728864903-768x1706.jpg 768w, https:\/\/podkarpacka.iarp.pl\/wp-content\/uploads\/2020\/12\/20201221_125246-e1608728864903.jpg 1036w\" sizes=\"auto, (max-width: 461px) 100vw, 461px\" \/><\/a><p id=\"caption-attachment-4212\" class=\"wp-caption-text\">Trzecia Nagroda &#8211; Antosia Dudek 5 lat &#8211; choinka z patyczk\u00f3w<\/p><\/div>\n<\/div>\n<div class=\"o9v6fnle cxmmr5t8 oygrvhab hcukyx3x c1et5uql ii04i59q\">\n<div dir=\"auto\"><\/div>\n<div dir=\"auto\">Serdecznie gratulujemy zwyci\u0119zcom!<\/div>\n<div dir=\"auto\">\n<hr \/>\n<\/div>\n<div dir=\"auto\"><strong>Nagrody wy\u015blemy poczt\u0105 a ozdoby laureat\u00f3w Grand Prix pojawi\u0105 si\u0119 na \u015bwi\u0105tecznych kartkach PKOIA i SARP o. Rzesz\u00f3w<\/strong><\/div>\n<\/div>\n<div dir=\"auto\">\n<hr \/>\n<\/div>\n<p><strong>Zdj\u0119cia pozosta\u0142ych prac na tle naszej Choinki w galerii poni\u017cej.<\/strong><\/p>\n\n\t\t<style type=\"text\/css\">\n\t\t\t#gallery-1 {\n\t\t\t\tmargin: auto;\n\t\t\t}\n\t\t\t#gallery-1 .gallery-item {\n\t\t\t\tfloat: left;\n\t\t\t\tmargin-top: 10px;\n\t\t\t\ttext-align: center;\n\t\t\t\twidth: 33%;\n\t\t\t}\n\t\t\t#gallery-1 img {\n\t\t\t\tborder: 2px solid #cfcfcf;\n\t\t\t}\n\t\t\t#gallery-1 .gallery-caption {\n\t\t\t\tmargin-left: 0;\n\t\t\t}\n\t\t\t\/* see gallery_shortcode() in wp-includes\/media.php *\/\n\t\t<\/style>\n\t\t<div id='gallery-1' class='gallery galleryid-4186 gallery-columns-3 gallery-size-thumbnail'><dl class='gallery-item'>\n\t\t\t<dt class='gallery-icon portrait'>\n\t\t\t\t<a href='https:\/\/podkarpacka.iarp.pl\/?attachment_id=4193'><img loading=\"lazy\" decoding=\"async\" width=\"150\" height=\"150\" src=\"https:\/\/podkarpacka.iarp.pl\/wp-content\/uploads\/2020\/12\/Konkurs-choinka-02-150x150.jpg\" class=\"attachment-thumbnail size-thumbnail\" alt=\"\" \/><\/a>\n\t\t\t<\/dt><\/dl><dl class='gallery-item'>\n\t\t\t<dt class='gallery-icon portrait'>\n\t\t\t\t<a href='https:\/\/podkarpacka.iarp.pl\/?attachment_id=4194'><img loading=\"lazy\" decoding=\"async\" width=\"150\" height=\"150\" src=\"https:\/\/podkarpacka.iarp.pl\/wp-content\/uploads\/2020\/12\/Konkurs-choinka-03-150x150.jpg\" class=\"attachment-thumbnail size-thumbnail\" alt=\"\" \/><\/a>\n\t\t\t<\/dt><\/dl><dl class='gallery-item'>\n\t\t\t<dt class='gallery-icon portrait'>\n\t\t\t\t<a href='https:\/\/podkarpacka.iarp.pl\/?attachment_id=4195'><img loading=\"lazy\" decoding=\"async\" width=\"150\" height=\"150\" src=\"https:\/\/podkarpacka.iarp.pl\/wp-content\/uploads\/2020\/12\/Konkurs-choinka-04-150x150.jpg\" class=\"attachment-thumbnail size-thumbnail\" alt=\"\" srcset=\"https:\/\/podkarpacka.iarp.pl\/wp-content\/uploads\/2020\/12\/Konkurs-choinka-04-150x150.jpg 150w, https:\/\/podkarpacka.iarp.pl\/wp-content\/uploads\/2020\/12\/Konkurs-choinka-04-448x452.jpg 448w\" sizes=\"auto, (max-width: 150px) 100vw, 150px\" \/><\/a>\n\t\t\t<\/dt><\/dl><br style=\"clear: both\" \/><dl class='gallery-item'>\n\t\t\t<dt class='gallery-icon portrait'>\n\t\t\t\t<a href='https:\/\/podkarpacka.iarp.pl\/?attachment_id=4196'><img loading=\"lazy\" decoding=\"async\" width=\"150\" height=\"150\" src=\"https:\/\/podkarpacka.iarp.pl\/wp-content\/uploads\/2020\/12\/Konkurs-choinka-05-150x150.jpg\" class=\"attachment-thumbnail size-thumbnail\" alt=\"\" srcset=\"https:\/\/podkarpacka.iarp.pl\/wp-content\/uploads\/2020\/12\/Konkurs-choinka-05-150x150.jpg 150w, https:\/\/podkarpacka.iarp.pl\/wp-content\/uploads\/2020\/12\/Konkurs-choinka-05-468x470.jpg 468w\" sizes=\"auto, (max-width: 150px) 100vw, 150px\" \/><\/a>\n\t\t\t<\/dt><\/dl><dl class='gallery-item'>\n\t\t\t<dt class='gallery-icon portrait'>\n\t\t\t\t<a href='https:\/\/podkarpacka.iarp.pl\/?attachment_id=4197'><img loading=\"lazy\" decoding=\"async\" width=\"150\" height=\"150\" src=\"https:\/\/podkarpacka.iarp.pl\/wp-content\/uploads\/2020\/12\/Konkurs-choinka-06-150x150.jpg\" class=\"attachment-thumbnail size-thumbnail\" alt=\"\" srcset=\"https:\/\/podkarpacka.iarp.pl\/wp-content\/uploads\/2020\/12\/Konkurs-choinka-06-150x150.jpg 150w, https:\/\/podkarpacka.iarp.pl\/wp-content\/uploads\/2020\/12\/Konkurs-choinka-06-453x452.jpg 453w\" sizes=\"auto, (max-width: 150px) 100vw, 150px\" \/><\/a>\n\t\t\t<\/dt><\/dl><dl class='gallery-item'>\n\t\t\t<dt class='gallery-icon portrait'>\n\t\t\t\t<a href='https:\/\/podkarpacka.iarp.pl\/?attachment_id=4198'><img loading=\"lazy\" decoding=\"async\" width=\"150\" height=\"150\" src=\"https:\/\/podkarpacka.iarp.pl\/wp-content\/uploads\/2020\/12\/Konkurs-choinka-07-150x150.jpg\" class=\"attachment-thumbnail size-thumbnail\" alt=\"\" \/><\/a>\n\t\t\t<\/dt><\/dl><br style=\"clear: both\" \/><dl class='gallery-item'>\n\t\t\t<dt class='gallery-icon portrait'>\n\t\t\t\t<a href='https:\/\/podkarpacka.iarp.pl\/?attachment_id=4199'><img loading=\"lazy\" decoding=\"async\" width=\"150\" height=\"150\" src=\"https:\/\/podkarpacka.iarp.pl\/wp-content\/uploads\/2020\/12\/Konkurs-choinka-08-150x150.jpg\" class=\"attachment-thumbnail size-thumbnail\" alt=\"\" srcset=\"https:\/\/podkarpacka.iarp.pl\/wp-content\/uploads\/2020\/12\/Konkurs-choinka-08-150x150.jpg 150w, https:\/\/podkarpacka.iarp.pl\/wp-content\/uploads\/2020\/12\/Konkurs-choinka-08-467x470.jpg 467w\" sizes=\"auto, (max-width: 150px) 100vw, 150px\" \/><\/a>\n\t\t\t<\/dt><\/dl><dl class='gallery-item'>\n\t\t\t<dt class='gallery-icon portrait'>\n\t\t\t\t<a href='https:\/\/podkarpacka.iarp.pl\/?attachment_id=4200'><img loading=\"lazy\" decoding=\"async\" width=\"150\" height=\"150\" src=\"https:\/\/podkarpacka.iarp.pl\/wp-content\/uploads\/2020\/12\/Konkurs-choinka-09-150x150.jpg\" class=\"attachment-thumbnail size-thumbnail\" alt=\"\" srcset=\"https:\/\/podkarpacka.iarp.pl\/wp-content\/uploads\/2020\/12\/Konkurs-choinka-09-150x150.jpg 150w, https:\/\/podkarpacka.iarp.pl\/wp-content\/uploads\/2020\/12\/Konkurs-choinka-09-467x470.jpg 467w\" sizes=\"auto, (max-width: 150px) 100vw, 150px\" \/><\/a>\n\t\t\t<\/dt><\/dl><dl class='gallery-item'>\n\t\t\t<dt class='gallery-icon portrait'>\n\t\t\t\t<a href='https:\/\/podkarpacka.iarp.pl\/?attachment_id=4201'><img loading=\"lazy\" decoding=\"async\" width=\"150\" height=\"150\" src=\"https:\/\/podkarpacka.iarp.pl\/wp-content\/uploads\/2020\/12\/Konkurs-choinka-10-150x150.jpg\" class=\"attachment-thumbnail size-thumbnail\" alt=\"\" srcset=\"https:\/\/podkarpacka.iarp.pl\/wp-content\/uploads\/2020\/12\/Konkurs-choinka-10-150x150.jpg 150w, https:\/\/podkarpacka.iarp.pl\/wp-content\/uploads\/2020\/12\/Konkurs-choinka-10-470x470.jpg 470w\" sizes=\"auto, (max-width: 150px) 100vw, 150px\" \/><\/a>\n\t\t\t<\/dt><\/dl><br style=\"clear: both\" \/><dl class='gallery-item'>\n\t\t\t<dt class='gallery-icon portrait'>\n\t\t\t\t<a href='https:\/\/podkarpacka.iarp.pl\/?attachment_id=4202'><img loading=\"lazy\" decoding=\"async\" width=\"150\" height=\"150\" src=\"https:\/\/podkarpacka.iarp.pl\/wp-content\/uploads\/2020\/12\/Konkurs-choinka-11-150x150.jpg\" class=\"attachment-thumbnail size-thumbnail\" alt=\"\" srcset=\"https:\/\/podkarpacka.iarp.pl\/wp-content\/uploads\/2020\/12\/Konkurs-choinka-11-150x150.jpg 150w, https:\/\/podkarpacka.iarp.pl\/wp-content\/uploads\/2020\/12\/Konkurs-choinka-11-474x470.jpg 474w, https:\/\/podkarpacka.iarp.pl\/wp-content\/uploads\/2020\/12\/Konkurs-choinka-11-266x266.jpg 266w\" sizes=\"auto, (max-width: 150px) 100vw, 150px\" \/><\/a>\n\t\t\t<\/dt><\/dl><dl class='gallery-item'>\n\t\t\t<dt class='gallery-icon portrait'>\n\t\t\t\t<a href='https:\/\/podkarpacka.iarp.pl\/?attachment_id=4203'><img loading=\"lazy\" decoding=\"async\" width=\"150\" height=\"150\" src=\"https:\/\/podkarpacka.iarp.pl\/wp-content\/uploads\/2020\/12\/Konkurs-choinka-12-150x150.jpg\" class=\"attachment-thumbnail size-thumbnail\" alt=\"\" \/><\/a>\n\t\t\t<\/dt><\/dl><dl class='gallery-item'>\n\t\t\t<dt class='gallery-icon portrait'>\n\t\t\t\t<a href='https:\/\/podkarpacka.iarp.pl\/?attachment_id=4204'><img loading=\"lazy\" decoding=\"async\" width=\"150\" height=\"150\" src=\"https:\/\/podkarpacka.iarp.pl\/wp-content\/uploads\/2020\/12\/Konkurs-choinka-13-150x150.jpg\" class=\"attachment-thumbnail size-thumbnail\" alt=\"\" srcset=\"https:\/\/podkarpacka.iarp.pl\/wp-content\/uploads\/2020\/12\/Konkurs-choinka-13-150x150.jpg 150w, https:\/\/podkarpacka.iarp.pl\/wp-content\/uploads\/2020\/12\/Konkurs-choinka-13-470x470.jpg 470w\" sizes=\"auto, (max-width: 150px) 100vw, 150px\" \/><\/a>\n\t\t\t<\/dt><\/dl><br style=\"clear: both\" \/><dl class='gallery-item'>\n\t\t\t<dt class='gallery-icon portrait'>\n\t\t\t\t<a href='https:\/\/podkarpacka.iarp.pl\/?attachment_id=4205'><img loading=\"lazy\" decoding=\"async\" width=\"150\" height=\"150\" src=\"https:\/\/podkarpacka.iarp.pl\/wp-content\/uploads\/2020\/12\/Konkurs-choinka-14-150x150.jpg\" class=\"attachment-thumbnail size-thumbnail\" alt=\"\" \/><\/a>\n\t\t\t<\/dt><\/dl><dl class='gallery-item'>\n\t\t\t<dt class='gallery-icon portrait'>\n\t\t\t\t<a href='https:\/\/podkarpacka.iarp.pl\/?attachment_id=4206'><img loading=\"lazy\" decoding=\"async\" width=\"150\" height=\"150\" src=\"https:\/\/podkarpacka.iarp.pl\/wp-content\/uploads\/2020\/12\/Konkurs-choinka-15-150x150.jpg\" class=\"attachment-thumbnail size-thumbnail\" alt=\"\" srcset=\"https:\/\/podkarpacka.iarp.pl\/wp-content\/uploads\/2020\/12\/Konkurs-choinka-15-150x150.jpg 150w, https:\/\/podkarpacka.iarp.pl\/wp-content\/uploads\/2020\/12\/Konkurs-choinka-15-469x470.jpg 469w\" sizes=\"auto, (max-width: 150px) 100vw, 150px\" \/><\/a>\n\t\t\t<\/dt><\/dl><dl class='gallery-item'>\n\t\t\t<dt class='gallery-icon portrait'>\n\t\t\t\t<a href='https:\/\/podkarpacka.iarp.pl\/?attachment_id=4207'><img loading=\"lazy\" decoding=\"async\" width=\"150\" height=\"150\" src=\"https:\/\/podkarpacka.iarp.pl\/wp-content\/uploads\/2020\/12\/Konkurs-choinka-16-150x150.jpg\" class=\"attachment-thumbnail size-thumbnail\" alt=\"\" srcset=\"https:\/\/podkarpacka.iarp.pl\/wp-content\/uploads\/2020\/12\/Konkurs-choinka-16-150x150.jpg 150w, https:\/\/podkarpacka.iarp.pl\/wp-content\/uploads\/2020\/12\/Konkurs-choinka-16-467x470.jpg 467w\" sizes=\"auto, (max-width: 150px) 100vw, 150px\" \/><\/a>\n\t\t\t<\/dt><\/dl><br style=\"clear: both\" \/><dl class='gallery-item'>\n\t\t\t<dt class='gallery-icon portrait'>\n\t\t\t\t<a href='https:\/\/podkarpacka.iarp.pl\/?attachment_id=4208'><img loading=\"lazy\" decoding=\"async\" width=\"150\" height=\"150\" src=\"https:\/\/podkarpacka.iarp.pl\/wp-content\/uploads\/2020\/12\/Konkurs-choinka-17-150x150.jpg\" class=\"attachment-thumbnail size-thumbnail\" alt=\"\" \/><\/a>\n\t\t\t<\/dt><\/dl><dl class='gallery-item'>\n\t\t\t<dt class='gallery-icon portrait'>\n\t\t\t\t<a href='https:\/\/podkarpacka.iarp.pl\/?attachment_id=4209'><img loading=\"lazy\" decoding=\"async\" width=\"150\" height=\"150\" src=\"https:\/\/podkarpacka.iarp.pl\/wp-content\/uploads\/2020\/12\/Konkurs-choinka-01-150x150.jpg\" class=\"attachment-thumbnail size-thumbnail\" alt=\"\" srcset=\"https:\/\/podkarpacka.iarp.pl\/wp-content\/uploads\/2020\/12\/Konkurs-choinka-01-150x150.jpg 150w, https:\/\/podkarpacka.iarp.pl\/wp-content\/uploads\/2020\/12\/Konkurs-choinka-01-471x470.jpg 471w\" sizes=\"auto, (max-width: 150px) 100vw, 150px\" \/><\/a>\n\t\t\t<\/dt><\/dl>\n\t\t\t<br style='clear: both' \/>\n\t\t<\/div>\n\n","protected":false},"excerpt":{"rendered":"<p>Drogie Dzieci Podajemy wyniki Konkursu na \u015awi\u0105teczn\u0105 ozdob\u0119 2020! Kategoria wiekowa 9-13 lat Trzecia Nagroda &#8211; Adam Szpytma 11 lat &#8211; robot Kategoria wiekowa do 8 lat Serdecznie gratulujemy zwyci\u0119zcom! Nagrody wy\u015blemy poczt\u0105 a ozdoby laureat\u00f3w Grand Prix pojawi\u0105 si\u0119 na \u015bwi\u0105tecznych kartkach PKOIA i SARP o. Rzesz\u00f3w Zdj\u0119cia pozosta\u0142ych prac na tle naszej Choinki [&hellip;]<\/p>\n","protected":false},"author":7,"featured_media":4222,"comment_status":"closed","ping_status":"open","sticky":false,"template":"","format":"standard","meta":{"footnotes":""},"categories":[1,62],"tags":[],"class_list":["post-4186","post","type-post","status-publish","format-standard","has-post-thumbnail","hentry","category-bez-kategorii","category-konkursy"],"publishpress_future_action":{"enabled":false,"date":"2026-05-05 03:09:56","action":"change-status","newStatus":"draft","terms":[],"taxonomy":"category","extraData":[]},"publishpress_future_workflow_manual_trigger":{"enabledWorkflows":[]},"_links":{"self":[{"href":"https:\/\/podkarpacka.iarp.pl\/index.php?rest_route=\/wp\/v2\/posts\/4186","targetHints":{"allow":["GET"]}}],"collection":[{"href":"https:\/\/podkarpacka.iarp.pl\/index.php?rest_route=\/wp\/v2\/posts"}],"about":[{"href":"https:\/\/podkarpacka.iarp.pl\/index.php?rest_route=\/wp\/v2\/types\/post"}],"author":[{"embeddable":true,"href":"https:\/\/podkarpacka.iarp.pl\/index.php?rest_route=\/wp\/v2\/users\/7"}],"replies":[{"embeddable":true,"href":"https:\/\/podkarpacka.iarp.pl\/index.php?rest_route=%2Fwp%2Fv2%2Fcomments&post=4186"}],"version-history":[{"count":7,"href":"https:\/\/podkarpacka.iarp.pl\/index.php?rest_route=\/wp\/v2\/posts\/4186\/revisions"}],"predecessor-version":[{"id":4226,"href":"https:\/\/podkarpacka.iarp.pl\/index.php?rest_route=\/wp\/v2\/posts\/4186\/revisions\/4226"}],"wp:featuredmedia":[{"embeddable":true,"href":"https:\/\/podkarpacka.iarp.pl\/index.php?rest_route=\/wp\/v2\/media\/4222"}],"wp:attachment":[{"href":"https:\/\/podkarpacka.iarp.pl\/index.php?rest_route=%2Fwp%2Fv2%2Fmedia&parent=4186"}],"wp:term":[{"taxonomy":"category","embeddable":true,"href":"https:\/\/podkarpacka.iarp.pl\/index.php?rest_route=%2Fwp%2Fv2%2Fcategories&post=4186"},{"taxonomy":"post_tag","embeddable":true,"href":"https:\/\/podkarpacka.iarp.pl\/index.php?rest_route=%2Fwp%2Fv2%2Ftags&post=4186"}],"curies":[{"name":"wp","href":"https:\/\/api.w.org\/{rel}","templated":true}]}}