{"id":4187,"date":"2020-12-23T14:28:33","date_gmt":"2020-12-23T12:28:33","guid":{"rendered":"http:\/\/podkarpacka.iarp.pl\/?p=4187"},"modified":"2020-12-23T14:32:35","modified_gmt":"2020-12-23T12:32:35","slug":"zyczenia-swiateczne","status":"publish","type":"post","link":"https:\/\/podkarpacka.iarp.pl\/?p=4187","title":{"rendered":"\u017byczenia \u015awi\u0105teczne"},"content":{"rendered":"<h3>Szanowne Kole\u017canki i Szanowni Koledzy,<\/h3>\n<p>Z okazji \u015awi\u0105t Bo\u017cego Narodzenia w imieniu w\u0142asnym, a tak\u017ce Rady Podkarpackiej Okr\u0119gowej Izby Architekt\u00f3w RP,<br \/>\nsk\u0142adam \u017cyczenia zdrowia, odpoczynku, szcz\u0119\u015bcia, rado\u015bci ze spotka\u0144 w gronie najbli\u017cszych,<br \/>\na w Nowym 2021 Roku spe\u0142nienia marze\u0144, pomy\u015blno\u015bci, wytrwa\u0142o\u015bci, sukces\u00f3w i satysfakcji zawodowej.<\/p>\n<p>Niech ten \u015bwi\u0105teczny czas pozwoli na chwil\u0119 wytchnienia, podsumowania oraz otworzy perspektywy na kolejny rok.<\/p>\n<p>Zamykaj\u0105c 2020 rok sk\u0142adam podzi\u0119kowania wszystkim, kt\u00f3rzy po\u015bwi\u0119cali sw\u00f3j czas na prac\u0119 dla naszego samorz\u0105du,<br \/>\n\u017cycz\u0105c wielu si\u0142 do podejmowania nowych wyzwa\u0144 w wykonywaniu tego pi\u0119knego i odpowiedzialnego zawodu w 2021r.<\/p>\n<div>\n<p>Renata \u015awi\u0119ci\u0144ska, architekt IARP,<br \/>\nPrzewodnicz\u0105ca Rady Podkarpackiej Okr\u0119gowej Izby Architekt\u00f3w RP<\/p>\n<p><a href=\"https:\/\/podkarpacka.iarp.pl\/wp-content\/uploads\/2020\/12\/Kartka-Izba-2020.jpg\"><img loading=\"lazy\" decoding=\"async\" class=\"size-large wp-image-4188 aligncenter\" src=\"https:\/\/podkarpacka.iarp.pl\/wp-content\/uploads\/2020\/12\/Kartka-Izba-2020-1024x583.jpg\" alt=\"\" width=\"770\" height=\"438\" srcset=\"https:\/\/podkarpacka.iarp.pl\/wp-content\/uploads\/2020\/12\/Kartka-Izba-2020-1024x583.jpg 1024w, https:\/\/podkarpacka.iarp.pl\/wp-content\/uploads\/2020\/12\/Kartka-Izba-2020-300x171.jpg 300w, https:\/\/podkarpacka.iarp.pl\/wp-content\/uploads\/2020\/12\/Kartka-Izba-2020-768x437.jpg 768w, https:\/\/podkarpacka.iarp.pl\/wp-content\/uploads\/2020\/12\/Kartka-Izba-2020-600x341.jpg 600w, https:\/\/podkarpacka.iarp.pl\/wp-content\/uploads\/2020\/12\/Kartka-Izba-2020.jpg 1847w\" sizes=\"auto, (max-width: 770px) 100vw, 770px\" \/><\/a><\/p>\n<\/div>\n","protected":false},"excerpt":{"rendered":"<p>Szanowne Kole\u017canki i Szanowni Koledzy, Z okazji \u015awi\u0105t Bo\u017cego Narodzenia w imieniu w\u0142asnym, a tak\u017ce Rady Podkarpackiej Okr\u0119gowej Izby Architekt\u00f3w RP, sk\u0142adam \u017cyczenia zdrowia, odpoczynku, szcz\u0119\u015bcia, rado\u015bci ze spotka\u0144 w gronie najbli\u017cszych, a w Nowym 2021 Roku spe\u0142nienia marze\u0144, pomy\u015blno\u015bci, wytrwa\u0142o\u015bci, sukces\u00f3w i satysfakcji zawodowej. Niech ten \u015bwi\u0105teczny czas pozwoli na chwil\u0119 wytchnienia, podsumowania oraz [&hellip;]<\/p>\n","protected":false},"author":6,"featured_media":4188,"comment_status":"closed","ping_status":"open","sticky":false,"template":"","format":"standard","meta":{"footnotes":""},"categories":[69,56],"tags":[],"class_list":["post-4187","post","type-post","status-publish","format-standard","has-post-thumbnail","hentry","category-aktualnosci","category-informacje-rady"],"publishpress_future_action":{"enabled":false,"date":"2026-05-08 10:07:09","action":"change-status","newStatus":"draft","terms":[],"taxonomy":"category","extraData":[]},"publishpress_future_workflow_manual_trigger":{"enabledWorkflows":[]},"_links":{"self":[{"href":"https:\/\/podkarpacka.iarp.pl\/index.php?rest_route=\/wp\/v2\/posts\/4187","targetHints":{"allow":["GET"]}}],"collection":[{"href":"https:\/\/podkarpacka.iarp.pl\/index.php?rest_route=\/wp\/v2\/posts"}],"about":[{"href":"https:\/\/podkarpacka.iarp.pl\/index.php?rest_route=\/wp\/v2\/types\/post"}],"author":[{"embeddable":true,"href":"https:\/\/podkarpacka.iarp.pl\/index.php?rest_route=\/wp\/v2\/users\/6"}],"replies":[{"embeddable":true,"href":"https:\/\/podkarpacka.iarp.pl\/index.php?rest_route=%2Fwp%2Fv2%2Fcomments&post=4187"}],"version-history":[{"count":3,"href":"https:\/\/podkarpacka.iarp.pl\/index.php?rest_route=\/wp\/v2\/posts\/4187\/revisions"}],"predecessor-version":[{"id":4191,"href":"https:\/\/podkarpacka.iarp.pl\/index.php?rest_route=\/wp\/v2\/posts\/4187\/revisions\/4191"}],"wp:featuredmedia":[{"embeddable":true,"href":"https:\/\/podkarpacka.iarp.pl\/index.php?rest_route=\/wp\/v2\/media\/4188"}],"wp:attachment":[{"href":"https:\/\/podkarpacka.iarp.pl\/index.php?rest_route=%2Fwp%2Fv2%2Fmedia&parent=4187"}],"wp:term":[{"taxonomy":"category","embeddable":true,"href":"https:\/\/podkarpacka.iarp.pl\/index.php?rest_route=%2Fwp%2Fv2%2Fcategories&post=4187"},{"taxonomy":"post_tag","embeddable":true,"href":"https:\/\/podkarpacka.iarp.pl\/index.php?rest_route=%2Fwp%2Fv2%2Ftags&post=4187"}],"curies":[{"name":"wp","href":"https:\/\/api.w.org\/{rel}","templated":true}]}}