{"id":4232,"date":"2021-02-06T11:13:20","date_gmt":"2021-02-06T09:13:20","guid":{"rendered":"http:\/\/podkarpacka.iarp.pl\/?p=4232"},"modified":"2021-02-06T11:14:03","modified_gmt":"2021-02-06T09:14:03","slug":"zakonczenie-x-edycji-konkursu-dom-moich-marzen","status":"publish","type":"post","link":"https:\/\/podkarpacka.iarp.pl\/?p=4232","title":{"rendered":"Zako\u0144czenie X edycji konkursu   \u201eDOM MOICH MARZE\u0143\u201d"},"content":{"rendered":"<p>Prace laureat\u00f3w oraz wyr\u00f3\u017cnionych uczni\u00f3w szk\u00f3\u0142 podstawowych klas IV z wojew\u00f3dztwa podkarpackiego zosta\u0142y umieszczone na kartach kalendarza na 2021r. oraz zaprezentowane w galerii wystaw w holu siedziby Podkarpackiej Okr\u0119gowej Izby Architekt\u00f3w RP w Rzeszowie.<\/p>\n<p>10 stycznia w siedzibie Podkarpackiej Okr\u0119gowej Izbie Architekt\u00f3w odby\u0142o si\u0119 otwarcie wystawy oraz wr\u0119czenie nagr\u00f3d dla autor\u00f3w nagrodzonych i wyr\u00f3\u017cnionych prac bior\u0105cych udzia\u0142 w IX edycji konkursu plastycznego \u201eDom moich marze\u0144\u201d.<\/p>\n<p>W konkursie wzi\u0119\u0142o udzia\u0142\u00a0 18 szk\u00f3\u0142 z regionu, wp\u0142yn\u0119\u0142o 133 prac konkursowych.<\/p>\n<p>&nbsp;<\/p>\n<p>Po burzliwych obradach jury wy\u0142oni\u0142o:<\/p>\n<p>&nbsp;<\/p>\n<ul>\n<li>20 laureat\u00f3w:<\/li>\n<\/ul>\n<p>SZKO\u0141A PODSTAWOWA NR 5 W RZESZOWIE:<br \/>\nMARTYNA\u00a0 LEW\u00a0 \u00a0 \u00a0 \u00a0 \u00a0 \u00a0 \u00a0 \u00a0 \u00a0KLASA 4D<br \/>\nAMELIA STABACH\u00a0 \u00a0 \u00a0 \u00a0 \u00a0 \u00a0 KLASA 4C<br \/>\nBART\u0141OMIEJ\u00a0 GRZESIK\u00a0 KLASA 4B<br \/>\nADA\u00a0 HABER\u00a0 \u00a0 \u00a0 \u00a0 \u00a0 \u00a0 \u00a0 \u00a0 \u00a0 \u00a0 \u00a0 \u00a0KLASA 4A<\/p>\n<p>&nbsp;<\/p>\n<p>PUBLICZNA SZKO\u0141A PODSTAWOWA IM. PAULI MONTAL SI\u00d3STR PIJAREK W RZESZOWIE:<br \/>\nBLANKA\u00a0 MAGO\u0143\u00a0 \u00a0 \u00a0 \u00a0 \u00a0 \u00a0 \u00a0KLASA 4B<br \/>\n\u0141UKASZ\u00a0 SZCZEPANIK\u00a0 \u00a0 KLASA 4A<\/p>\n<p>&nbsp;<\/p>\n<p>SZKO\u0141A PODSTAWOWA NR 17\u00a0 W RZESZOWIE:<br \/>\nMARTYNA\u00a0 PA\u0141AC\u00a0 \u00a0 \u00a0 \u00a0 \u00a0 \u00a0KLASA 4A<br \/>\nJAKUB\u00a0 PYZIAK\u00a0 \u00a0 \u00a0 \u00a0 \u00a0 \u00a0 \u00a0 \u00a0 KLASA 4B<br \/>\nSEBASTIAN BETHKE\u00a0 \u00a0 \u00a0 KLASA 4C<\/p>\n<p>&nbsp;<\/p>\n<p>SZKO\u0141A PODSTAWOWA NR 22 W\u00a0 RZESZOWIE :<br \/>\nNATHANIEL\u00a0 ZAG\u00d3RSKI\u00a0\u00a0 KLASA 4A<br \/>\nANNA\u00a0 DR\u0104KA\u00a0 \u00a0 \u00a0 \u00a0 \u00a0 \u00a0 \u00a0 \u00a0 \u00a0 \u00a0 \u00a0 KLASA 4B<\/p>\n<p>&nbsp;<\/p>\n<p>SZKO\u0141A PODSTAWOWA NR 29 W RZESZOWIE :<br \/>\nDARIA\u00a0 K\u0118DZIOR\u00a0\u00a0\u00a0\u00a0\u00a0\u00a0\u00a0\u00a0\u00a0\u00a0 KLASA 4A<\/p>\n<p>&nbsp;<\/p>\n<p>SZKO\u0141A PODSTAWOWA NR 10 W RZESZOWIE :<br \/>\nMALWINA\u00a0 FRANCZYK\u00a0\u00a0\u00a0\u00a0\u00a0 KLASA 4B<br \/>\nJULIA\u00a0 PASTU\u0141A\u00a0 \u00a0 \u00a0 \u00a0 \u00a0 \u00a0 \u00a0 \u00a0 \u00a0 KLASA 4A<\/p>\n<p>&nbsp;<\/p>\n<p>SZKO\u0141A PODSTAWOWA NR 6 W KRO\u015aNIE:<br \/>\nSZYMON\u00a0 MATUSZEWSKI\u00a0\u00a0 KLASA 4<\/p>\n<p>&nbsp;<\/p>\n<p>SZKO\u0141A PODSTAWOWA NR 3 W KRO\u015aNIE:<br \/>\nMATEUSZ\u00a0 BOKOTA\u00a0\u00a0 KLASA 4A<\/p>\n<p>&nbsp;<\/p>\n<p>SZKO\u0141A PODSTAWOWA NR 8 W KRO\u015aNIE:<br \/>\nMAKSYMILAN\u00a0 NOWAK\u00a0 \u00a0 KLASA4B<br \/>\nNIKOLA\u00a0 OLSZEWSKA\u00a0\u00a0\u00a0\u00a0\u00a0\u00a0 KLASA 4A<\/p>\n<p>SZKO\u0141A PODSTAWOWA NR 10 W KRO\u015aNIE:<br \/>\nALEKSANDER\u00a0 JAKIE\u0141A KLASA 4A<\/p>\n<p>SZKO\u0141A PODSTAWOWA NR 17 W PRZEMY\u015aLU<br \/>\nOLGA WERHUN\u00a0 KLASA 4<\/p>\n<p>&nbsp;<\/p>\n<ul>\n<li>31 wyr\u00f3\u017cnie\u0144:<\/li>\n<\/ul>\n<p>&nbsp;<\/p>\n<p>SZKO\u0141A PODSTAWOWA\u00a0 NR 5 W RZESZOWIE:<br \/>\nARKADIUSZ\u00a0 PIZ\u0141O \u00a0\u00a0\u00a0\u00a0\u00a0\u00a0\u00a0\u00a0\u00a0\u00a0KLASA 4 D<br \/>\nAMELIA\u00a0 CI\u0104PA\u0141A\u00a0 \u00a0 \u00a0 \u00a0 \u00a0 \u00a0 \u00a0 KLASA 4 D<br \/>\nMAJA\u00a0 MROZI\u0143SKA\u00a0 \u00a0 \u00a0 \u00a0 \u00a0 \u00a0KLASA 4 C<br \/>\nOLIWIA\u00a0 PODG\u00d3RSKA\u00a0 \u00a0 \u00a0 \u00a0KLASA 4 B<br \/>\nFILIP\u00a0 HALIGOWSKI\u00a0\u00a0\u00a0\u00a0\u00a0\u00a0\u00a0\u00a0\u00a0 KLASA 4 B<br \/>\nGABRIELA GODZIC\u00a0\u00a0\u00a0\u00a0\u00a0\u00a0\u00a0\u00a0\u00a0\u00a0\u00a0 KLASA 4 A<\/p>\n<p>&nbsp;<\/p>\n<p>PUBLICZNA SZKO\u0141A PODSTAWOWA IM. PAULI MONTAL SI\u00d3STR PIJAREK W RZESZOWIE:<br \/>\nHANNA\u00a0 DEMKOWICZ \u00a0\u00a0\u00a0\u00a0\u00a0\u00a0\u00a0\u00a0\u00a0 KLASA 4 B<br \/>\nNATALIA\u00a0 BOGACZYK\u00a0 \u00a0 \u00a0 \u00a0 \u00a0 \u00a0 KLASA 4 B<br \/>\nMICHA\u0141\u00a0 PAZDAN\u00a0 \u00a0 \u00a0 \u00a0 \u00a0 \u00a0 \u00a0 \u00a0 \u00a0 \u00a0KLASA 4 A<br \/>\nMACIEJ\u00a0 KOMOROWSKI\u00a0\u00a0\u00a0\u00a0\u00a0\u00a0 KLASA\u00a04 A<\/p>\n<p>SZKO\u0141A PODSTAWOWA NR 17 W RZESZOWIE:<br \/>\nKRZYSZTOF DZIOPEK\u00a0\u00a0\u00a0\u00a0\u00a0\u00a0\u00a0\u00a0\u00a0\u00a0KLASA 4 A<br \/>\nANTONINA CHRY\u0143\u00a0 \u00a0 \u00a0 \u00a0 \u00a0 \u00a0 \u00a0 \u00a0KLASA 4 A<br \/>\nFABIAN\u00a0 TOMASZEK\u00a0 \u00a0 \u00a0 \u00a0 \u00a0 \u00a0 \u00a0KLASA 4 C<\/p>\n<p>&nbsp;<\/p>\n<p>SZKO\u0141A PODSTAWOWA\u00a0 NR 22 W RZESZOWIE:<br \/>\nAGATA\u00a0 IRZYK\u00a0 \u00a0 \u00a0 \u00a0 \u00a0 \u00a0 \u00a0 \u00a0 \u00a0 KLASA 4 A<br \/>\nDAWID G\u00d3RKA\u00a0\u00a0\u00a0\u00a0\u00a0\u00a0\u00a0\u00a0 \u00a0\u00a0\u00a0\u00a0\u00a0\u00a0 KLASA 4 A<\/p>\n<p>&nbsp;<\/p>\n<p>SZKO\u0141A PODSTAWOWA NR 29 W RZESZOWIE:<br \/>\nANTONINA\u00a0 KUNYSZ\u00a0\u00a0\u00a0\u00a0\u00a0\u00a0\u00a0\u00a0\u00a0\u00a0 KLASA 4 A<\/p>\n<p>&nbsp;<\/p>\n<p>SZKO\u0141A PODSTAWOWA NR 10 W RZESZOWIE:<br \/>\nSOPHIE\u00a0 WITKOWSKA\u00a0 \u00a0 \u00a0 \u00a0 \u00a0KLASA 4 B<br \/>\nWIKTOR\u00a0 DROZD\u00a0 \u00a0 \u00a0 \u00a0 \u00a0 \u00a0 \u00a0 \u00a0 \u00a0 \u00a0KLASA 4 B<br \/>\n\u0141UCJA\u00a0 MR\u00d3Z\u00a0 \u00a0 \u00a0 \u00a0 \u00a0 \u00a0 \u00a0 \u00a0 \u00a0 \u00a0 \u00a0 \u00a0 \u00a0 KLASA 4 B<br \/>\nMAJA\u00a0 ADAMSKA\u00a0 \u00a0 \u00a0 \u00a0 \u00a0 \u00a0 \u00a0 \u00a0 \u00a0 \u00a0KLASA 4 A<br \/>\nANTONI KRUPA\u00a0 \u00a0 \u00a0 \u00a0 \u00a0 \u00a0 \u00a0 \u00a0 \u00a0 \u00a0 \u00a0KLASA 4 A<\/p>\n<p>&nbsp;<\/p>\n<p>SZKO\u0141A\u00a0 PODSTAWOWA Nr 3 W KRO\u015aNIE:<br \/>\nEMEL \u00d6ZKAN\u00a0\u00a0\u00a0\u00a0\u00a0\u00a0\u00a0\u00a0\u00a0\u00a0 \u00a0\u00a0\u00a0 KLASA 4A<br \/>\nMAJA KAMI\u0143SKA\u00a0\u00a0\u00a0\u00a0\u00a0\u00a0 KLASA 4A<\/p>\n<p>&nbsp;<\/p>\n<p>SZKO\u0141A\u00a0 PODSTAWOWA NR 8 W KRO\u015aNIE:<br \/>\nAMELIA\u00a0 BARCZYK\u00a0\u00a0 KLASA 4B<br \/>\nFILIP KRANC\u00a0\u00a0\u00a0\u00a0\u00a0\u00a0\u00a0\u00a0\u00a0\u00a0\u00a0 \u00a0 KLASA 4B<br \/>\nIGOR BARAN\u00a0 \u00a0 \u00a0 \u00a0 \u00a0 \u00a0 \u00a0 KLASA 4A<br \/>\nMAJA \u017bYG\u0141OWICZ\u00a0\u00a0 KLASA 4A<\/p>\n<p>&nbsp;<\/p>\n<p>SZKO\u0141A\u00a0 PODSTAWOWA NR 6 W KRO\u015aNIE:<br \/>\nANNA\u00a0 JAROSZ\u00a0 \u00a0 \u00a0 \u00a0 \u00a0 KLASA 4<br \/>\nNIKOLA\u00a0 GAURA\u00a0\u00a0\u00a0\u00a0 \u00a0 KLASA 4<\/p>\n<p>&nbsp;<\/p>\n<p>SZKO\u0141A\u00a0 PODSTAWOWA NR 10 W KRO\u015aNIE:<br \/>\nGABRIELA LISZKA\u00a0\u00a0\u00a0\u00a0\u00a0\u00a0\u00a0\u00a0 KLASA 4A<\/p>\n<p>&nbsp;<\/p>\n<p>SZKO\u0141A PODSTAWOWA NR 17 W PZREMY\u015aLU:<br \/>\nMIROSLAVA\u00a0 KOLII KLASA 4<\/p>\n<p>&nbsp;<\/p>\n<p>Serdecznie gratulujemy laureatom i wyr\u00f3\u017cnionym oraz wszystkim bior\u0105cym udzia\u0142 w konkursie, jak r\u00f3wnie\u017c ich opiekunom. Zapraszamy do wzi\u0119cia udzia\u0142u w XI edycji konkursu \u201e Dom moich marze\u0144\u201d we wrze\u015bniu 2021 r.<\/p>\n<p>architekt Iwona B\u0105k<\/p>\n<aside id=\"module-carousel-4232\" class=\"widget module-carousel\">\n            \t\t\t\t\t\t  <div class=\"wrapper\"><div style=\"float:left;height:470px;\"><figure>\n    \t\t\t\t\t\t\t\t\t<a class=\"pix\" href=\"https:\/\/podkarpacka.iarp.pl\/wp-content\/uploads\/2021\/02\/20210202_1312010.jpg\" title=\"20210202_131201(0)\"><img loading=\"lazy\" decoding=\"async\" src=\"https:\/\/podkarpacka.iarp.pl\/wp-content\/uploads\/2021\/02\/20210202_1312010-770x470.jpg\" width=\"770\" height=\"470\" alt=\"20210202_131201(0)\" class=\"img-responsive\"><div class=\"zoomix\"><i class=\"fa fa-search\"><\/i><\/div><\/a>\n    \t\t\t\t\t\t\t\t\t<figcaption>\n    \t\t\t\t\t\t\t\t\t\t<span class=\"car-index\"><strong class=\"index\">1<\/strong> of <strong>5<\/strong><\/span>\n    \t\t\t\t\t\t\t\t\t\t<span class=\"car-title\">20210202_131201(0)<\/span>\n                                            <span class=\"nav\">\n                                                <a class=\"prev\" href=\"#\"><i class=\"fa fa-chevron-left\"><\/i><\/a>\n                                                <a class=\"pix\" href=\"#\"><i class=\"fa fa-expand\"><\/i><\/a>\n                                                <a class=\"next\" href=\"#\"><i class=\"fa fa-chevron-right\"><\/i><\/a>\n                                            <\/span>\n    \t\t\t\t\t\t\t\t\t<\/figcaption>\n    \t\t\t\t\t\t\t\t<\/figure><\/div><div style=\"float:left;height:470px;\"><figure>\n    \t\t\t\t\t\t\t\t\t<a class=\"pix\" href=\"https:\/\/podkarpacka.iarp.pl\/wp-content\/uploads\/2021\/02\/20210202_131131.jpg\" title=\"20210202_131131\"><img loading=\"lazy\" decoding=\"async\" src=\"https:\/\/podkarpacka.iarp.pl\/wp-content\/uploads\/2021\/02\/20210202_131131-770x470.jpg\" width=\"770\" height=\"470\" alt=\"20210202_131131\" class=\"img-responsive\"><div class=\"zoomix\"><i class=\"fa fa-search\"><\/i><\/div><\/a>\n    \t\t\t\t\t\t\t\t\t<figcaption>\n    \t\t\t\t\t\t\t\t\t\t<span class=\"car-index\"><strong class=\"index\">1<\/strong> of <strong>5<\/strong><\/span>\n    \t\t\t\t\t\t\t\t\t\t<span class=\"car-title\">20210202_131131<\/span>\n                                            <span class=\"nav\">\n                                                <a class=\"prev\" href=\"#\"><i class=\"fa fa-chevron-left\"><\/i><\/a>\n                                                <a class=\"pix\" href=\"#\"><i class=\"fa fa-expand\"><\/i><\/a>\n                                                <a class=\"next\" href=\"#\"><i class=\"fa fa-chevron-right\"><\/i><\/a>\n                                            <\/span>\n    \t\t\t\t\t\t\t\t\t<\/figcaption>\n    \t\t\t\t\t\t\t\t<\/figure><\/div><div style=\"float:left;height:470px;\"><figure>\n    \t\t\t\t\t\t\t\t\t<a class=\"pix\" href=\"https:\/\/podkarpacka.iarp.pl\/wp-content\/uploads\/2021\/02\/20210202_131138.jpg\" title=\"20210202_131138\"><img loading=\"lazy\" decoding=\"async\" src=\"https:\/\/podkarpacka.iarp.pl\/wp-content\/uploads\/2021\/02\/20210202_131138-770x470.jpg\" width=\"770\" height=\"470\" alt=\"20210202_131138\" class=\"img-responsive\"><div class=\"zoomix\"><i class=\"fa fa-search\"><\/i><\/div><\/a>\n    \t\t\t\t\t\t\t\t\t<figcaption>\n    \t\t\t\t\t\t\t\t\t\t<span class=\"car-index\"><strong class=\"index\">1<\/strong> of <strong>5<\/strong><\/span>\n    \t\t\t\t\t\t\t\t\t\t<span class=\"car-title\">20210202_131138<\/span>\n                                            <span class=\"nav\">\n                                                <a class=\"prev\" href=\"#\"><i class=\"fa fa-chevron-left\"><\/i><\/a>\n                                                <a class=\"pix\" href=\"#\"><i class=\"fa fa-expand\"><\/i><\/a>\n                                                <a class=\"next\" href=\"#\"><i class=\"fa fa-chevron-right\"><\/i><\/a>\n                                            <\/span>\n    \t\t\t\t\t\t\t\t\t<\/figcaption>\n    \t\t\t\t\t\t\t\t<\/figure><\/div><div style=\"float:left;height:470px;\"><figure>\n    \t\t\t\t\t\t\t\t\t<a class=\"pix\" href=\"https:\/\/podkarpacka.iarp.pl\/wp-content\/uploads\/2021\/02\/20210202_131201.jpg\" title=\"20210202_131201\"><img loading=\"lazy\" decoding=\"async\" src=\"https:\/\/podkarpacka.iarp.pl\/wp-content\/uploads\/2021\/02\/20210202_131201-770x470.jpg\" width=\"770\" height=\"470\" alt=\"20210202_131201\" class=\"img-responsive\"><div class=\"zoomix\"><i class=\"fa fa-search\"><\/i><\/div><\/a>\n    \t\t\t\t\t\t\t\t\t<figcaption>\n    \t\t\t\t\t\t\t\t\t\t<span class=\"car-index\"><strong class=\"index\">1<\/strong> of <strong>5<\/strong><\/span>\n    \t\t\t\t\t\t\t\t\t\t<span class=\"car-title\">20210202_131201<\/span>\n                                            <span class=\"nav\">\n                                                <a class=\"prev\" href=\"#\"><i class=\"fa fa-chevron-left\"><\/i><\/a>\n                                                <a class=\"pix\" href=\"#\"><i class=\"fa fa-expand\"><\/i><\/a>\n                                                <a class=\"next\" href=\"#\"><i class=\"fa fa-chevron-right\"><\/i><\/a>\n                                            <\/span>\n    \t\t\t\t\t\t\t\t\t<\/figcaption>\n    \t\t\t\t\t\t\t\t<\/figure><\/div><div style=\"float:left;height:470px;\"><figure>\n    \t\t\t\t\t\t\t\t\t<a class=\"pix\" href=\"https:\/\/podkarpacka.iarp.pl\/wp-content\/uploads\/2021\/02\/20210202_131149.jpg\" title=\"20210202_131149\"><img loading=\"lazy\" decoding=\"async\" src=\"https:\/\/podkarpacka.iarp.pl\/wp-content\/uploads\/2021\/02\/20210202_131149-770x470.jpg\" width=\"770\" height=\"470\" alt=\"20210202_131149\" class=\"img-responsive\"><div class=\"zoomix\"><i class=\"fa fa-search\"><\/i><\/div><\/a>\n    \t\t\t\t\t\t\t\t\t<figcaption>\n    \t\t\t\t\t\t\t\t\t\t<span class=\"car-index\"><strong class=\"index\">1<\/strong> of <strong>5<\/strong><\/span>\n    \t\t\t\t\t\t\t\t\t\t<span class=\"car-title\">20210202_131149<\/span>\n                                            <span class=\"nav\">\n                                                <a class=\"prev\" href=\"#\"><i class=\"fa fa-chevron-left\"><\/i><\/a>\n                                                <a class=\"pix\" href=\"#\"><i class=\"fa fa-expand\"><\/i><\/a>\n                                                <a class=\"next\" href=\"#\"><i class=\"fa fa-chevron-right\"><\/i><\/a>\n                                            <\/span>\n    \t\t\t\t\t\t\t\t\t<\/figcaption>\n    \t\t\t\t\t\t\t\t<\/figure><\/div>          <\/div>\n                                <\/aside>\n                                <script>\n                                    \"use strict\";\n                                    var initModuleCarousel  = true;\n                                    var modCarHeight        = 470;\n                                    var modCarAutoStart     = false;\n                                <\/script>\n","protected":false},"excerpt":{"rendered":"<p>Prace laureat\u00f3w oraz wyr\u00f3\u017cnionych uczni\u00f3w szk\u00f3\u0142 podstawowych klas IV z wojew\u00f3dztwa podkarpackiego zosta\u0142y umieszczone na kartach kalendarza na 2021r. oraz zaprezentowane w galerii wystaw w holu siedziby Podkarpackiej Okr\u0119gowej Izby Architekt\u00f3w RP w Rzeszowie. 10 stycznia w siedzibie Podkarpackiej Okr\u0119gowej Izbie Architekt\u00f3w odby\u0142o si\u0119 otwarcie wystawy oraz wr\u0119czenie nagr\u00f3d dla autor\u00f3w nagrodzonych i wyr\u00f3\u017cnionych prac [&hellip;]<\/p>\n","protected":false},"author":6,"featured_media":4240,"comment_status":"closed","ping_status":"open","sticky":false,"template":"","format":"standard","meta":{"footnotes":""},"categories":[62],"tags":[],"class_list":["post-4232","post","type-post","status-publish","format-standard","has-post-thumbnail","hentry","category-konkursy"],"publishpress_future_action":{"enabled":false,"date":"2026-05-05 03:09:35","action":"change-status","newStatus":"draft","terms":[],"taxonomy":"category","extraData":[]},"publishpress_future_workflow_manual_trigger":{"enabledWorkflows":[]},"_links":{"self":[{"href":"https:\/\/podkarpacka.iarp.pl\/index.php?rest_route=\/wp\/v2\/posts\/4232","targetHints":{"allow":["GET"]}}],"collection":[{"href":"https:\/\/podkarpacka.iarp.pl\/index.php?rest_route=\/wp\/v2\/posts"}],"about":[{"href":"https:\/\/podkarpacka.iarp.pl\/index.php?rest_route=\/wp\/v2\/types\/post"}],"author":[{"embeddable":true,"href":"https:\/\/podkarpacka.iarp.pl\/index.php?rest_route=\/wp\/v2\/users\/6"}],"replies":[{"embeddable":true,"href":"https:\/\/podkarpacka.iarp.pl\/index.php?rest_route=%2Fwp%2Fv2%2Fcomments&post=4232"}],"version-history":[{"count":7,"href":"https:\/\/podkarpacka.iarp.pl\/index.php?rest_route=\/wp\/v2\/posts\/4232\/revisions"}],"predecessor-version":[{"id":4244,"href":"https:\/\/podkarpacka.iarp.pl\/index.php?rest_route=\/wp\/v2\/posts\/4232\/revisions\/4244"}],"wp:featuredmedia":[{"embeddable":true,"href":"https:\/\/podkarpacka.iarp.pl\/index.php?rest_route=\/wp\/v2\/media\/4240"}],"wp:attachment":[{"href":"https:\/\/podkarpacka.iarp.pl\/index.php?rest_route=%2Fwp%2Fv2%2Fmedia&parent=4232"}],"wp:term":[{"taxonomy":"category","embeddable":true,"href":"https:\/\/podkarpacka.iarp.pl\/index.php?rest_route=%2Fwp%2Fv2%2Fcategories&post=4232"},{"taxonomy":"post_tag","embeddable":true,"href":"https:\/\/podkarpacka.iarp.pl\/index.php?rest_route=%2Fwp%2Fv2%2Ftags&post=4232"}],"curies":[{"name":"wp","href":"https:\/\/api.w.org\/{rel}","templated":true}]}}