{"id":4254,"date":"2021-03-03T10:12:56","date_gmt":"2021-03-03T08:12:56","guid":{"rendered":"http:\/\/podkarpacka.iarp.pl\/?p=4254"},"modified":"2021-03-03T10:12:56","modified_gmt":"2021-03-03T08:12:56","slug":"zawiadomienie-o-xv-zjezdzie-sprawozdawczym-pkoia-rp-27-marca-2021-roku","status":"publish","type":"post","link":"https:\/\/podkarpacka.iarp.pl\/?p=4254","title":{"rendered":"Zawiadomienie o XV Zje\u017adzie Sprawozdawczym PKOIA RP &#8211; 27 marca 2021 roku"},"content":{"rendered":"<p>Szanowni Pa\u0144stwo<\/p>\n<p>&nbsp;<\/p>\n<p>W za\u0142\u0105czeniu przesy\u0142amy Pa\u0144stwu informacj\u0119 o XV Zje\u017adzie Sprawozdawczym Podkarpackiej Okr\u0119gowej Izby Architekt\u00f3w RP i przeprowadzenia g\u0142osowania za po\u015brednictwem systemu cz\u0142onkowskiego <strong>w dniu 27 marca 2021 roku.<\/strong><\/p>\n<p>&nbsp;<\/p>\n<p>Pozdrawiam biuro PKOIA RP<\/p>\n<p>Anna Horska<\/p>\n<p>Ewa Inglot<\/p>\n<p>&nbsp;<\/p>\n<p>&nbsp;<\/p>\n<p><a href=\"https:\/\/podkarpacka.iarp.pl\/wp-content\/uploads\/2021\/03\/XVSprawozdawczy-Zjazd-PKOIA-RP-1.jpg\"><img loading=\"lazy\" decoding=\"async\" class=\"aligncenter size-large wp-image-4259\" src=\"https:\/\/podkarpacka.iarp.pl\/wp-content\/uploads\/2021\/03\/XVSprawozdawczy-Zjazd-PKOIA-RP-1-724x1024.jpg\" alt=\"\" width=\"724\" height=\"1024\" srcset=\"https:\/\/podkarpacka.iarp.pl\/wp-content\/uploads\/2021\/03\/XVSprawozdawczy-Zjazd-PKOIA-RP-1-724x1024.jpg 724w, https:\/\/podkarpacka.iarp.pl\/wp-content\/uploads\/2021\/03\/XVSprawozdawczy-Zjazd-PKOIA-RP-1-212x300.jpg 212w, https:\/\/podkarpacka.iarp.pl\/wp-content\/uploads\/2021\/03\/XVSprawozdawczy-Zjazd-PKOIA-RP-1-768x1086.jpg 768w, https:\/\/podkarpacka.iarp.pl\/wp-content\/uploads\/2021\/03\/XVSprawozdawczy-Zjazd-PKOIA-RP-1.jpg 1654w\" sizes=\"auto, (max-width: 724px) 100vw, 724px\" \/><\/a><\/p>\n<p><a href=\"https:\/\/podkarpacka.iarp.pl\/wp-content\/uploads\/2021\/03\/XVSprawozdawczy-Zjazd-PKOIA-RP-2.jpg\"><img loading=\"lazy\" decoding=\"async\" class=\"aligncenter size-large wp-image-4260\" src=\"https:\/\/podkarpacka.iarp.pl\/wp-content\/uploads\/2021\/03\/XVSprawozdawczy-Zjazd-PKOIA-RP-2-724x1024.jpg\" alt=\"\" width=\"724\" height=\"1024\" srcset=\"https:\/\/podkarpacka.iarp.pl\/wp-content\/uploads\/2021\/03\/XVSprawozdawczy-Zjazd-PKOIA-RP-2-724x1024.jpg 724w, https:\/\/podkarpacka.iarp.pl\/wp-content\/uploads\/2021\/03\/XVSprawozdawczy-Zjazd-PKOIA-RP-2-212x300.jpg 212w, https:\/\/podkarpacka.iarp.pl\/wp-content\/uploads\/2021\/03\/XVSprawozdawczy-Zjazd-PKOIA-RP-2-768x1086.jpg 768w, https:\/\/podkarpacka.iarp.pl\/wp-content\/uploads\/2021\/03\/XVSprawozdawczy-Zjazd-PKOIA-RP-2.jpg 1654w\" sizes=\"auto, (max-width: 724px) 100vw, 724px\" \/><\/a><\/p>\n<p>&nbsp;<\/p>\n","protected":false},"excerpt":{"rendered":"<p>Szanowni Pa\u0144stwo &nbsp; W za\u0142\u0105czeniu przesy\u0142amy Pa\u0144stwu informacj\u0119 o XV Zje\u017adzie Sprawozdawczym Podkarpackiej Okr\u0119gowej Izby Architekt\u00f3w RP i przeprowadzenia g\u0142osowania za po\u015brednictwem systemu cz\u0142onkowskiego w dniu 27 marca 2021 roku. &nbsp; Pozdrawiam biuro PKOIA RP Anna Horska Ewa Inglot &nbsp; &nbsp; &nbsp;<\/p>\n","protected":false},"author":6,"featured_media":860,"comment_status":"closed","ping_status":"open","sticky":false,"template":"","format":"standard","meta":{"footnotes":""},"categories":[56],"tags":[],"class_list":["post-4254","post","type-post","status-publish","format-standard","has-post-thumbnail","hentry","category-informacje-rady"],"publishpress_future_action":{"enabled":false,"date":"2026-05-08 10:26:26","action":"change-status","newStatus":"draft","terms":[],"taxonomy":"category","extraData":[]},"publishpress_future_workflow_manual_trigger":{"enabledWorkflows":[]},"_links":{"self":[{"href":"https:\/\/podkarpacka.iarp.pl\/index.php?rest_route=\/wp\/v2\/posts\/4254","targetHints":{"allow":["GET"]}}],"collection":[{"href":"https:\/\/podkarpacka.iarp.pl\/index.php?rest_route=\/wp\/v2\/posts"}],"about":[{"href":"https:\/\/podkarpacka.iarp.pl\/index.php?rest_route=\/wp\/v2\/types\/post"}],"author":[{"embeddable":true,"href":"https:\/\/podkarpacka.iarp.pl\/index.php?rest_route=\/wp\/v2\/users\/6"}],"replies":[{"embeddable":true,"href":"https:\/\/podkarpacka.iarp.pl\/index.php?rest_route=%2Fwp%2Fv2%2Fcomments&post=4254"}],"version-history":[{"count":3,"href":"https:\/\/podkarpacka.iarp.pl\/index.php?rest_route=\/wp\/v2\/posts\/4254\/revisions"}],"predecessor-version":[{"id":4262,"href":"https:\/\/podkarpacka.iarp.pl\/index.php?rest_route=\/wp\/v2\/posts\/4254\/revisions\/4262"}],"wp:featuredmedia":[{"embeddable":true,"href":"https:\/\/podkarpacka.iarp.pl\/index.php?rest_route=\/wp\/v2\/media\/860"}],"wp:attachment":[{"href":"https:\/\/podkarpacka.iarp.pl\/index.php?rest_route=%2Fwp%2Fv2%2Fmedia&parent=4254"}],"wp:term":[{"taxonomy":"category","embeddable":true,"href":"https:\/\/podkarpacka.iarp.pl\/index.php?rest_route=%2Fwp%2Fv2%2Fcategories&post=4254"},{"taxonomy":"post_tag","embeddable":true,"href":"https:\/\/podkarpacka.iarp.pl\/index.php?rest_route=%2Fwp%2Fv2%2Ftags&post=4254"}],"curies":[{"name":"wp","href":"https:\/\/api.w.org\/{rel}","templated":true}]}}