{"id":4264,"date":"2021-03-12T21:00:59","date_gmt":"2021-03-12T19:00:59","guid":{"rendered":"http:\/\/podkarpacka.iarp.pl\/?p=4264"},"modified":"2021-03-12T21:05:16","modified_gmt":"2021-03-12T19:05:16","slug":"zmarl-nasz-kolega-stanislaw-wiercioch","status":"publish","type":"post","link":"https:\/\/podkarpacka.iarp.pl\/?p=4264","title":{"rendered":"Zmar\u0142 nasz Kolega Stanis\u0142aw Wiercioch"},"content":{"rendered":"\n<p>Z przykro\u015bci\u0105 zawiadamiamy, \u017ce odszed\u0142 od nas nasz kolega arch. Stanis\u0142aw Wiercioch.  Uroczysto\u015bci pogrzebowe odb\u0119d\u0105 si\u0119 w kaplicy na Cmentarzu Wilkowyja w dniu\u00a0<strong>15.03.2021r.o godz.14:30<\/strong>.<\/p>\n\n\n<p><a href=\"https:\/\/podkarpacka.iarp.pl\/wp-content\/uploads\/2021\/03\/klepsydra-WIERCIOCH-STANISLAW.jpg\"><img loading=\"lazy\" decoding=\"async\" class=\"aligncenter size-large wp-image-4265\" src=\"https:\/\/podkarpacka.iarp.pl\/wp-content\/uploads\/2021\/03\/klepsydra-WIERCIOCH-STANISLAW-1024x724.jpg\" alt=\"\" width=\"770\" height=\"544\" srcset=\"https:\/\/podkarpacka.iarp.pl\/wp-content\/uploads\/2021\/03\/klepsydra-WIERCIOCH-STANISLAW-1024x724.jpg 1024w, https:\/\/podkarpacka.iarp.pl\/wp-content\/uploads\/2021\/03\/klepsydra-WIERCIOCH-STANISLAW-300x212.jpg 300w, https:\/\/podkarpacka.iarp.pl\/wp-content\/uploads\/2021\/03\/klepsydra-WIERCIOCH-STANISLAW-768x543.jpg 768w\" sizes=\"auto, (max-width: 770px) 100vw, 770px\" \/><\/a><\/p>","protected":false},"excerpt":{"rendered":"<p>Z przykro\u015bci\u0105 zawiadamiamy, \u017ce odszed\u0142 od nas nasz kolega arch. Stanis\u0142aw Wiercioch. Uroczysto\u015bci pogrzebowe odb\u0119d\u0105 si\u0119 w kaplicy na Cmentarzu Wilkowyja w dniu\u00a015.03.2021r.o godz.14:30.<\/p>\n","protected":false},"author":6,"featured_media":1613,"comment_status":"closed","ping_status":"open","sticky":false,"template":"","format":"standard","meta":{"footnotes":""},"categories":[1],"tags":[],"class_list":["post-4264","post","type-post","status-publish","format-standard","has-post-thumbnail","hentry","category-bez-kategorii"],"publishpress_future_action":{"enabled":false,"date":"2026-05-06 06:35:32","action":"change-status","newStatus":"draft","terms":[],"taxonomy":"category","extraData":[]},"publishpress_future_workflow_manual_trigger":{"enabledWorkflows":[]},"_links":{"self":[{"href":"https:\/\/podkarpacka.iarp.pl\/index.php?rest_route=\/wp\/v2\/posts\/4264","targetHints":{"allow":["GET"]}}],"collection":[{"href":"https:\/\/podkarpacka.iarp.pl\/index.php?rest_route=\/wp\/v2\/posts"}],"about":[{"href":"https:\/\/podkarpacka.iarp.pl\/index.php?rest_route=\/wp\/v2\/types\/post"}],"author":[{"embeddable":true,"href":"https:\/\/podkarpacka.iarp.pl\/index.php?rest_route=\/wp\/v2\/users\/6"}],"replies":[{"embeddable":true,"href":"https:\/\/podkarpacka.iarp.pl\/index.php?rest_route=%2Fwp%2Fv2%2Fcomments&post=4264"}],"version-history":[{"count":3,"href":"https:\/\/podkarpacka.iarp.pl\/index.php?rest_route=\/wp\/v2\/posts\/4264\/revisions"}],"predecessor-version":[{"id":4269,"href":"https:\/\/podkarpacka.iarp.pl\/index.php?rest_route=\/wp\/v2\/posts\/4264\/revisions\/4269"}],"wp:featuredmedia":[{"embeddable":true,"href":"https:\/\/podkarpacka.iarp.pl\/index.php?rest_route=\/wp\/v2\/media\/1613"}],"wp:attachment":[{"href":"https:\/\/podkarpacka.iarp.pl\/index.php?rest_route=%2Fwp%2Fv2%2Fmedia&parent=4264"}],"wp:term":[{"taxonomy":"category","embeddable":true,"href":"https:\/\/podkarpacka.iarp.pl\/index.php?rest_route=%2Fwp%2Fv2%2Fcategories&post=4264"},{"taxonomy":"post_tag","embeddable":true,"href":"https:\/\/podkarpacka.iarp.pl\/index.php?rest_route=%2Fwp%2Fv2%2Ftags&post=4264"}],"curies":[{"name":"wp","href":"https:\/\/api.w.org\/{rel}","templated":true}]}}