{"id":4277,"date":"2021-03-26T08:33:51","date_gmt":"2021-03-26T06:33:51","guid":{"rendered":"http:\/\/podkarpacka.iarp.pl\/?p=4277"},"modified":"2021-03-26T08:33:51","modified_gmt":"2021-03-26T06:33:51","slug":"szkolenie-okreslanie-powierzchni-i-kubatur-w-projektowaniu-29-03-2021-r","status":"publish","type":"post","link":"https:\/\/podkarpacka.iarp.pl\/?p=4277","title":{"rendered":"Szkolenie: &#8220;Okre\u015blanie powierzchni i kubatur w projektowaniu&#8221; &#8211; 29.03.2021 r."},"content":{"rendered":"<p>Podkomisja Szkole\u0144 Zawodowych Architekt\u00f3w dzia\u0142aj\u0105ca przy KRIA RP, zaprasza na szkolenie.<\/p>\n<p>O SZKOLENIU<br \/>\nOkre\u015blanie powierzchni i kubatur w projektowaniu:<br \/>\n1. Regulacje prawne (od 19.09.2020) a obmiary powierzchni.<br \/>\n2. Podstawy prawne stosowania Normy PN-ISO 9836:2015-12.<br \/>\n3. PN-ISO 9836:2015-12 a PN-ISO 9836:1997 r\u00f3\u017cnice.<br \/>\n4. Norma PN-ISO 9836:2015-12: definicje i metody oblicze\u0144.<br \/>\n5. Praktyczne pytania i odpowiedzi odno\u015bnie okre\u015blania powierzchni (np. jak liczy\u0107 powierzchnie pod \u015bciankami dzia\u0142owymi ?)<\/p>\n<p>O PRELEGENCIE<br \/>\nDr in\u017c. arch. Piotr \u017babicki jest partnerem w pracowni Kury\u0142owicz &amp; Associates.<br \/>\nUprawnienia projektowe zdoby\u0142 w 2001 roku, jest cz\u0142onkiem Izby Architekt\u00f3w RP, cz\u0142onkiem SARP, rzeczoznawc\u0105 budowlanym i bieg\u0142ym s\u0105dowym.<\/p>\n<p>TERMIN SZKOLENIA<br \/>\nod dnia 29 marca 2021 roku<\/p>\n<p>FORMA SZKOLENIA<br \/>\nSzkolenie Internetowe online na portalu www.WarsztatArchitekta.pl dost\u0119pne po zalogowaniu.<br \/>\nNagranie ze szkolenia b\u0119dzie dost\u0119pne bez ogranicze\u0144 czasowych.<br \/>\n<a href=\"https:\/\/www.warsztatarchitekta.pl\/szkolenia\/\">https:\/\/www.warsztatarchitekta.pl\/szkolenia\/<\/a><\/p>\n<p>&nbsp;<\/p>\n<p>W celu otrzymania CERTYFIKATU SZKOLENIOWEGO nale\u017cy przed szkoleniem zarejestrowa\u0107 sw\u00f3j udzia\u0142 na Platformie szkoleniowej IARP <a href=\"https:\/\/szkolenia.iarp.pl\/\">https:\/\/szkolenia.iarp.pl\/<\/a>, a nast\u0119pnie wzi\u0105\u0107 udzia\u0142 w szkoleniu w przeci\u0105gu jednego miesi\u0105ca.<\/p>\n<p>&nbsp;<\/p>\n<p>Biuro PKOIA RP<\/p>\n<p>&nbsp;<\/p>\n<p>&nbsp;<\/p>\n","protected":false},"excerpt":{"rendered":"<p>Podkomisja Szkole\u0144 Zawodowych Architekt\u00f3w dzia\u0142aj\u0105ca przy KRIA RP, zaprasza na szkolenie. O SZKOLENIU Okre\u015blanie powierzchni i kubatur w projektowaniu: 1. Regulacje prawne (od 19.09.2020) a obmiary powierzchni. 2. Podstawy prawne stosowania Normy PN-ISO 9836:2015-12. 3. PN-ISO 9836:2015-12 a PN-ISO 9836:1997 r\u00f3\u017cnice. 4. Norma PN-ISO 9836:2015-12: definicje i metody oblicze\u0144. 5. Praktyczne pytania i odpowiedzi odno\u015bnie [&hellip;]<\/p>\n","protected":false},"author":6,"featured_media":859,"comment_status":"closed","ping_status":"open","sticky":false,"template":"","format":"standard","meta":{"footnotes":""},"categories":[57],"tags":[],"class_list":["post-4277","post","type-post","status-publish","format-standard","has-post-thumbnail","hentry","category-szkolenia"],"publishpress_future_action":{"enabled":false,"date":"2026-05-05 00:36:14","action":"change-status","newStatus":"draft","terms":[],"taxonomy":"category","extraData":[]},"publishpress_future_workflow_manual_trigger":{"enabledWorkflows":[]},"_links":{"self":[{"href":"https:\/\/podkarpacka.iarp.pl\/index.php?rest_route=\/wp\/v2\/posts\/4277","targetHints":{"allow":["GET"]}}],"collection":[{"href":"https:\/\/podkarpacka.iarp.pl\/index.php?rest_route=\/wp\/v2\/posts"}],"about":[{"href":"https:\/\/podkarpacka.iarp.pl\/index.php?rest_route=\/wp\/v2\/types\/post"}],"author":[{"embeddable":true,"href":"https:\/\/podkarpacka.iarp.pl\/index.php?rest_route=\/wp\/v2\/users\/6"}],"replies":[{"embeddable":true,"href":"https:\/\/podkarpacka.iarp.pl\/index.php?rest_route=%2Fwp%2Fv2%2Fcomments&post=4277"}],"version-history":[{"count":5,"href":"https:\/\/podkarpacka.iarp.pl\/index.php?rest_route=\/wp\/v2\/posts\/4277\/revisions"}],"predecessor-version":[{"id":4283,"href":"https:\/\/podkarpacka.iarp.pl\/index.php?rest_route=\/wp\/v2\/posts\/4277\/revisions\/4283"}],"wp:featuredmedia":[{"embeddable":true,"href":"https:\/\/podkarpacka.iarp.pl\/index.php?rest_route=\/wp\/v2\/media\/859"}],"wp:attachment":[{"href":"https:\/\/podkarpacka.iarp.pl\/index.php?rest_route=%2Fwp%2Fv2%2Fmedia&parent=4277"}],"wp:term":[{"taxonomy":"category","embeddable":true,"href":"https:\/\/podkarpacka.iarp.pl\/index.php?rest_route=%2Fwp%2Fv2%2Fcategories&post=4277"},{"taxonomy":"post_tag","embeddable":true,"href":"https:\/\/podkarpacka.iarp.pl\/index.php?rest_route=%2Fwp%2Fv2%2Ftags&post=4277"}],"curies":[{"name":"wp","href":"https:\/\/api.w.org\/{rel}","templated":true}]}}