{"id":4289,"date":"2021-04-07T13:27:19","date_gmt":"2021-04-07T11:27:19","guid":{"rendered":"http:\/\/podkarpacka.iarp.pl\/?p=4289"},"modified":"2021-04-07T13:27:47","modified_gmt":"2021-04-07T11:27:47","slug":"szkolenie-odpowiedzialnosc-architekta-postepowanie-dyscyplinarne-i-zawodowe-co-nam-grozi-jak-sie-bronic-12-04-2021-r","status":"publish","type":"post","link":"https:\/\/podkarpacka.iarp.pl\/?p=4289","title":{"rendered":"Szkolenie: &#8220;Odpowiedzialno\u015b\u0107 architekta &#8211; post\u0119powanie dyscyplinarne i zawodowe. Co nam grozi? Jak si\u0119 broni\u0107?&#8221; &#8211; 12.04.2021 r."},"content":{"rendered":"<p style=\"font-weight: 400;\">Pomorska Okr\u0119gowa Izba Architekt\u00f3w RP serdecznie zaprasza na szkolenie on-line pt.<strong>\u00a0<\/strong><\/p>\n<p style=\"font-weight: 400;\"><strong>&#8220;Odpowiedzialno\u015b\u0107 architekta &#8211; post\u0119powanie dyscyplinarne i zawodowe. Co nam grozi? Jak si\u0119 broni\u0107?&#8221;<\/strong>,<\/p>\n<p style=\"font-weight: 400;\">kt\u00f3re odb\u0119dzie\u00a0<strong>w dniu 12.04.2021 r. (poniedzia\u0142ek) o godz. 17.00<\/strong>.<\/p>\n<p style=\"font-weight: 400;\">Udzia\u0142 w szkoleniu b\u0119dzie mo\u017cliwy za pomoc\u0105 w\u0142asnego sprz\u0119tu z dost\u0119pem do internetu.<\/p>\n<p style=\"font-weight: 400;\">Szkolenie poprowadzi\u00a0<strong>adwokat Dominika Szuma\u0142a.<\/strong><\/p>\n<p style=\"font-weight: 400;\">Szczeg\u00f3\u0142owe informacje o szkoleniu oraz mo\u017cliwo\u015b\u0107 rejestracji elektronicznej znajd\u0105 Pa\u0144stwo pod linkiem:\u00a0<a href=\"https:\/\/szkolenia.iarp.pl\/szkolenie\/959\" data-saferedirecturl=\"https:\/\/www.google.com\/url?q=https:\/\/szkolenia.iarp.pl\/szkolenie\/959&amp;source=gmail&amp;ust=1617877524601000&amp;usg=AFQjCNEd2uuTKDc8dy-ldg-AuO6cCxF9pw\">https:\/\/szkolenia.iarp.pl\/szkolenie\/959<\/a><\/p>\n<p style=\"font-weight: 400;\"><strong>Dane do logowania:<\/strong><\/p>\n<p style=\"font-weight: 400;\">Przy logowaniu nale\u017cy si\u0119 pos\u0142u\u017cy\u0107 loginem i has\u0142em s\u0142u\u017c\u0105cym do logowania na stronie\u00a0<a href=\"http:\/\/www.izbaarchitektow.pl\/\" data-saferedirecturl=\"https:\/\/www.google.com\/url?q=http:\/\/www.izbaarchitektow.pl&amp;source=gmail&amp;ust=1617877524601000&amp;usg=AFQjCNEtOk0vGMi5Bz8O_TzRISqVvfDk2w\">http:\/\/www.izbaarchitektow.pl\/<\/a>\u00a0(dane do systemu, aby pobra\u0107 za\u015bwiadczenie o przynale\u017cno\u015bci do Izby).<\/p>\n<p style=\"font-weight: 400;\"><strong>Do zapisanych os\u00f3b prze\u015blemy link do webinaru, kt\u00f3ry odb\u0119dzie si\u0119 przez aplikacj\u0119 click meenting.<\/strong><\/p>\n<p>&nbsp;<\/p>\n<p style=\"font-weight: 400;\">Biuro PKOIA RP<br \/>\nAnna Horska<\/p>\n","protected":false},"excerpt":{"rendered":"<p>Pomorska Okr\u0119gowa Izba Architekt\u00f3w RP serdecznie zaprasza na szkolenie on-line pt.\u00a0 &#8220;Odpowiedzialno\u015b\u0107 architekta &#8211; post\u0119powanie dyscyplinarne i zawodowe. Co nam grozi? Jak si\u0119 broni\u0107?&#8221;, kt\u00f3re odb\u0119dzie\u00a0w dniu 12.04.2021 r. (poniedzia\u0142ek) o godz. 17.00. Udzia\u0142 w szkoleniu b\u0119dzie mo\u017cliwy za pomoc\u0105 w\u0142asnego sprz\u0119tu z dost\u0119pem do internetu. Szkolenie poprowadzi\u00a0adwokat Dominika Szuma\u0142a. Szczeg\u00f3\u0142owe informacje o szkoleniu oraz [&hellip;]<\/p>\n","protected":false},"author":6,"featured_media":864,"comment_status":"closed","ping_status":"open","sticky":false,"template":"","format":"standard","meta":{"footnotes":""},"categories":[57],"tags":[],"class_list":["post-4289","post","type-post","status-publish","format-standard","has-post-thumbnail","hentry","category-szkolenia"],"publishpress_future_action":{"enabled":false,"date":"2026-05-05 00:39:08","action":"change-status","newStatus":"draft","terms":[],"taxonomy":"category","extraData":[]},"publishpress_future_workflow_manual_trigger":{"enabledWorkflows":[]},"_links":{"self":[{"href":"https:\/\/podkarpacka.iarp.pl\/index.php?rest_route=\/wp\/v2\/posts\/4289","targetHints":{"allow":["GET"]}}],"collection":[{"href":"https:\/\/podkarpacka.iarp.pl\/index.php?rest_route=\/wp\/v2\/posts"}],"about":[{"href":"https:\/\/podkarpacka.iarp.pl\/index.php?rest_route=\/wp\/v2\/types\/post"}],"author":[{"embeddable":true,"href":"https:\/\/podkarpacka.iarp.pl\/index.php?rest_route=\/wp\/v2\/users\/6"}],"replies":[{"embeddable":true,"href":"https:\/\/podkarpacka.iarp.pl\/index.php?rest_route=%2Fwp%2Fv2%2Fcomments&post=4289"}],"version-history":[{"count":4,"href":"https:\/\/podkarpacka.iarp.pl\/index.php?rest_route=\/wp\/v2\/posts\/4289\/revisions"}],"predecessor-version":[{"id":4293,"href":"https:\/\/podkarpacka.iarp.pl\/index.php?rest_route=\/wp\/v2\/posts\/4289\/revisions\/4293"}],"wp:featuredmedia":[{"embeddable":true,"href":"https:\/\/podkarpacka.iarp.pl\/index.php?rest_route=\/wp\/v2\/media\/864"}],"wp:attachment":[{"href":"https:\/\/podkarpacka.iarp.pl\/index.php?rest_route=%2Fwp%2Fv2%2Fmedia&parent=4289"}],"wp:term":[{"taxonomy":"category","embeddable":true,"href":"https:\/\/podkarpacka.iarp.pl\/index.php?rest_route=%2Fwp%2Fv2%2Fcategories&post=4289"},{"taxonomy":"post_tag","embeddable":true,"href":"https:\/\/podkarpacka.iarp.pl\/index.php?rest_route=%2Fwp%2Fv2%2Ftags&post=4289"}],"curies":[{"name":"wp","href":"https:\/\/api.w.org\/{rel}","templated":true}]}}