{"id":4317,"date":"2021-05-21T06:49:41","date_gmt":"2021-05-21T04:49:41","guid":{"rendered":"http:\/\/podkarpacka.iarp.pl\/?p=4317"},"modified":"2021-05-21T06:52:53","modified_gmt":"2021-05-21T04:52:53","slug":"cykl-szkolen-przygotowanych-w-formie-online-pt-hydroizolacje","status":"publish","type":"post","link":"https:\/\/podkarpacka.iarp.pl\/?p=4317","title":{"rendered":"Cykl szkole\u0144 przygotowanych w formie online, pt. \u201eHYDROIZOLACJE\u201d"},"content":{"rendered":"<p style=\"font-weight: 400;\"><strong>Szanowni Pa\u0144stwo,<\/strong><\/p>\n<p style=\"font-weight: 400;\">Uprzejmie informuj\u0119, \u017ce Wielkopolska Okr\u0119gowa Izba Architekt\u00f3w RP, we wsp\u00f3\u0142pracy z firm\u0105 Remmers Polska Sp. z o.o., organizuje i zaprasza na cykl szkole\u0144 przygotowanych w formie online, pt. \u201eHYDROIZOLACJE\u201d, kt\u00f3re odb\u0119dzie si\u0119 w 4 cz\u0119\u015bciach.<\/p>\n<p style=\"font-weight: 400;\"><strong>Cze\u015b\u0107 I &#8211; Co z oczu to z serca? \u2013 Zasady wykonywania hydroizolacji \u015bcian zewn\u0119trznych budynk\u00f3w zag\u0142\u0119bionych w gruncie<\/strong><\/p>\n<p style=\"font-weight: 400;\"><strong>Termin szkolenia: 26 maja 2021 roku (\u015broda), godz. 14.00<\/strong><\/p>\n<p style=\"font-weight: 400;\">Zapisy na szkolenie:\u00a0<a href=\"https:\/\/szkolenia.iarp.pl\/szkolenie\/972\" data-saferedirecturl=\"https:\/\/www.google.com\/url?q=https:\/\/szkolenia.iarp.pl\/szkolenie\/972&amp;source=gmail&amp;ust=1621618837398000&amp;usg=AFQjCNEhsYZl_ude7p1d55bo98SOzN3juQ\">https:\/\/szkolenia.iarp.pl\/szkolenie\/972<\/a><\/p>\n<p style=\"font-weight: 400;\">Termin rejestracji w systemie szkoleniowym IARP \u2013 do 25 maja br. do godz.14.00<\/p>\n<p style=\"font-weight: 400;\"><strong>\u00a0<\/strong><\/p>\n<p style=\"font-weight: 400;\"><strong>Cze\u015b\u0107 II &#8211; Praw fizyki pan nie zmienisz, czyli jak wykona\u0107 hydroizolacje wt\u00f3rne\u00a0 w miejscach do kt\u00f3rych nie ma dost\u0119pu<\/strong><\/p>\n<p style=\"font-weight: 400;\"><strong>Termin szkolenia: 9 czerwca 2021 roku (\u015broda), godz. 14.00<\/strong><\/p>\n<p style=\"font-weight: 400;\">Zapisy na szkolenie:\u00a0<a href=\"https:\/\/szkolenia.iarp.pl\/szkolenie\/973\" data-saferedirecturl=\"https:\/\/www.google.com\/url?q=https:\/\/szkolenia.iarp.pl\/szkolenie\/973&amp;source=gmail&amp;ust=1621618837398000&amp;usg=AFQjCNEsDsmD9Lz6tHq88ukHT4ZkQAIgCQ\">https:\/\/szkolenia.iarp.pl\/szkolenie\/973<\/a><\/p>\n<p style=\"font-weight: 400;\">Termin rejestracji w systemie szkoleniowym IARP \u2013 do 8 czerwca br. do godz.14.00<\/p>\n<p style=\"font-weight: 400;\"><strong>\u00a0<\/strong><\/p>\n<p style=\"font-weight: 400;\"><strong>Cze\u015b\u0107 III &#8211; Nie tylko hydroizolacja \u2013 co nale\u017cy zrobi\u0107 przed i po \u201ezakr\u0119ceniu kranu\u201d<\/strong><\/p>\n<p style=\"font-weight: 400;\"><strong>Termin szkolenia: 16 czerwca 2021 roku (\u015broda), godz. 14.00<\/strong><\/p>\n<p style=\"font-weight: 400;\">Zapisy na szkolenie:\u00a0<a href=\"https:\/\/szkolenia.iarp.pl\/szkolenie\/974\" data-saferedirecturl=\"https:\/\/www.google.com\/url?q=https:\/\/szkolenia.iarp.pl\/szkolenie\/974&amp;source=gmail&amp;ust=1621618837398000&amp;usg=AFQjCNESmD6epzcvw7jRX7W4FuRnqIFKng\">https:\/\/szkolenia.iarp.pl\/szkolenie\/974<\/a><\/p>\n<p style=\"font-weight: 400;\">Termin rejestracji w systemie szkoleniowym IARP \u2013 do 15 czerwca br. do godz.14.00<\/p>\n<p style=\"font-weight: 400;\"><strong>\u00a0<\/strong><\/p>\n<p style=\"font-weight: 400;\"><strong>Cze\u015b\u0107 IV &#8211; Balkon stary lepszy od nowego? \u2013 Czyli dlaczego wsp\u00f3\u0142czesne balkony ju\u017c po kilku latach stwarzaj\u0105 problemy<\/strong><\/p>\n<p style=\"font-weight: 400;\"><strong>Termin szkolenia: 23 czerwca 2021 roku (\u015broda), godz. 14.00<\/strong><\/p>\n<p style=\"font-weight: 400;\">Zapisy na szkolenie:\u00a0<a href=\"https:\/\/szkolenia.iarp.pl\/szkolenie\/975\" data-saferedirecturl=\"https:\/\/www.google.com\/url?q=https:\/\/szkolenia.iarp.pl\/szkolenie\/975&amp;source=gmail&amp;ust=1621618837398000&amp;usg=AFQjCNGaK0bQAr3EcXIfwFqCG-tFyz4BVA\">https:\/\/szkolenia.iarp.pl\/szkolenie\/975<\/a><\/p>\n<p style=\"font-weight: 400;\">Termin rejestracji w systemie szkoleniowym IARP \u2013 do 22 czerwca br. do godz.14.00<\/p>\n<p style=\"font-weight: 400;\">W zwi\u0105zku z przeprowadzeniem szkolenia na platformie ClickMeeting przez przedstawicieli firmy Remmers Polska Sp. z o.o. i konieczno\u015bci\u0105 weryfikacji uczestnictwa w szkoleniu przez Wielkopolsk\u0105 OIA RP (w celu wygenerowania certyfikat\u00f3w),\u00a0<strong>zapisuj\u0105c si\u0119 na szkolenie wyra\u017caj\u0105 Pa\u0144stwo zgod\u0119 na przekazanie adresu mailowego oraz imienia i nazwiska firmie Remmers Polska Sp. z o.o.<\/strong><\/p>\n<p style=\"font-weight: 400;\"><strong>\u00a0<\/strong><\/p>\n<p style=\"font-weight: 400;\"><strong>Link do szkolenia zostanie udost\u0119pniony bezpo\u015brednio przez prowadz\u0105cego w dniu szkolenia.<\/strong><\/p>\n<p style=\"font-weight: 400;\"><strong>\u00a0<\/strong><\/p>\n<p style=\"font-weight: 400;\">Udzia\u0142 w\u00a0ka\u017cdym szkoleniu\u00a0mo\u017ce wzi\u0105\u0107 maksymalnie\u00a0200\u00a0architekt\u00f3w<strong>\u00a0<\/strong>(mo\u017cna wpisa\u0107 si\u0119 na list\u0119 rezerwow\u0105).<\/p>\n<p style=\"font-weight: 400;\"><u>\u00a0<\/u><\/p>\n<p style=\"font-weight: 400;\"><u>Prowadz\u0105cy:<\/u><\/p>\n<p style=\"font-weight: 400;\"><strong>&#8211;\u00a0<\/strong><strong>Pan Bart\u0142omiej Monczy\u0144ski<\/strong><\/p>\n<p style=\"font-weight: 400;\">Product Manager ds. Hydroizolacji w Remmers Polska Sp. z o.o.<\/p>\n<p style=\"font-weight: 400;\"><strong>\u00a0<\/strong><\/p>\n<p style=\"font-weight: 400;\"><strong>&#8211; Pan Jacek Zamiar<\/strong><\/p>\n<p style=\"font-weight: 400;\">Project Manager w Remmers Polska Sp. z o.o.<\/p>\n<p style=\"font-weight: 400;\">Wi\u0119cej informacji o prelegentach w za\u0142\u0105czniku.<\/p>\n<p style=\"font-weight: 400;\"><u>\u00a0<\/u><\/p>\n<p style=\"font-weight: 400;\"><u>Rejestracja i zapisy odbywaj\u0105 si\u0119 poprzez stron\u0119 internetow\u0105 IARP przez zak\u0142adk\u0119 &#8220;szkolenia&#8221; (po lewej stronie).<\/u><\/p>\n<p style=\"font-weight: 400;\"><strong>\u00a0<\/strong><\/p>\n<p style=\"font-weight: 400;\">W zwi\u0105zku z tym bardzo prosz\u0119, aby osoby, kt\u00f3re si\u0119 zapisa\u0142y, a kt\u00f3re z jakiego\u015b powodu b\u0119d\u0105 musia\u0142y zrezygnowa\u0107 z uczestnictwa w warsztatach, wypisa\u0142y si\u0119 z listy (na takiej samej zasadzie jak si\u0119 zarejestrowa\u0142y), umo\u017cliwiaj\u0105c tym samym uczestnictwo architektom z listy rezerwowej.<\/p>\n<p style=\"font-weight: 400;\">Dla cz\u0142onk\u00f3w Izby Architekt\u00f3w RP szkolenie jest bezp\u0142atne.<\/p>\n","protected":false},"excerpt":{"rendered":"<p>Szanowni Pa\u0144stwo, Uprzejmie informuj\u0119, \u017ce Wielkopolska Okr\u0119gowa Izba Architekt\u00f3w RP, we wsp\u00f3\u0142pracy z firm\u0105 Remmers Polska Sp. z o.o., organizuje i zaprasza na cykl szkole\u0144 przygotowanych w formie online, pt. \u201eHYDROIZOLACJE\u201d, kt\u00f3re odb\u0119dzie si\u0119 w 4 cz\u0119\u015bciach. Cze\u015b\u0107 I &#8211; Co z oczu to z serca? \u2013 Zasady wykonywania hydroizolacji \u015bcian zewn\u0119trznych budynk\u00f3w zag\u0142\u0119bionych w [&hellip;]<\/p>\n","protected":false},"author":6,"featured_media":859,"comment_status":"closed","ping_status":"open","sticky":false,"template":"","format":"standard","meta":{"footnotes":""},"categories":[57],"tags":[],"class_list":["post-4317","post","type-post","status-publish","format-standard","has-post-thumbnail","hentry","category-szkolenia"],"publishpress_future_action":{"enabled":false,"date":"2026-05-05 00:35:57","action":"change-status","newStatus":"draft","terms":[],"taxonomy":"category","extraData":[]},"publishpress_future_workflow_manual_trigger":{"enabledWorkflows":[]},"_links":{"self":[{"href":"https:\/\/podkarpacka.iarp.pl\/index.php?rest_route=\/wp\/v2\/posts\/4317","targetHints":{"allow":["GET"]}}],"collection":[{"href":"https:\/\/podkarpacka.iarp.pl\/index.php?rest_route=\/wp\/v2\/posts"}],"about":[{"href":"https:\/\/podkarpacka.iarp.pl\/index.php?rest_route=\/wp\/v2\/types\/post"}],"author":[{"embeddable":true,"href":"https:\/\/podkarpacka.iarp.pl\/index.php?rest_route=\/wp\/v2\/users\/6"}],"replies":[{"embeddable":true,"href":"https:\/\/podkarpacka.iarp.pl\/index.php?rest_route=%2Fwp%2Fv2%2Fcomments&post=4317"}],"version-history":[{"count":2,"href":"https:\/\/podkarpacka.iarp.pl\/index.php?rest_route=\/wp\/v2\/posts\/4317\/revisions"}],"predecessor-version":[{"id":4319,"href":"https:\/\/podkarpacka.iarp.pl\/index.php?rest_route=\/wp\/v2\/posts\/4317\/revisions\/4319"}],"wp:featuredmedia":[{"embeddable":true,"href":"https:\/\/podkarpacka.iarp.pl\/index.php?rest_route=\/wp\/v2\/media\/859"}],"wp:attachment":[{"href":"https:\/\/podkarpacka.iarp.pl\/index.php?rest_route=%2Fwp%2Fv2%2Fmedia&parent=4317"}],"wp:term":[{"taxonomy":"category","embeddable":true,"href":"https:\/\/podkarpacka.iarp.pl\/index.php?rest_route=%2Fwp%2Fv2%2Fcategories&post=4317"},{"taxonomy":"post_tag","embeddable":true,"href":"https:\/\/podkarpacka.iarp.pl\/index.php?rest_route=%2Fwp%2Fv2%2Ftags&post=4317"}],"curies":[{"name":"wp","href":"https:\/\/api.w.org\/{rel}","templated":true}]}}