{"id":4321,"date":"2021-05-25T08:18:36","date_gmt":"2021-05-25T06:18:36","guid":{"rendered":"http:\/\/podkarpacka.iarp.pl\/?p=4321"},"modified":"2021-05-25T08:18:36","modified_gmt":"2021-05-25T06:18:36","slug":"szkolenie-wprowadzenie-do-tematow-zrownowazonego-budownictwa-w-oparciu-o-kluczowe-regulacje-ue","status":"publish","type":"post","link":"https:\/\/podkarpacka.iarp.pl\/?p=4321","title":{"rendered":"Szkolenie: &#8220;Wprowadzenie do temat\u00f3w zr\u00f3wnowa\u017conego budownictwa w oparciu o kluczowe regulacje UE.:"},"content":{"rendered":"<p><span lang=\"PL\">Podkomisja Szkole\u0144 Zawodowych Architekt\u00f3w dzia\u0142aj\u0105ca przy KRIA RP zaprasza na szkolenie:<br \/>\n<b>Wprowadzenie do temat\u00f3w zr\u00f3wnowa\u017conego budownictwa w oparciu o kluczowe regulacje UE.<br \/>\nWskazanie perspektywy d\u0142ugookresowej dotycz\u0105cej budynk\u00f3w i materia\u0142\u00f3w w ca\u0142ym ich cyklu \u017cycia.<\/b><br \/>\nRejestracja oraz szczeg\u00f3\u0142y dotycz\u0105ce szkolenia znajduj\u0105 si\u0119 na Platformie Szkoleniowej Izby Architekt\u00f3w RP pod linkiem:\u00a0<\/span><a href=\"https:\/\/szkolenia.iarp.pl\/szkolenie\/981\" target=\"_blank\" rel=\"noopener noreferrer\" data-saferedirecturl=\"https:\/\/www.google.com\/url?q=https:\/\/szkolenia.iarp.pl\/szkolenie\/981&amp;source=gmail&amp;ust=1622008947030000&amp;usg=AFQjCNGqG0Iw2Vxiq8aeCDUbDVReue_i4w\"><span lang=\"PL\">https:\/\/szkolenia.iarp.pl\/<wbr><\/wbr>szkolenie\/981<\/span><\/a><span lang=\"PL\"><br \/>\nPo zako\u0144czonym szkoleniu, nagranie dost\u0119pne b\u0119dzie na portalu\u00a0<\/span><a href=\"http:\/\/www.warsztatarchitekta.pl\/\" target=\"_blank\" rel=\"noopener noreferrer\" data-saferedirecturl=\"https:\/\/www.google.com\/url?q=http:\/\/www.WarsztatArchitekta.pl&amp;source=gmail&amp;ust=1622008947030000&amp;usg=AFQjCNEdYNXwPNEPFfDCwtqRQt5YUe5Jvg\"><span lang=\"PL\">www.WarsztatArchitekta.pl<\/span><\/a><span lang=\"PL\">\u00a0w zak\u0142adce szkolenia (dost\u0119pne po zalogowaniu):\u00a0<\/span><a href=\"https:\/\/www.warsztatarchitekta.pl\/szkolenia\/\" target=\"_blank\" rel=\"noopener noreferrer\" data-saferedirecturl=\"https:\/\/www.google.com\/url?q=https:\/\/www.warsztatarchitekta.pl\/szkolenia\/&amp;source=gmail&amp;ust=1622008947030000&amp;usg=AFQjCNHKMsqqHpM8cdnh8hmCuozVGZBi9w\"><span lang=\"PL\">https:\/\/www.<wbr><\/wbr>warsztatarchitekta.pl\/<wbr><\/wbr>szkolenia\/<\/span><\/a><span lang=\"PL\"><\/p>\n<p>Przypominamy, \u017ce kalendarz wszystkich szkole\u0144 dost\u0119pny jest na Platformie Szkoleniowej Izby Architekt\u00f3w RP pod linkiem:\u00a0<\/span><a href=\"https:\/\/szkolenia.iarp.pl\/szkolenia\" target=\"_blank\" rel=\"noopener noreferrer\" data-saferedirecturl=\"https:\/\/www.google.com\/url?q=https:\/\/szkolenia.iarp.pl\/szkolenia&amp;source=gmail&amp;ust=1622008947030000&amp;usg=AFQjCNEohb6pj3YZedpoAKkaXQwmHnOpUQ\"><span lang=\"PL\">https:\/\/szkolenia.iarp.pl\/<wbr><\/wbr>szkolenia<\/span><\/a><span lang=\"PL\">\u00a0Biblioteka z zarejestrowanymi szkoleniami dost\u0119pna jest na portalu\u00a0<\/span><a href=\"http:\/\/www.warsztatarchitakta.pl\/\" target=\"_blank\" rel=\"noopener noreferrer\" data-saferedirecturl=\"https:\/\/www.google.com\/url?q=http:\/\/www.WarsztatArchitakta.pl\/&amp;source=gmail&amp;ust=1622008947030000&amp;usg=AFQjCNFSFfv2Fz4HiLCwxPKXxFR4gKs36Q\"><span lang=\"PL\">www.WarsztatArchitakta.pl<\/span><\/a><span lang=\"PL\">\u00a0w zak\u0142adce szkolenia:\u00a0<\/span><a href=\"https:\/\/www.warsztatarchitekta.pl\/szkolenia\/\" target=\"_blank\" rel=\"noopener noreferrer\" data-saferedirecturl=\"https:\/\/www.google.com\/url?q=https:\/\/www.warsztatarchitekta.pl\/szkolenia\/&amp;source=gmail&amp;ust=1622008947030000&amp;usg=AFQjCNHKMsqqHpM8cdnh8hmCuozVGZBi9w\"><span lang=\"PL\">https:\/\/www.<wbr><\/wbr>warsztatarchitekta.pl\/<wbr><\/wbr>szkolenia\/<\/span><\/a><\/p>\n","protected":false},"excerpt":{"rendered":"<p>Podkomisja Szkole\u0144 Zawodowych Architekt\u00f3w dzia\u0142aj\u0105ca przy KRIA RP zaprasza na szkolenie: Wprowadzenie do temat\u00f3w zr\u00f3wnowa\u017conego budownictwa w oparciu o kluczowe regulacje UE. Wskazanie perspektywy d\u0142ugookresowej dotycz\u0105cej budynk\u00f3w i materia\u0142\u00f3w w ca\u0142ym ich cyklu \u017cycia. Rejestracja oraz szczeg\u00f3\u0142y dotycz\u0105ce szkolenia znajduj\u0105 si\u0119 na Platformie Szkoleniowej Izby Architekt\u00f3w RP pod linkiem:\u00a0https:\/\/szkolenia.iarp.pl\/szkolenie\/981 Po zako\u0144czonym szkoleniu, nagranie dost\u0119pne b\u0119dzie [&hellip;]<\/p>\n","protected":false},"author":6,"featured_media":864,"comment_status":"closed","ping_status":"open","sticky":false,"template":"","format":"standard","meta":{"footnotes":""},"categories":[57],"tags":[],"class_list":["post-4321","post","type-post","status-publish","format-standard","has-post-thumbnail","hentry","category-szkolenia"],"publishpress_future_action":{"enabled":false,"date":"2026-05-05 00:34:15","action":"change-status","newStatus":"draft","terms":[],"taxonomy":"category","extraData":[]},"publishpress_future_workflow_manual_trigger":{"enabledWorkflows":[]},"_links":{"self":[{"href":"https:\/\/podkarpacka.iarp.pl\/index.php?rest_route=\/wp\/v2\/posts\/4321","targetHints":{"allow":["GET"]}}],"collection":[{"href":"https:\/\/podkarpacka.iarp.pl\/index.php?rest_route=\/wp\/v2\/posts"}],"about":[{"href":"https:\/\/podkarpacka.iarp.pl\/index.php?rest_route=\/wp\/v2\/types\/post"}],"author":[{"embeddable":true,"href":"https:\/\/podkarpacka.iarp.pl\/index.php?rest_route=\/wp\/v2\/users\/6"}],"replies":[{"embeddable":true,"href":"https:\/\/podkarpacka.iarp.pl\/index.php?rest_route=%2Fwp%2Fv2%2Fcomments&post=4321"}],"version-history":[{"count":1,"href":"https:\/\/podkarpacka.iarp.pl\/index.php?rest_route=\/wp\/v2\/posts\/4321\/revisions"}],"predecessor-version":[{"id":4322,"href":"https:\/\/podkarpacka.iarp.pl\/index.php?rest_route=\/wp\/v2\/posts\/4321\/revisions\/4322"}],"wp:featuredmedia":[{"embeddable":true,"href":"https:\/\/podkarpacka.iarp.pl\/index.php?rest_route=\/wp\/v2\/media\/864"}],"wp:attachment":[{"href":"https:\/\/podkarpacka.iarp.pl\/index.php?rest_route=%2Fwp%2Fv2%2Fmedia&parent=4321"}],"wp:term":[{"taxonomy":"category","embeddable":true,"href":"https:\/\/podkarpacka.iarp.pl\/index.php?rest_route=%2Fwp%2Fv2%2Fcategories&post=4321"},{"taxonomy":"post_tag","embeddable":true,"href":"https:\/\/podkarpacka.iarp.pl\/index.php?rest_route=%2Fwp%2Fv2%2Ftags&post=4321"}],"curies":[{"name":"wp","href":"https:\/\/api.w.org\/{rel}","templated":true}]}}