{"id":4341,"date":"2021-09-09T19:45:40","date_gmt":"2021-09-09T17:45:40","guid":{"rendered":"http:\/\/podkarpacka.iarp.pl\/?p=4341"},"modified":"2021-09-09T19:45:40","modified_gmt":"2021-09-09T17:45:40","slug":"zmarl-nasz-kolega-arch-wojciech-jurasz","status":"publish","type":"post","link":"https:\/\/podkarpacka.iarp.pl\/?p=4341","title":{"rendered":"Zmar\u0142 nasz Kolega arch. Wojciech Jurasz"},"content":{"rendered":"<p style=\"font-weight: 400;\">Z wielkim \u017calem i smutkiem zawiadamiamy, \u017ce w dniu 9 wrze\u015bnia 2021 roku zmar\u0142 d\u0142ugoletni cz\u0142onek\u00a0<strong>Podkarpackiej Okr\u0119gowej Izby Architekt\u00f3w RP Pan architekt Wojciech Jurasz.<\/strong><\/p>\n<p style=\"font-weight: 400;\">Pogrzeb odb\u0119dzie si\u0119<\/p>\n<p style=\"font-weight: 400;\">\u00a0\u00a0\u00a0\u00a0\u00a0\u00a0\u00a0\u00a0\u00a0\u00a0\u00a0\u00a0\u00a0\u00a0\u00a0\u00a0\u00a0\u00a0\u00a0\u00a0\u00a0\u00a0\u00a0\u00a0\u00a0\u00a0\u00a0\u00a0\u00a0\u00a0\u00a0\u00a0\u00a0\u00a0\u00a0\u00a0\u00a0<strong><em>w dniu 11 wrze\u015bnia (sobota) 2021 roku o godz. 11:00<\/em><\/strong><\/p>\n<p style=\"font-weight: 400;\"><strong><em>\u00a0\u00a0\u00a0\u00a0\u00a0\u00a0\u00a0\u00a0\u00a0\u00a0\u00a0\u00a0\u00a0\u00a0\u00a0\u00a0\u00a0\u00a0\u00a0\u00a0\u00a0\u00a0\u00a0\u00a0\u00a0\u00a0\u00a0\u00a0\u00a0\u00a0\u00a0\u00a0\u00a0\u00a0\u00a0\u00a0 w Bazylice p.w. \u015bw. Mateusza w Mielcu, uroczysto\u015bci pogrzebowe odb\u0119d\u0105 si\u0119 na cmentarzu komunalnym przy ul. Kr\u00f3lowej Jadwigi w Mielcu.<\/em><\/strong><\/p>\n","protected":false},"excerpt":{"rendered":"<p>Z wielkim \u017calem i smutkiem zawiadamiamy, \u017ce w dniu 9 wrze\u015bnia 2021 roku zmar\u0142 d\u0142ugoletni cz\u0142onek\u00a0Podkarpackiej Okr\u0119gowej Izby Architekt\u00f3w RP Pan architekt Wojciech Jurasz. Pogrzeb odb\u0119dzie si\u0119 \u00a0\u00a0\u00a0\u00a0\u00a0\u00a0\u00a0\u00a0\u00a0\u00a0\u00a0\u00a0\u00a0\u00a0\u00a0\u00a0\u00a0\u00a0\u00a0\u00a0\u00a0\u00a0\u00a0\u00a0\u00a0\u00a0\u00a0\u00a0\u00a0\u00a0\u00a0\u00a0\u00a0\u00a0\u00a0\u00a0\u00a0w dniu 11 wrze\u015bnia (sobota) 2021 roku o godz. 11:00 \u00a0\u00a0\u00a0\u00a0\u00a0\u00a0\u00a0\u00a0\u00a0\u00a0\u00a0\u00a0\u00a0\u00a0\u00a0\u00a0\u00a0\u00a0\u00a0\u00a0\u00a0\u00a0\u00a0\u00a0\u00a0\u00a0\u00a0\u00a0\u00a0\u00a0\u00a0\u00a0\u00a0\u00a0\u00a0\u00a0 w Bazylice p.w. \u015bw. Mateusza w Mielcu, uroczysto\u015bci pogrzebowe odb\u0119d\u0105 si\u0119 na cmentarzu komunalnym przy ul. Kr\u00f3lowej [&hellip;]<\/p>\n","protected":false},"author":6,"featured_media":1613,"comment_status":"closed","ping_status":"open","sticky":false,"template":"","format":"standard","meta":{"footnotes":""},"categories":[56],"tags":[],"class_list":["post-4341","post","type-post","status-publish","format-standard","has-post-thumbnail","hentry","category-informacje-rady"],"publishpress_future_action":{"enabled":false,"date":"2026-05-08 10:07:09","action":"change-status","newStatus":"draft","terms":[],"taxonomy":"category","extraData":[]},"publishpress_future_workflow_manual_trigger":{"enabledWorkflows":[]},"_links":{"self":[{"href":"https:\/\/podkarpacka.iarp.pl\/index.php?rest_route=\/wp\/v2\/posts\/4341","targetHints":{"allow":["GET"]}}],"collection":[{"href":"https:\/\/podkarpacka.iarp.pl\/index.php?rest_route=\/wp\/v2\/posts"}],"about":[{"href":"https:\/\/podkarpacka.iarp.pl\/index.php?rest_route=\/wp\/v2\/types\/post"}],"author":[{"embeddable":true,"href":"https:\/\/podkarpacka.iarp.pl\/index.php?rest_route=\/wp\/v2\/users\/6"}],"replies":[{"embeddable":true,"href":"https:\/\/podkarpacka.iarp.pl\/index.php?rest_route=%2Fwp%2Fv2%2Fcomments&post=4341"}],"version-history":[{"count":1,"href":"https:\/\/podkarpacka.iarp.pl\/index.php?rest_route=\/wp\/v2\/posts\/4341\/revisions"}],"predecessor-version":[{"id":4343,"href":"https:\/\/podkarpacka.iarp.pl\/index.php?rest_route=\/wp\/v2\/posts\/4341\/revisions\/4343"}],"wp:featuredmedia":[{"embeddable":true,"href":"https:\/\/podkarpacka.iarp.pl\/index.php?rest_route=\/wp\/v2\/media\/1613"}],"wp:attachment":[{"href":"https:\/\/podkarpacka.iarp.pl\/index.php?rest_route=%2Fwp%2Fv2%2Fmedia&parent=4341"}],"wp:term":[{"taxonomy":"category","embeddable":true,"href":"https:\/\/podkarpacka.iarp.pl\/index.php?rest_route=%2Fwp%2Fv2%2Fcategories&post=4341"},{"taxonomy":"post_tag","embeddable":true,"href":"https:\/\/podkarpacka.iarp.pl\/index.php?rest_route=%2Fwp%2Fv2%2Ftags&post=4341"}],"curies":[{"name":"wp","href":"https:\/\/api.w.org\/{rel}","templated":true}]}}