{"id":4347,"date":"2021-06-21T10:26:01","date_gmt":"2021-06-21T08:26:01","guid":{"rendered":"http:\/\/podkarpacka.iarp.pl\/?p=4347"},"modified":"2021-09-20T18:27:00","modified_gmt":"2021-09-20T16:27:00","slug":"4347","status":"publish","type":"post","link":"https:\/\/podkarpacka.iarp.pl\/?p=4347","title":{"rendered":"Gratulacje z tytu\u0142u obj\u0119cia urz\u0119du nowego Prezydenta Miasta Rzeszowa"},"content":{"rendered":"<p style=\"text-align: center;\">Pragniemy serdecznie pogratulowa\u0107 zwyci\u0119stwa i obj\u0119cia funkcji Prezydenta Miasta.<\/p>\n<p style=\"text-align: center;\"><a href=\"https:\/\/podkarpacka.iarp.pl\/wp-content\/uploads\/2021\/09\/PKOIA-RP-List-gratulacyjny-Prezydent-Fijo\u0142ek-R.-\u015a.-A.D.jpg\"><img loading=\"lazy\" decoding=\"async\" class=\"alignnone size-large wp-image-4349\" src=\"https:\/\/podkarpacka.iarp.pl\/wp-content\/uploads\/2021\/09\/PKOIA-RP-List-gratulacyjny-Prezydent-Fijo\u0142ek-R.-\u015a.-A.D-724x1024.jpg\" alt=\"\" width=\"724\" height=\"1024\" srcset=\"https:\/\/podkarpacka.iarp.pl\/wp-content\/uploads\/2021\/09\/PKOIA-RP-List-gratulacyjny-Prezydent-Fijo\u0142ek-R.-\u015a.-A.D-724x1024.jpg 724w, https:\/\/podkarpacka.iarp.pl\/wp-content\/uploads\/2021\/09\/PKOIA-RP-List-gratulacyjny-Prezydent-Fijo\u0142ek-R.-\u015a.-A.D-212x300.jpg 212w, https:\/\/podkarpacka.iarp.pl\/wp-content\/uploads\/2021\/09\/PKOIA-RP-List-gratulacyjny-Prezydent-Fijo\u0142ek-R.-\u015a.-A.D-768x1086.jpg 768w\" sizes=\"auto, (max-width: 724px) 100vw, 724px\" \/><\/a><\/p>\n<p style=\"text-align: center;\">Z wyrazami Szacunku,<\/p>\n<p style=\"text-align: center;\">arch. Renata \u015awieci\u0144ska<br \/>\nPrzewodnicz\u0105ca Rady PKOIA RP<\/p>\n","protected":false},"excerpt":{"rendered":"<p>Pragniemy serdecznie pogratulowa\u0107 zwyci\u0119stwa i obj\u0119cia funkcji Prezydenta Miasta. Z wyrazami Szacunku, arch. Renata \u015awieci\u0144ska Przewodnicz\u0105ca Rady PKOIA RP<\/p>\n","protected":false},"author":7,"featured_media":4377,"comment_status":"closed","ping_status":"open","sticky":false,"template":"","format":"standard","meta":{"footnotes":""},"categories":[69,56],"tags":[],"class_list":["post-4347","post","type-post","status-publish","format-standard","has-post-thumbnail","hentry","category-aktualnosci","category-informacje-rady"],"publishpress_future_action":{"enabled":false,"date":"2026-05-08 10:05:49","action":"change-status","newStatus":"draft","terms":[],"taxonomy":"category","extraData":[]},"publishpress_future_workflow_manual_trigger":{"enabledWorkflows":[]},"_links":{"self":[{"href":"https:\/\/podkarpacka.iarp.pl\/index.php?rest_route=\/wp\/v2\/posts\/4347","targetHints":{"allow":["GET"]}}],"collection":[{"href":"https:\/\/podkarpacka.iarp.pl\/index.php?rest_route=\/wp\/v2\/posts"}],"about":[{"href":"https:\/\/podkarpacka.iarp.pl\/index.php?rest_route=\/wp\/v2\/types\/post"}],"author":[{"embeddable":true,"href":"https:\/\/podkarpacka.iarp.pl\/index.php?rest_route=\/wp\/v2\/users\/7"}],"replies":[{"embeddable":true,"href":"https:\/\/podkarpacka.iarp.pl\/index.php?rest_route=%2Fwp%2Fv2%2Fcomments&post=4347"}],"version-history":[{"count":3,"href":"https:\/\/podkarpacka.iarp.pl\/index.php?rest_route=\/wp\/v2\/posts\/4347\/revisions"}],"predecessor-version":[{"id":4352,"href":"https:\/\/podkarpacka.iarp.pl\/index.php?rest_route=\/wp\/v2\/posts\/4347\/revisions\/4352"}],"wp:featuredmedia":[{"embeddable":true,"href":"https:\/\/podkarpacka.iarp.pl\/index.php?rest_route=\/wp\/v2\/media\/4377"}],"wp:attachment":[{"href":"https:\/\/podkarpacka.iarp.pl\/index.php?rest_route=%2Fwp%2Fv2%2Fmedia&parent=4347"}],"wp:term":[{"taxonomy":"category","embeddable":true,"href":"https:\/\/podkarpacka.iarp.pl\/index.php?rest_route=%2Fwp%2Fv2%2Fcategories&post=4347"},{"taxonomy":"post_tag","embeddable":true,"href":"https:\/\/podkarpacka.iarp.pl\/index.php?rest_route=%2Fwp%2Fv2%2Ftags&post=4347"}],"curies":[{"name":"wp","href":"https:\/\/api.w.org\/{rel}","templated":true}]}}