{"id":4354,"date":"2021-09-20T13:54:59","date_gmt":"2021-09-20T11:54:59","guid":{"rendered":"http:\/\/podkarpacka.iarp.pl\/?p=4354"},"modified":"2021-09-20T14:51:12","modified_gmt":"2021-09-20T12:51:12","slug":"orzeczenie-okregowego-sadu-dyscyplinarnego-pkoia-w-sprawie-naduzycia-prawa-do-wykonywania-zawodu","status":"publish","type":"post","link":"https:\/\/podkarpacka.iarp.pl\/?p=4354","title":{"rendered":"Orzeczenie Okr\u0119gowego S\u0105du Dyscyplinarnego PKOIA w sprawie nadu\u017cycia prawa do wykonywania zawodu."},"content":{"rendered":"<p style=\"text-align: center;\"><strong>Szanowne Kole\u017canki i Koledzy,<\/strong><\/p>\n<p style=\"text-align: center;\"><strong>przekazujemy zanonimizowane Orzeczenie Okr\u0119gowego S\u0105du Dyscyplinarnego PKOIA<\/strong><\/p>\n<p style=\"text-align: center;\"><strong>w sprawie nadu\u017cycia prawa do wykonywania zawodu.<\/strong><\/p>\n<p><a href=\"https:\/\/podkarpacka.iarp.pl\/wp-content\/uploads\/2021\/09\/OSD-1.jpg\"><img loading=\"lazy\" decoding=\"async\" class=\"alignnone size-large wp-image-4355\" src=\"https:\/\/podkarpacka.iarp.pl\/wp-content\/uploads\/2021\/09\/OSD-1-725x1024.jpg\" alt=\"\" width=\"725\" height=\"1024\" srcset=\"https:\/\/podkarpacka.iarp.pl\/wp-content\/uploads\/2021\/09\/OSD-1-725x1024.jpg 725w, https:\/\/podkarpacka.iarp.pl\/wp-content\/uploads\/2021\/09\/OSD-1-212x300.jpg 212w, https:\/\/podkarpacka.iarp.pl\/wp-content\/uploads\/2021\/09\/OSD-1-768x1085.jpg 768w\" sizes=\"auto, (max-width: 725px) 100vw, 725px\" \/><\/a><\/p>\n<p><a href=\"https:\/\/podkarpacka.iarp.pl\/wp-content\/uploads\/2021\/09\/OSD-2.jpg\"><img loading=\"lazy\" decoding=\"async\" class=\"alignnone size-large wp-image-4356\" src=\"https:\/\/podkarpacka.iarp.pl\/wp-content\/uploads\/2021\/09\/OSD-2-725x1024.jpg\" alt=\"\" width=\"725\" height=\"1024\" srcset=\"https:\/\/podkarpacka.iarp.pl\/wp-content\/uploads\/2021\/09\/OSD-2-725x1024.jpg 725w, https:\/\/podkarpacka.iarp.pl\/wp-content\/uploads\/2021\/09\/OSD-2-212x300.jpg 212w, https:\/\/podkarpacka.iarp.pl\/wp-content\/uploads\/2021\/09\/OSD-2-768x1085.jpg 768w\" sizes=\"auto, (max-width: 725px) 100vw, 725px\" \/><\/a><\/p>\n<p><a href=\"https:\/\/podkarpacka.iarp.pl\/wp-content\/uploads\/2021\/09\/OSD-3.jpg\"><img loading=\"lazy\" decoding=\"async\" class=\"alignnone size-large wp-image-4357\" src=\"https:\/\/podkarpacka.iarp.pl\/wp-content\/uploads\/2021\/09\/OSD-3-725x1024.jpg\" alt=\"\" width=\"725\" height=\"1024\" srcset=\"https:\/\/podkarpacka.iarp.pl\/wp-content\/uploads\/2021\/09\/OSD-3-725x1024.jpg 725w, https:\/\/podkarpacka.iarp.pl\/wp-content\/uploads\/2021\/09\/OSD-3-212x300.jpg 212w, https:\/\/podkarpacka.iarp.pl\/wp-content\/uploads\/2021\/09\/OSD-3-768x1085.jpg 768w\" sizes=\"auto, (max-width: 725px) 100vw, 725px\" \/><\/a><\/p>\n<p><a href=\"https:\/\/podkarpacka.iarp.pl\/wp-content\/uploads\/2021\/09\/OSD-4.jpg\"><img loading=\"lazy\" decoding=\"async\" class=\"alignnone size-large wp-image-4358\" src=\"https:\/\/podkarpacka.iarp.pl\/wp-content\/uploads\/2021\/09\/OSD-4-725x1024.jpg\" alt=\"\" width=\"725\" height=\"1024\" srcset=\"https:\/\/podkarpacka.iarp.pl\/wp-content\/uploads\/2021\/09\/OSD-4-725x1024.jpg 725w, https:\/\/podkarpacka.iarp.pl\/wp-content\/uploads\/2021\/09\/OSD-4-212x300.jpg 212w, https:\/\/podkarpacka.iarp.pl\/wp-content\/uploads\/2021\/09\/OSD-4-768x1085.jpg 768w\" sizes=\"auto, (max-width: 725px) 100vw, 725px\" \/><\/a><\/p>\n<p><a href=\"https:\/\/podkarpacka.iarp.pl\/wp-content\/uploads\/2021\/09\/OSD-5.jpg\"><img loading=\"lazy\" decoding=\"async\" class=\"alignnone size-large wp-image-4359\" src=\"https:\/\/podkarpacka.iarp.pl\/wp-content\/uploads\/2021\/09\/OSD-5-725x1024.jpg\" alt=\"\" width=\"725\" height=\"1024\" srcset=\"https:\/\/podkarpacka.iarp.pl\/wp-content\/uploads\/2021\/09\/OSD-5-725x1024.jpg 725w, https:\/\/podkarpacka.iarp.pl\/wp-content\/uploads\/2021\/09\/OSD-5-212x300.jpg 212w, https:\/\/podkarpacka.iarp.pl\/wp-content\/uploads\/2021\/09\/OSD-5-768x1085.jpg 768w\" sizes=\"auto, (max-width: 725px) 100vw, 725px\" \/><\/a><\/p>\n<p><a href=\"https:\/\/podkarpacka.iarp.pl\/wp-content\/uploads\/2021\/09\/OSD-6.jpg\"><img loading=\"lazy\" decoding=\"async\" class=\"alignnone size-large wp-image-4360\" src=\"https:\/\/podkarpacka.iarp.pl\/wp-content\/uploads\/2021\/09\/OSD-6-725x1024.jpg\" alt=\"\" width=\"725\" height=\"1024\" srcset=\"https:\/\/podkarpacka.iarp.pl\/wp-content\/uploads\/2021\/09\/OSD-6-725x1024.jpg 725w, https:\/\/podkarpacka.iarp.pl\/wp-content\/uploads\/2021\/09\/OSD-6-212x300.jpg 212w, https:\/\/podkarpacka.iarp.pl\/wp-content\/uploads\/2021\/09\/OSD-6-768x1085.jpg 768w\" sizes=\"auto, (max-width: 725px) 100vw, 725px\" \/><\/a><\/p>\n<p><a href=\"https:\/\/podkarpacka.iarp.pl\/wp-content\/uploads\/2021\/09\/OSD-7.jpg\"><img loading=\"lazy\" decoding=\"async\" class=\"alignnone size-large wp-image-4361\" src=\"https:\/\/podkarpacka.iarp.pl\/wp-content\/uploads\/2021\/09\/OSD-7-725x1024.jpg\" alt=\"\" width=\"725\" height=\"1024\" srcset=\"https:\/\/podkarpacka.iarp.pl\/wp-content\/uploads\/2021\/09\/OSD-7-725x1024.jpg 725w, https:\/\/podkarpacka.iarp.pl\/wp-content\/uploads\/2021\/09\/OSD-7-212x300.jpg 212w, https:\/\/podkarpacka.iarp.pl\/wp-content\/uploads\/2021\/09\/OSD-7-768x1085.jpg 768w\" sizes=\"auto, (max-width: 725px) 100vw, 725px\" \/><\/a><\/p>\n<p>&nbsp;<\/p>\n<p>Osoba Obwiniona odwo\u0142a\u0142a si\u0119 od ww orzeczenia.<\/p>\n","protected":false},"excerpt":{"rendered":"<p>Szanowne Kole\u017canki i Koledzy, przekazujemy zanonimizowane Orzeczenie Okr\u0119gowego S\u0105du Dyscyplinarnego PKOIA w sprawie nadu\u017cycia prawa do wykonywania zawodu. &nbsp; Osoba Obwiniona odwo\u0142a\u0142a si\u0119 od ww orzeczenia.<\/p>\n","protected":false},"author":7,"featured_media":4367,"comment_status":"closed","ping_status":"open","sticky":false,"template":"","format":"standard","meta":{"footnotes":""},"categories":[56],"tags":[],"class_list":["post-4354","post","type-post","status-publish","format-standard","has-post-thumbnail","hentry","category-informacje-rady"],"publishpress_future_action":{"enabled":false,"date":"2026-05-08 10:05:29","action":"change-status","newStatus":"draft","terms":[],"taxonomy":"category","extraData":[]},"publishpress_future_workflow_manual_trigger":{"enabledWorkflows":[]},"_links":{"self":[{"href":"https:\/\/podkarpacka.iarp.pl\/index.php?rest_route=\/wp\/v2\/posts\/4354","targetHints":{"allow":["GET"]}}],"collection":[{"href":"https:\/\/podkarpacka.iarp.pl\/index.php?rest_route=\/wp\/v2\/posts"}],"about":[{"href":"https:\/\/podkarpacka.iarp.pl\/index.php?rest_route=\/wp\/v2\/types\/post"}],"author":[{"embeddable":true,"href":"https:\/\/podkarpacka.iarp.pl\/index.php?rest_route=\/wp\/v2\/users\/7"}],"replies":[{"embeddable":true,"href":"https:\/\/podkarpacka.iarp.pl\/index.php?rest_route=%2Fwp%2Fv2%2Fcomments&post=4354"}],"version-history":[{"count":4,"href":"https:\/\/podkarpacka.iarp.pl\/index.php?rest_route=\/wp\/v2\/posts\/4354\/revisions"}],"predecessor-version":[{"id":4370,"href":"https:\/\/podkarpacka.iarp.pl\/index.php?rest_route=\/wp\/v2\/posts\/4354\/revisions\/4370"}],"wp:featuredmedia":[{"embeddable":true,"href":"https:\/\/podkarpacka.iarp.pl\/index.php?rest_route=\/wp\/v2\/media\/4367"}],"wp:attachment":[{"href":"https:\/\/podkarpacka.iarp.pl\/index.php?rest_route=%2Fwp%2Fv2%2Fmedia&parent=4354"}],"wp:term":[{"taxonomy":"category","embeddable":true,"href":"https:\/\/podkarpacka.iarp.pl\/index.php?rest_route=%2Fwp%2Fv2%2Fcategories&post=4354"},{"taxonomy":"post_tag","embeddable":true,"href":"https:\/\/podkarpacka.iarp.pl\/index.php?rest_route=%2Fwp%2Fv2%2Ftags&post=4354"}],"curies":[{"name":"wp","href":"https:\/\/api.w.org\/{rel}","templated":true}]}}