{"id":4371,"date":"2021-10-07T18:19:41","date_gmt":"2021-10-07T16:19:41","guid":{"rendered":"http:\/\/podkarpacka.iarp.pl\/?p=4371"},"modified":"2021-09-27T18:50:39","modified_gmt":"2021-09-27T16:50:39","slug":"orzeczenie-okregowego-sadu-dyscyplinarnego-pkoia-w-sprawie-naduzycia-prawa-do-wykonywania-zawodu-2","status":"publish","type":"post","link":"https:\/\/podkarpacka.iarp.pl\/?p=4371","title":{"rendered":"Orzeczenie Okr\u0119gowego S\u0105du Dyscyplinarnego PKOIA w sprawie nadu\u017cycia prawa do wykonywania zawodu."},"content":{"rendered":"<p style=\"text-align: center;\"><strong>Szanowne Kole\u017canki i Koledzy,<\/strong><\/p>\n<p style=\"text-align: center;\"><strong>przekazujemy zanonimizowane Orzeczenie Okr\u0119gowego S\u0105du Dyscyplinarnego PKOIA<\/strong><\/p>\n<p style=\"text-align: center;\"><strong>w sprawie nadu\u017cycia prawa do wykonywania zawodu.<\/strong><\/p>\n<p><a href=\"https:\/\/podkarpacka.iarp.pl\/wp-content\/uploads\/2021\/09\/Orzeczenie-sadu-dyscyplinarnego-architekt\u00f3w-11.jpg\"><img loading=\"lazy\" decoding=\"async\" class=\"alignnone size-large wp-image-4373\" src=\"https:\/\/podkarpacka.iarp.pl\/wp-content\/uploads\/2021\/09\/Orzeczenie-sadu-dyscyplinarnego-architekt\u00f3w-11-725x1024.jpg\" alt=\"\" width=\"725\" height=\"1024\" srcset=\"https:\/\/podkarpacka.iarp.pl\/wp-content\/uploads\/2021\/09\/Orzeczenie-sadu-dyscyplinarnego-architekt\u00f3w-11-725x1024.jpg 725w, https:\/\/podkarpacka.iarp.pl\/wp-content\/uploads\/2021\/09\/Orzeczenie-sadu-dyscyplinarnego-architekt\u00f3w-11-212x300.jpg 212w, https:\/\/podkarpacka.iarp.pl\/wp-content\/uploads\/2021\/09\/Orzeczenie-sadu-dyscyplinarnego-architekt\u00f3w-11-768x1085.jpg 768w\" sizes=\"auto, (max-width: 725px) 100vw, 725px\" \/><\/a><\/p>\n<p><a href=\"https:\/\/podkarpacka.iarp.pl\/wp-content\/uploads\/2021\/09\/Orzeczenie-sadu-dyscyplinarnego-architekt\u00f3w-22.jpg\"><img loading=\"lazy\" decoding=\"async\" class=\"alignnone size-large wp-image-4374\" src=\"https:\/\/podkarpacka.iarp.pl\/wp-content\/uploads\/2021\/09\/Orzeczenie-sadu-dyscyplinarnego-architekt\u00f3w-22-725x1024.jpg\" alt=\"\" width=\"725\" height=\"1024\" srcset=\"https:\/\/podkarpacka.iarp.pl\/wp-content\/uploads\/2021\/09\/Orzeczenie-sadu-dyscyplinarnego-architekt\u00f3w-22-725x1024.jpg 725w, https:\/\/podkarpacka.iarp.pl\/wp-content\/uploads\/2021\/09\/Orzeczenie-sadu-dyscyplinarnego-architekt\u00f3w-22-212x300.jpg 212w, https:\/\/podkarpacka.iarp.pl\/wp-content\/uploads\/2021\/09\/Orzeczenie-sadu-dyscyplinarnego-architekt\u00f3w-22-768x1085.jpg 768w\" sizes=\"auto, (max-width: 725px) 100vw, 725px\" \/><\/a><\/p>\n<p><a href=\"https:\/\/podkarpacka.iarp.pl\/wp-content\/uploads\/2021\/09\/OSD-orzeczenie-33.jpg\"><img loading=\"lazy\" decoding=\"async\" class=\"alignnone size-large wp-image-4372\" src=\"https:\/\/podkarpacka.iarp.pl\/wp-content\/uploads\/2021\/09\/OSD-orzeczenie-33-725x1024.jpg\" alt=\"\" width=\"725\" height=\"1024\" srcset=\"https:\/\/podkarpacka.iarp.pl\/wp-content\/uploads\/2021\/09\/OSD-orzeczenie-33-725x1024.jpg 725w, https:\/\/podkarpacka.iarp.pl\/wp-content\/uploads\/2021\/09\/OSD-orzeczenie-33-212x300.jpg 212w, https:\/\/podkarpacka.iarp.pl\/wp-content\/uploads\/2021\/09\/OSD-orzeczenie-33-768x1085.jpg 768w\" sizes=\"auto, (max-width: 725px) 100vw, 725px\" \/><\/a><\/p>\n<p>Osoba Obwiniona odwo\u0142a\u0142a si\u0119 od ww orzeczenia.<\/p>\n","protected":false},"excerpt":{"rendered":"<p>Szanowne Kole\u017canki i Koledzy, przekazujemy zanonimizowane Orzeczenie Okr\u0119gowego S\u0105du Dyscyplinarnego PKOIA w sprawie nadu\u017cycia prawa do wykonywania zawodu. Osoba Obwiniona odwo\u0142a\u0142a si\u0119 od ww orzeczenia.<\/p>\n","protected":false},"author":7,"featured_media":4367,"comment_status":"closed","ping_status":"open","sticky":false,"template":"","format":"standard","meta":{"footnotes":""},"categories":[56],"tags":[],"class_list":["post-4371","post","type-post","status-publish","format-standard","has-post-thumbnail","hentry","category-informacje-rady"],"publishpress_future_action":{"enabled":false,"date":"2026-05-08 09:15:20","action":"change-status","newStatus":"draft","terms":[],"taxonomy":"category","extraData":[]},"publishpress_future_workflow_manual_trigger":{"enabledWorkflows":[]},"_links":{"self":[{"href":"https:\/\/podkarpacka.iarp.pl\/index.php?rest_route=\/wp\/v2\/posts\/4371","targetHints":{"allow":["GET"]}}],"collection":[{"href":"https:\/\/podkarpacka.iarp.pl\/index.php?rest_route=\/wp\/v2\/posts"}],"about":[{"href":"https:\/\/podkarpacka.iarp.pl\/index.php?rest_route=\/wp\/v2\/types\/post"}],"author":[{"embeddable":true,"href":"https:\/\/podkarpacka.iarp.pl\/index.php?rest_route=\/wp\/v2\/users\/7"}],"replies":[{"embeddable":true,"href":"https:\/\/podkarpacka.iarp.pl\/index.php?rest_route=%2Fwp%2Fv2%2Fcomments&post=4371"}],"version-history":[{"count":1,"href":"https:\/\/podkarpacka.iarp.pl\/index.php?rest_route=\/wp\/v2\/posts\/4371\/revisions"}],"predecessor-version":[{"id":4376,"href":"https:\/\/podkarpacka.iarp.pl\/index.php?rest_route=\/wp\/v2\/posts\/4371\/revisions\/4376"}],"wp:featuredmedia":[{"embeddable":true,"href":"https:\/\/podkarpacka.iarp.pl\/index.php?rest_route=\/wp\/v2\/media\/4367"}],"wp:attachment":[{"href":"https:\/\/podkarpacka.iarp.pl\/index.php?rest_route=%2Fwp%2Fv2%2Fmedia&parent=4371"}],"wp:term":[{"taxonomy":"category","embeddable":true,"href":"https:\/\/podkarpacka.iarp.pl\/index.php?rest_route=%2Fwp%2Fv2%2Fcategories&post=4371"},{"taxonomy":"post_tag","embeddable":true,"href":"https:\/\/podkarpacka.iarp.pl\/index.php?rest_route=%2Fwp%2Fv2%2Ftags&post=4371"}],"curies":[{"name":"wp","href":"https:\/\/api.w.org\/{rel}","templated":true}]}}