{"id":4384,"date":"2021-09-30T18:41:32","date_gmt":"2021-09-30T16:41:32","guid":{"rendered":"http:\/\/podkarpacka.iarp.pl\/?p=4384"},"modified":"2021-10-06T00:02:31","modified_gmt":"2021-10-05T22:02:31","slug":"postanowienie-w-sprawie-wznowienia-z-urzedu-postepowania-adm-w-sprawie-zaskarzonej-decyzji-o-pnb","status":"publish","type":"post","link":"https:\/\/podkarpacka.iarp.pl\/?p=4384","title":{"rendered":"Postanowienie w sprawie wznowienia z urz\u0119du post\u0119powania adm. w sprawie zaskar\u017conej Decyzji o PnB"},"content":{"rendered":"<p style=\"text-align: center;\"><strong>Szanowne Kole\u017canki i Koledzy,<\/strong><\/p>\n<p style=\"text-align: center;\"><b>przekazujemy zanonimizowane Postanowienie Prezydenta Miasta Rzeszowa<\/b><\/p>\n<p style=\"text-align: center;\"><b>o wznowienia z urz\u0119du post\u0119powania administracyjnego zako\u0144czonego ostateczn\u0105 Decyzj\u0105 o PnB wydan\u0105 w oparciu o sfa\u0142szowane podpisy architekta oraz in\u017cynier\u00f3w bran\u017cowych.<\/b><\/p>\n<p style=\"text-align: center;\"><a href=\"https:\/\/podkarpacka.iarp.pl\/wp-content\/uploads\/2021\/09\/Postanowienie-1.jpg\"><img loading=\"lazy\" decoding=\"async\" class=\"size-large wp-image-4385 aligncenter\" src=\"https:\/\/podkarpacka.iarp.pl\/wp-content\/uploads\/2021\/09\/Postanowienie-1-725x1024.jpg\" alt=\"\" width=\"725\" height=\"1024\" srcset=\"https:\/\/podkarpacka.iarp.pl\/wp-content\/uploads\/2021\/09\/Postanowienie-1-725x1024.jpg 725w, https:\/\/podkarpacka.iarp.pl\/wp-content\/uploads\/2021\/09\/Postanowienie-1-212x300.jpg 212w, https:\/\/podkarpacka.iarp.pl\/wp-content\/uploads\/2021\/09\/Postanowienie-1-768x1085.jpg 768w\" sizes=\"auto, (max-width: 725px) 100vw, 725px\" \/><\/a><\/p>\n<p><a href=\"https:\/\/podkarpacka.iarp.pl\/wp-content\/uploads\/2021\/09\/Postanowienie-2.jpg\"><img loading=\"lazy\" decoding=\"async\" class=\"size-large wp-image-4386 aligncenter\" src=\"https:\/\/podkarpacka.iarp.pl\/wp-content\/uploads\/2021\/09\/Postanowienie-2-725x1024.jpg\" alt=\"\" width=\"725\" height=\"1024\" srcset=\"https:\/\/podkarpacka.iarp.pl\/wp-content\/uploads\/2021\/09\/Postanowienie-2-725x1024.jpg 725w, https:\/\/podkarpacka.iarp.pl\/wp-content\/uploads\/2021\/09\/Postanowienie-2-212x300.jpg 212w, https:\/\/podkarpacka.iarp.pl\/wp-content\/uploads\/2021\/09\/Postanowienie-2-768x1085.jpg 768w\" sizes=\"auto, (max-width: 725px) 100vw, 725px\" \/><\/a><\/p>\n<p><a href=\"https:\/\/podkarpacka.iarp.pl\/wp-content\/uploads\/2021\/09\/Postanowienie-3.jpg\"><img loading=\"lazy\" decoding=\"async\" class=\"size-large wp-image-4387 aligncenter\" src=\"https:\/\/podkarpacka.iarp.pl\/wp-content\/uploads\/2021\/09\/Postanowienie-3-725x1024.jpg\" alt=\"\" width=\"725\" height=\"1024\" srcset=\"https:\/\/podkarpacka.iarp.pl\/wp-content\/uploads\/2021\/09\/Postanowienie-3-725x1024.jpg 725w, https:\/\/podkarpacka.iarp.pl\/wp-content\/uploads\/2021\/09\/Postanowienie-3-212x300.jpg 212w, https:\/\/podkarpacka.iarp.pl\/wp-content\/uploads\/2021\/09\/Postanowienie-3-768x1085.jpg 768w\" sizes=\"auto, (max-width: 725px) 100vw, 725px\" \/><\/a><\/p>\n","protected":false},"excerpt":{"rendered":"<p>Szanowne Kole\u017canki i Koledzy, przekazujemy zanonimizowane Postanowienie Prezydenta Miasta Rzeszowa o wznowienia z urz\u0119du post\u0119powania administracyjnego zako\u0144czonego ostateczn\u0105 Decyzj\u0105 o PnB wydan\u0105 w oparciu o sfa\u0142szowane podpisy architekta oraz in\u017cynier\u00f3w bran\u017cowych.<\/p>\n","protected":false},"author":7,"featured_media":4424,"comment_status":"closed","ping_status":"open","sticky":false,"template":"","format":"standard","meta":{"footnotes":""},"categories":[56],"tags":[],"class_list":["post-4384","post","type-post","status-publish","format-standard","has-post-thumbnail","hentry","category-informacje-rady"],"publishpress_future_action":{"enabled":false,"date":"2026-05-08 09:15:07","action":"change-status","newStatus":"draft","terms":[],"taxonomy":"category","extraData":[]},"publishpress_future_workflow_manual_trigger":{"enabledWorkflows":[]},"_links":{"self":[{"href":"https:\/\/podkarpacka.iarp.pl\/index.php?rest_route=\/wp\/v2\/posts\/4384","targetHints":{"allow":["GET"]}}],"collection":[{"href":"https:\/\/podkarpacka.iarp.pl\/index.php?rest_route=\/wp\/v2\/posts"}],"about":[{"href":"https:\/\/podkarpacka.iarp.pl\/index.php?rest_route=\/wp\/v2\/types\/post"}],"author":[{"embeddable":true,"href":"https:\/\/podkarpacka.iarp.pl\/index.php?rest_route=\/wp\/v2\/users\/7"}],"replies":[{"embeddable":true,"href":"https:\/\/podkarpacka.iarp.pl\/index.php?rest_route=%2Fwp%2Fv2%2Fcomments&post=4384"}],"version-history":[{"count":3,"href":"https:\/\/podkarpacka.iarp.pl\/index.php?rest_route=\/wp\/v2\/posts\/4384\/revisions"}],"predecessor-version":[{"id":4392,"href":"https:\/\/podkarpacka.iarp.pl\/index.php?rest_route=\/wp\/v2\/posts\/4384\/revisions\/4392"}],"wp:featuredmedia":[{"embeddable":true,"href":"https:\/\/podkarpacka.iarp.pl\/index.php?rest_route=\/wp\/v2\/media\/4424"}],"wp:attachment":[{"href":"https:\/\/podkarpacka.iarp.pl\/index.php?rest_route=%2Fwp%2Fv2%2Fmedia&parent=4384"}],"wp:term":[{"taxonomy":"category","embeddable":true,"href":"https:\/\/podkarpacka.iarp.pl\/index.php?rest_route=%2Fwp%2Fv2%2Fcategories&post=4384"},{"taxonomy":"post_tag","embeddable":true,"href":"https:\/\/podkarpacka.iarp.pl\/index.php?rest_route=%2Fwp%2Fv2%2Ftags&post=4384"}],"curies":[{"name":"wp","href":"https:\/\/api.w.org\/{rel}","templated":true}]}}