{"id":4410,"date":"2021-09-29T20:25:22","date_gmt":"2021-09-29T18:25:22","guid":{"rendered":"http:\/\/podkarpacka.iarp.pl\/?p=4410"},"modified":"2021-09-29T20:32:11","modified_gmt":"2021-09-29T18:32:11","slug":"archinarty-2021-zaproszenie-dla-czlonkow-pkoia","status":"publish","type":"post","link":"https:\/\/podkarpacka.iarp.pl\/?p=4410","title":{"rendered":"ArchiNarty 2021 &#8211; Zaproszenie dla cz\u0142onk\u00f3w PKOIA"},"content":{"rendered":"<p style=\"text-align: center;\"><strong>Szanowne Kole\u017canki, Szanowni Koledzy!<\/strong><\/p>\n<p style=\"text-align: center;\"><strong>Zapraszamy do wzi\u0119cia udzia\u0142u w wyje\u017adzie szkoleniowo &#8211; wypoczynkowym ArchiNarty 2021.<\/strong><\/p>\n<p style=\"text-align: center;\"><strong>Informacje rejestracyjne zostan\u0105 podane w ci\u0105gu 7 dni na www i fanpage PKOIA.<\/strong><\/p>\n<div style=\"text-align: center;\">\n<hr \/>\n<\/div>\n<div><\/div>\n<div>\n<p><a href=\"https:\/\/podkarpacka.iarp.pl\/wp-content\/uploads\/2021\/09\/ArchiNarty-2021-Izba-Architekit\u00f3w-Podkarpacka.jpg\"><img loading=\"lazy\" decoding=\"async\" class=\"size-large wp-image-4412 aligncenter\" src=\"https:\/\/podkarpacka.iarp.pl\/wp-content\/uploads\/2021\/09\/ArchiNarty-2021-Izba-Architekit\u00f3w-Podkarpacka-724x1024.jpg\" alt=\"\" width=\"724\" height=\"1024\" srcset=\"https:\/\/podkarpacka.iarp.pl\/wp-content\/uploads\/2021\/09\/ArchiNarty-2021-Izba-Architekit\u00f3w-Podkarpacka-724x1024.jpg 724w, https:\/\/podkarpacka.iarp.pl\/wp-content\/uploads\/2021\/09\/ArchiNarty-2021-Izba-Architekit\u00f3w-Podkarpacka-212x300.jpg 212w, https:\/\/podkarpacka.iarp.pl\/wp-content\/uploads\/2021\/09\/ArchiNarty-2021-Izba-Architekit\u00f3w-Podkarpacka-768x1087.jpg 768w\" sizes=\"auto, (max-width: 724px) 100vw, 724px\" \/><\/a><a href=\"https:\/\/podkarpacka.iarp.pl\/wp-content\/uploads\/2021\/09\/ArchiNarty-2021-Izba-Architekit\u00f3w-Podkarpacka-1.jpg\"><img loading=\"lazy\" decoding=\"async\" class=\"size-large wp-image-4411 aligncenter\" src=\"https:\/\/podkarpacka.iarp.pl\/wp-content\/uploads\/2021\/09\/ArchiNarty-2021-Izba-Architekit\u00f3w-Podkarpacka-1-724x1024.jpg\" alt=\"\" width=\"724\" height=\"1024\" srcset=\"https:\/\/podkarpacka.iarp.pl\/wp-content\/uploads\/2021\/09\/ArchiNarty-2021-Izba-Architekit\u00f3w-Podkarpacka-1-724x1024.jpg 724w, https:\/\/podkarpacka.iarp.pl\/wp-content\/uploads\/2021\/09\/ArchiNarty-2021-Izba-Architekit\u00f3w-Podkarpacka-1-212x300.jpg 212w, https:\/\/podkarpacka.iarp.pl\/wp-content\/uploads\/2021\/09\/ArchiNarty-2021-Izba-Architekit\u00f3w-Podkarpacka-1-768x1087.jpg 768w\" sizes=\"auto, (max-width: 724px) 100vw, 724px\" \/><\/a><\/p>\n<hr \/>\n<\/div>\n<div style=\"text-align: center;\"><strong>Koszt wyjazdu na osob\u0119 \u2013 400z\u0142<\/strong><\/div>\n<div style=\"text-align: center;\">\n<div><strong>Formularz zg\u0142oszeniowy zostanie uruchomiony 02.10.2021r. o godz. 12:00<\/strong><\/div>\n<\/div>\n<div style=\"text-align: center;\">\n<hr \/>\n<\/div>\n<div style=\"text-align: center;\">Dodatkowe informacje<\/div>\n<div style=\"text-align: center;\">Ubi\u00f3r:<\/div>\n<div style=\"text-align: center;\">Temperatura w Karyntii ko\u0144cem pa\u017adziernika: 15-20 stopni Celsjusza.<br \/>\nNa narty ubieramy si\u0119 jak zwykle, je\u015bli jest taka mo\u017cliwo\u015b\u0107 to w opcji &#8220;lekkiej&#8221; \u2013 na lodowcu b\u0119dzie ch\u0142odniej, ale nie jest to stycze\u0144.<br \/>\nStr\u00f3j rowerowy proponujemy zabra\u0107 ze sob\u0105 ubi\u00f3r zr\u00f3\u017cnicowany &#8211; na pogod\u0119 ch\u0142odn\u0105 i cieplejsz\u0105.<\/div>\n<div>\n<hr \/>\n<\/div>\n<div><em>Wytyczne covidowe:<\/em><\/div>\n<div><em>TRANZYT:<\/em><br \/>\n<em>Przejazd przez Czechy odbywa si\u0119 bez \u017cadnych ogranicze\u0144!<\/em><\/div>\n<div>\n<hr \/>\n<\/div>\n<div><em>POBYT W AUSTRII:<\/em><br \/>\n<em>1.negatywny wynik badania na obecno\u015b\u0107 wirusa SARS-CoV-2 (PCR wa\u017cny 72 godziny,<\/em><br \/>\n<em>antygenowy wa\u017cny 48 godzin, samodzielnie wykonany test antygenowy wa\u017cny 24 godziny)<\/em><br \/>\n<em>potwierdzonego w formie:<\/em><br \/>\n<em>za\u015bwiadczenia wydanego przez punkt testuj\u0105cy, w j\u0119zyku niemieckim lub angielskim, musi<\/em><br \/>\n<em>zawiera\u0107: imi\u0119 i nazwisko, dat\u0119 urodzenia, dat\u0119 i godzin\u0119 pobrania pr\u00f3bki, wynik testu \u2013<\/em><br \/>\n<em>negatywny\/pozytywny oraz podpis i piecz\u0119\u0107 osoby testuj\u0105cej lub kod kreskowy\/kod QR<\/em><br \/>\n<em>2. pe\u0142ne zaszczepienie preparatem: BioTech\/Pfizer, (Vaxzervia) AstraZeneca, Moderna,<\/em><br \/>\n<em>Sinophram, Sinovac-Corona Vac, Janssen potwierdzonego w formie:<\/em><br \/>\n<em>certyfikatu szczepienia wydanego w j\u0119zyku niemieckim lub angielskim lub zawieraj\u0105cego<\/em><br \/>\n<em>t\u0142umaczenie na jeden z tych j\u0119zyk\u00f3w lub;<\/em><br \/>\n<em>za\u015bwiadczenia lekarskiego wydanego w j\u0119zyku niemieckim lub angielskim na formularzu A<\/em><br \/>\n<em>lub B (za\u0142\u0105czniki na stronie Ambasady RP w Wiedniu);<\/em><br \/>\n<em>Pe\u0142ne szczepienie (dwie dawki) uprawnia do wjazdu do 360 dni od podania drugiej dawki.<\/em><br \/>\n<em>Szczepionki jednodawkowe uprawniaj\u0105 do wjazdu od 21. dnia do 270 dni od podania<\/em><br \/>\n<em>szczepionki.<\/em><br \/>\n<em>3. przebycie infekcji wirusem SARS-CoV-2 w okresie ostatnich 180 dni potwierdzonego w<\/em><br \/>\n<em>formie:<\/em><br \/>\n<em>urz\u0119dowego za\u015bwiadczenia \u2013 np. decyzji o skierowaniu na kwarantann\u0119 w zwi\u0105zku z<\/em><br \/>\n<em>zachorowaniem na Covid 19;<\/em><br \/>\n<em>za\u015bwiadczenia lekarskiego wydanego w j\u0119zyku niemieckim lub angielskim na formularzu A<\/em><br \/>\n<em>lub B (za\u0142\u0105czniki na stronie Ambasady RP w Wiedniu);<\/em><br \/>\n<em>4. posiadanie przeciwcia\u0142 potwierdzone w formie urz\u0119dowego za\u015bwiadczenia, nie<\/em><br \/>\n<em>starszego ni\u017c 90 dni.<\/em><\/div>\n<div><\/div>\n<div><em>UWAGA!<\/em><br \/>\n<em>W pomieszczeniach zamkni\u0119tych (sklepach, restauracjach, kolejkach g\u00f3rskich, stacjach<\/em><br \/>\n<em>benzynowych) wymagane s\u0105 maseczki typu FFP2.<\/em><\/div>\n<div><em>W Millstatt istnieje mo\u017cliwo\u015b\u0107 zrobienia testu antygenowego. Cena testu: ok. 20 e.<\/em><\/div>\n","protected":false},"excerpt":{"rendered":"<p>Szanowne Kole\u017canki, Szanowni Koledzy! Zapraszamy do wzi\u0119cia udzia\u0142u w wyje\u017adzie szkoleniowo &#8211; wypoczynkowym ArchiNarty 2021. Informacje rejestracyjne zostan\u0105 podane w ci\u0105gu 7 dni na www i fanpage PKOIA. Koszt wyjazdu na osob\u0119 \u2013 400z\u0142 Formularz zg\u0142oszeniowy zostanie uruchomiony 02.10.2021r. o godz. 12:00 Dodatkowe informacje Ubi\u00f3r: Temperatura w Karyntii ko\u0144cem pa\u017adziernika: 15-20 stopni Celsjusza. Na narty [&hellip;]<\/p>\n","protected":false},"author":7,"featured_media":4416,"comment_status":"closed","ping_status":"open","sticky":false,"template":"","format":"standard","meta":{"footnotes":""},"categories":[56],"tags":[],"class_list":["post-4410","post","type-post","status-publish","format-standard","has-post-thumbnail","hentry","category-informacje-rady"],"publishpress_future_action":{"enabled":false,"date":"2026-05-08 10:05:49","action":"change-status","newStatus":"draft","terms":[],"taxonomy":"category","extraData":[]},"publishpress_future_workflow_manual_trigger":{"enabledWorkflows":[]},"_links":{"self":[{"href":"https:\/\/podkarpacka.iarp.pl\/index.php?rest_route=\/wp\/v2\/posts\/4410","targetHints":{"allow":["GET"]}}],"collection":[{"href":"https:\/\/podkarpacka.iarp.pl\/index.php?rest_route=\/wp\/v2\/posts"}],"about":[{"href":"https:\/\/podkarpacka.iarp.pl\/index.php?rest_route=\/wp\/v2\/types\/post"}],"author":[{"embeddable":true,"href":"https:\/\/podkarpacka.iarp.pl\/index.php?rest_route=\/wp\/v2\/users\/7"}],"replies":[{"embeddable":true,"href":"https:\/\/podkarpacka.iarp.pl\/index.php?rest_route=%2Fwp%2Fv2%2Fcomments&post=4410"}],"version-history":[{"count":2,"href":"https:\/\/podkarpacka.iarp.pl\/index.php?rest_route=\/wp\/v2\/posts\/4410\/revisions"}],"predecessor-version":[{"id":4417,"href":"https:\/\/podkarpacka.iarp.pl\/index.php?rest_route=\/wp\/v2\/posts\/4410\/revisions\/4417"}],"wp:featuredmedia":[{"embeddable":true,"href":"https:\/\/podkarpacka.iarp.pl\/index.php?rest_route=\/wp\/v2\/media\/4416"}],"wp:attachment":[{"href":"https:\/\/podkarpacka.iarp.pl\/index.php?rest_route=%2Fwp%2Fv2%2Fmedia&parent=4410"}],"wp:term":[{"taxonomy":"category","embeddable":true,"href":"https:\/\/podkarpacka.iarp.pl\/index.php?rest_route=%2Fwp%2Fv2%2Fcategories&post=4410"},{"taxonomy":"post_tag","embeddable":true,"href":"https:\/\/podkarpacka.iarp.pl\/index.php?rest_route=%2Fwp%2Fv2%2Ftags&post=4410"}],"curies":[{"name":"wp","href":"https:\/\/api.w.org\/{rel}","templated":true}]}}