{"id":4427,"date":"2021-10-05T20:09:27","date_gmt":"2021-10-05T18:09:27","guid":{"rendered":"http:\/\/podkarpacka.iarp.pl\/?p=4427"},"modified":"2021-10-05T20:10:13","modified_gmt":"2021-10-05T18:10:13","slug":"11-edycja-konkursu-dom-moich-marzen","status":"publish","type":"post","link":"https:\/\/podkarpacka.iarp.pl\/?p=4427","title":{"rendered":"XI edycja konkursu &#8220;Dom Moich Marze\u0144&#8221;"},"content":{"rendered":"<p>Trwa XI edycja konkursu Dom Moich Marze\u0144 w ramach Dnia Edukacji Architektonicznej 2021.<\/p>\n<p>Ch\u0119\u0107 udzia\u0142u w konkursie wyrazi\u0142o 21 szk\u00f3\u0142 z wojew\u00f3dztwa podkarpackiego.<\/p>\n<p>Lekcje architektury dla 944 uczni\u00f3w klas czwartych zostan\u0105 przeprowadzone w 45 klasach.<\/p>\n<p>Z ogromn\u0105 ciekawo\u015bci\u0105 czekamy na przygotowane prace z kt\u00f3rych wy\u0142onimy zwyci\u0119zc\u00f3w.<\/p>\n<p>\u017byczymy wielu ciekawych pomys\u0142\u00f3w i du\u017co kreatywno\u015bci.<\/p>\n<h6 dir=\"auto\"><\/h6>\n<h6 dir=\"auto\" style=\"text-align: right;\">architekt Iwona B\u0105k<\/h6>\n","protected":false},"excerpt":{"rendered":"<p>Trwa XI edycja konkursu Dom Moich Marze\u0144 w ramach Dnia Edukacji Architektonicznej 2021. Ch\u0119\u0107 udzia\u0142u w konkursie wyrazi\u0142o 21 szk\u00f3\u0142 z wojew\u00f3dztwa podkarpackiego. Lekcje architektury dla 944 uczni\u00f3w klas czwartych zostan\u0105 przeprowadzone w 45 klasach. Z ogromn\u0105 ciekawo\u015bci\u0105 czekamy na przygotowane prace z kt\u00f3rych wy\u0142onimy zwyci\u0119zc\u00f3w. \u017byczymy wielu ciekawych pomys\u0142\u00f3w i du\u017co kreatywno\u015bci. architekt Iwona [&hellip;]<\/p>\n","protected":false},"author":6,"featured_media":860,"comment_status":"closed","ping_status":"open","sticky":false,"template":"","format":"standard","meta":{"footnotes":""},"categories":[62],"tags":[],"class_list":["post-4427","post","type-post","status-publish","format-standard","has-post-thumbnail","hentry","category-konkursy"],"publishpress_future_action":{"enabled":false,"date":"2026-05-05 02:51:30","action":"change-status","newStatus":"draft","terms":[],"taxonomy":"category","extraData":[]},"publishpress_future_workflow_manual_trigger":{"enabledWorkflows":[]},"_links":{"self":[{"href":"https:\/\/podkarpacka.iarp.pl\/index.php?rest_route=\/wp\/v2\/posts\/4427","targetHints":{"allow":["GET"]}}],"collection":[{"href":"https:\/\/podkarpacka.iarp.pl\/index.php?rest_route=\/wp\/v2\/posts"}],"about":[{"href":"https:\/\/podkarpacka.iarp.pl\/index.php?rest_route=\/wp\/v2\/types\/post"}],"author":[{"embeddable":true,"href":"https:\/\/podkarpacka.iarp.pl\/index.php?rest_route=\/wp\/v2\/users\/6"}],"replies":[{"embeddable":true,"href":"https:\/\/podkarpacka.iarp.pl\/index.php?rest_route=%2Fwp%2Fv2%2Fcomments&post=4427"}],"version-history":[{"count":6,"href":"https:\/\/podkarpacka.iarp.pl\/index.php?rest_route=\/wp\/v2\/posts\/4427\/revisions"}],"predecessor-version":[{"id":4433,"href":"https:\/\/podkarpacka.iarp.pl\/index.php?rest_route=\/wp\/v2\/posts\/4427\/revisions\/4433"}],"wp:featuredmedia":[{"embeddable":true,"href":"https:\/\/podkarpacka.iarp.pl\/index.php?rest_route=\/wp\/v2\/media\/860"}],"wp:attachment":[{"href":"https:\/\/podkarpacka.iarp.pl\/index.php?rest_route=%2Fwp%2Fv2%2Fmedia&parent=4427"}],"wp:term":[{"taxonomy":"category","embeddable":true,"href":"https:\/\/podkarpacka.iarp.pl\/index.php?rest_route=%2Fwp%2Fv2%2Fcategories&post=4427"},{"taxonomy":"post_tag","embeddable":true,"href":"https:\/\/podkarpacka.iarp.pl\/index.php?rest_route=%2Fwp%2Fv2%2Ftags&post=4427"}],"curies":[{"name":"wp","href":"https:\/\/api.w.org\/{rel}","templated":true}]}}