{"id":4449,"date":"2021-10-20T09:29:43","date_gmt":"2021-10-20T07:29:43","guid":{"rendered":"http:\/\/podkarpacka.iarp.pl\/?p=4449"},"modified":"2021-10-20T09:30:06","modified_gmt":"2021-10-20T07:30:06","slug":"zmarl-nasz-kolega-pan-roman-ilnicki","status":"publish","type":"post","link":"https:\/\/podkarpacka.iarp.pl\/?p=4449","title":{"rendered":"Zmar\u0142 nasz Kolega Pan Roman ILNICKI"},"content":{"rendered":"<p><span lang=\"PL\">Z wielkim \u017calem i smutkiem zawiadamiamy, \u017ce w dniu 15 wrze\u015bnia 2021 roku zmar\u0142\u00a0<strong>Pan Roman Ilnicki, d\u0142ugoletni\u00a0<\/strong><\/span><strong><span lang=\"PL\">by\u0142y\u00a0<\/span><\/strong><strong><span lang=\"PL\">\u00a0pracownik\u00a0<\/span><\/strong><strong><span lang=\"PL\">Podkarpackiej Okr\u0119gowej \u00a0Izby Architekt\u00f3w RP<\/span><\/strong><strong><span lang=\"PL\">.<\/span><\/strong><u><\/u><u><\/u><\/p>\n<p><span lang=\"PL\">Pogrzeb odb\u0119dzie si\u0119 w dniu 20.10.2021 roku (\u015broda) \u00a0o godz. 12:30 na cmentarzu Pobitno w Rzeszowie.<\/span><\/p>\n","protected":false},"excerpt":{"rendered":"<p>Z wielkim \u017calem i smutkiem zawiadamiamy, \u017ce w dniu 15 wrze\u015bnia 2021 roku zmar\u0142\u00a0Pan Roman Ilnicki, d\u0142ugoletni\u00a0by\u0142y\u00a0\u00a0pracownik\u00a0Podkarpackiej Okr\u0119gowej \u00a0Izby Architekt\u00f3w RP. Pogrzeb odb\u0119dzie si\u0119 w dniu 20.10.2021 roku (\u015broda) \u00a0o godz. 12:30 na cmentarzu Pobitno w Rzeszowie.<\/p>\n","protected":false},"author":6,"featured_media":1613,"comment_status":"closed","ping_status":"open","sticky":false,"template":"","format":"standard","meta":{"footnotes":""},"categories":[56],"tags":[],"class_list":["post-4449","post","type-post","status-publish","format-standard","has-post-thumbnail","hentry","category-informacje-rady"],"publishpress_future_action":{"enabled":false,"date":"2026-05-08 09:15:32","action":"change-status","newStatus":"draft","terms":[],"taxonomy":"category","extraData":[]},"publishpress_future_workflow_manual_trigger":{"enabledWorkflows":[]},"_links":{"self":[{"href":"https:\/\/podkarpacka.iarp.pl\/index.php?rest_route=\/wp\/v2\/posts\/4449","targetHints":{"allow":["GET"]}}],"collection":[{"href":"https:\/\/podkarpacka.iarp.pl\/index.php?rest_route=\/wp\/v2\/posts"}],"about":[{"href":"https:\/\/podkarpacka.iarp.pl\/index.php?rest_route=\/wp\/v2\/types\/post"}],"author":[{"embeddable":true,"href":"https:\/\/podkarpacka.iarp.pl\/index.php?rest_route=\/wp\/v2\/users\/6"}],"replies":[{"embeddable":true,"href":"https:\/\/podkarpacka.iarp.pl\/index.php?rest_route=%2Fwp%2Fv2%2Fcomments&post=4449"}],"version-history":[{"count":1,"href":"https:\/\/podkarpacka.iarp.pl\/index.php?rest_route=\/wp\/v2\/posts\/4449\/revisions"}],"predecessor-version":[{"id":4450,"href":"https:\/\/podkarpacka.iarp.pl\/index.php?rest_route=\/wp\/v2\/posts\/4449\/revisions\/4450"}],"wp:featuredmedia":[{"embeddable":true,"href":"https:\/\/podkarpacka.iarp.pl\/index.php?rest_route=\/wp\/v2\/media\/1613"}],"wp:attachment":[{"href":"https:\/\/podkarpacka.iarp.pl\/index.php?rest_route=%2Fwp%2Fv2%2Fmedia&parent=4449"}],"wp:term":[{"taxonomy":"category","embeddable":true,"href":"https:\/\/podkarpacka.iarp.pl\/index.php?rest_route=%2Fwp%2Fv2%2Fcategories&post=4449"},{"taxonomy":"post_tag","embeddable":true,"href":"https:\/\/podkarpacka.iarp.pl\/index.php?rest_route=%2Fwp%2Fv2%2Ftags&post=4449"}],"curies":[{"name":"wp","href":"https:\/\/api.w.org\/{rel}","templated":true}]}}