{"id":4451,"date":"2021-10-21T14:39:02","date_gmt":"2021-10-21T12:39:02","guid":{"rendered":"http:\/\/podkarpacka.iarp.pl\/?p=4451"},"modified":"2021-10-21T14:41:26","modified_gmt":"2021-10-21T12:41:26","slug":"szkolenie-polski-lad-omowienie-planowanych-zmian-w-przepisach-2021-10-25","status":"publish","type":"post","link":"https:\/\/podkarpacka.iarp.pl\/?p=4451","title":{"rendered":"Szkolenie: \u201ePolski \u0141ad \u2013 om\u00f3wienie planowanych zmian w przepisach\u201d"},"content":{"rendered":"<p>Podkomisja Szkole\u0144 Zawodowych Architekt\u00f3w dzia\u0142aj\u0105ca przy KRIA RP<br \/>\nzaprasza na szkolenie<br \/>\ninternetowe w formie webinarium LIVE:<br \/>\nRozpocz\u0119cie:<br \/>\n2021-10-25 o godzinie 15:00<\/p>\n<p>\u201ePolski \u0141ad \u2013 om\u00f3wienie planowanych zmian w przepisach\u201d.<\/p>\n<p>W ramach szkolenia zostan\u0105 om\u00f3wione nast\u0119puj\u0105ce zagadnienia:<br \/>\n1. Om\u00f3wienie planowanych zmian w przepisach:<br \/>\n\u2022 Podatek dochodowy od os\u00f3b fizycznych (przedsi\u0119biorcy i<br \/>\npracownicy\/zleceniodawcy)<br \/>\n\u2022 Podatek dochodowy od os\u00f3b prawnych<br \/>\n\u2022 VAT \/ Kodeks karny skarbowy \/ Ordynacja podatkowa \/ inne ustawy<br \/>\n2. Symulacja wp\u0142ywu zmian w opodatkowaniu na wysoko\u015b\u0107 obci\u0105\u017ce\u0144<br \/>\npodatkowych (dla pracownik\u00f3w, przedsi\u0119biorc\u00f3w, sp\u00f3\u0142ek)<br \/>\n3. Cz\u0119\u015b\u0107 praktyczna \u2013 odniesienie si\u0119 do szczeg\u00f3\u0142owych zagadnie\u0144 i pyta\u0144<br \/>\nprzestawionych przez uczestnik\u00f3w webinarium.<\/p>\n<p>Szczeg\u00f3\u0142y pod adresem:<br \/>\nhttps:\/\/szkolenia.iarp.pl\/szkolenie\/1026<\/p>\n","protected":false},"excerpt":{"rendered":"<p>Podkomisja Szkole\u0144 Zawodowych Architekt\u00f3w dzia\u0142aj\u0105ca przy KRIA RP zaprasza na szkolenie internetowe w formie webinarium LIVE: Rozpocz\u0119cie: 2021-10-25 o godzinie 15:00 \u201ePolski \u0141ad \u2013 om\u00f3wienie planowanych zmian w przepisach\u201d. W ramach szkolenia zostan\u0105 om\u00f3wione nast\u0119puj\u0105ce zagadnienia: 1. Om\u00f3wienie planowanych zmian w przepisach: \u2022 Podatek dochodowy od os\u00f3b fizycznych (przedsi\u0119biorcy i pracownicy\/zleceniodawcy) \u2022 Podatek dochodowy od [&hellip;]<\/p>\n","protected":false},"author":6,"featured_media":863,"comment_status":"closed","ping_status":"open","sticky":false,"template":"","format":"standard","meta":{"footnotes":""},"categories":[57],"tags":[],"class_list":["post-4451","post","type-post","status-publish","format-standard","has-post-thumbnail","hentry","category-szkolenia"],"publishpress_future_action":{"enabled":false,"date":"2026-05-05 00:39:01","action":"change-status","newStatus":"draft","terms":[],"taxonomy":"category","extraData":[]},"publishpress_future_workflow_manual_trigger":{"enabledWorkflows":[]},"_links":{"self":[{"href":"https:\/\/podkarpacka.iarp.pl\/index.php?rest_route=\/wp\/v2\/posts\/4451","targetHints":{"allow":["GET"]}}],"collection":[{"href":"https:\/\/podkarpacka.iarp.pl\/index.php?rest_route=\/wp\/v2\/posts"}],"about":[{"href":"https:\/\/podkarpacka.iarp.pl\/index.php?rest_route=\/wp\/v2\/types\/post"}],"author":[{"embeddable":true,"href":"https:\/\/podkarpacka.iarp.pl\/index.php?rest_route=\/wp\/v2\/users\/6"}],"replies":[{"embeddable":true,"href":"https:\/\/podkarpacka.iarp.pl\/index.php?rest_route=%2Fwp%2Fv2%2Fcomments&post=4451"}],"version-history":[{"count":2,"href":"https:\/\/podkarpacka.iarp.pl\/index.php?rest_route=\/wp\/v2\/posts\/4451\/revisions"}],"predecessor-version":[{"id":4455,"href":"https:\/\/podkarpacka.iarp.pl\/index.php?rest_route=\/wp\/v2\/posts\/4451\/revisions\/4455"}],"wp:featuredmedia":[{"embeddable":true,"href":"https:\/\/podkarpacka.iarp.pl\/index.php?rest_route=\/wp\/v2\/media\/863"}],"wp:attachment":[{"href":"https:\/\/podkarpacka.iarp.pl\/index.php?rest_route=%2Fwp%2Fv2%2Fmedia&parent=4451"}],"wp:term":[{"taxonomy":"category","embeddable":true,"href":"https:\/\/podkarpacka.iarp.pl\/index.php?rest_route=%2Fwp%2Fv2%2Fcategories&post=4451"},{"taxonomy":"post_tag","embeddable":true,"href":"https:\/\/podkarpacka.iarp.pl\/index.php?rest_route=%2Fwp%2Fv2%2Ftags&post=4451"}],"curies":[{"name":"wp","href":"https:\/\/api.w.org\/{rel}","templated":true}]}}