{"id":4453,"date":"2021-10-21T14:41:18","date_gmt":"2021-10-21T12:41:18","guid":{"rendered":"http:\/\/podkarpacka.iarp.pl\/?p=4453"},"modified":"2021-10-21T14:41:18","modified_gmt":"2021-10-21T12:41:18","slug":"cykl-szkolen-wizerunek-w-sieci","status":"publish","type":"post","link":"https:\/\/podkarpacka.iarp.pl\/?p=4453","title":{"rendered":"Cykl szkole\u0144: &#8220;Wizerunek w sieci&#8221;"},"content":{"rendered":"<p style=\"font-weight: 400;\">Szanowni Pa\u0144stwo,<\/p>\n<p style=\"font-weight: 400;\">Architekci IARP,<\/p>\n<p style=\"font-weight: 400;\">Pomorska Okr\u0119gowa Izba Architekt\u00f3w RP serdecznie zaprasza na cykl szkole\u0144 on-line pt.<strong>\u00a0<\/strong><strong>&#8220;Wizerunek w sieci&#8221;<\/strong>. Szkolenie poprowadzi\u00a0<strong>dr Mi\u0142osz Wojtyna.\u00a0\u00a0<\/strong><\/p>\n<p style=\"font-weight: 400;\">Zaproszenie od Prowadz\u0105cego w formie \u00a0 wideo:\u00a0\u00a0<a href=\"https:\/\/youtu.be\/g2CNDYZUL7A\" data-saferedirecturl=\"https:\/\/www.google.com\/url?q=https:\/\/youtu.be\/g2CNDYZUL7A&amp;source=gmail&amp;ust=1634832491306000&amp;usg=AFQjCNGjCDR5I2dDwwFj5tyIwkkHXT9qXg\">https:\/\/youtu.be\/g2CNDYZUL7A<\/a><\/p>\n<p style=\"font-weight: 400;\">Terminy szkole\u0144:<\/p>\n<p style=\"font-weight: 400;\"><strong>Cz\u0119\u015b\u0107 1.\u00a0\u00a0<\/strong><strong>2<\/strong><strong>7.10.2021 godz. 17.00 &#8211; &#8220;Nie mam nic do powiedzenia&#8221;.\u00a0Tre\u015b\u0107, opowie\u015b\u0107 i Twoja zawodowa to\u017csamo\u015b\u0107.\u00a0 &#8211;\u00a0<\/strong>link do szkolenia:\u00a0\u00a0<a href=\"https:\/\/szkolenia.iarp.pl\/szkolenie\/1023\" data-saferedirecturl=\"https:\/\/www.google.com\/url?q=https:\/\/szkolenia.iarp.pl\/szkolenie\/1023&amp;source=gmail&amp;ust=1634832491306000&amp;usg=AFQjCNH-meHsGqyzXC42nqdxmW8W3QCFpg\">https:\/\/szkolenia.iarp.pl\/szkolenie\/1023<\/a><\/p>\n<p style=\"font-weight: 400;\"><strong>Cz\u0119\u015b\u0107 2.\u00a0 03.11.2021 godz. 17.00 (\u015broda) &#8211; &#8220;\u0141adnie albo wcale!&#8221; &#8211; estetyka a Tw\u00f3j wizerunek w sieci. &#8211;\u00a0<\/strong>link do szkolenia:\u00a0\u00a0\u00a0<a href=\"https:\/\/szkolenia.iarp.pl\/szkolenie\/1024\" data-saferedirecturl=\"https:\/\/www.google.com\/url?q=https:\/\/szkolenia.iarp.pl\/szkolenie\/1024&amp;source=gmail&amp;ust=1634832491306000&amp;usg=AFQjCNE4Kxltq8ogDyemuVmcTOXKbjNWaA\">https:\/\/szkolenia.iarp.pl\/szkolenie\/1024<\/a><\/p>\n<p style=\"font-weight: 400;\"><strong>Cz\u0119\u015b\u0107 3.\u00a0 17.11.2021 godz. 17.00 (\u015broda) &#8211; &#8220;Jak nie oszale\u0107 od autopromocji?&#8221;, czyli o b\u0142ogos\u0142awionym nawyku. &#8211;\u00a0<\/strong>link do szkolenia:\u00a0\u00a0\u00a0<a href=\"https:\/\/szkolenia.iarp.pl\/szkolenie\/1025\" data-saferedirecturl=\"https:\/\/www.google.com\/url?q=https:\/\/szkolenia.iarp.pl\/szkolenie\/1025&amp;source=gmail&amp;ust=1634832491306000&amp;usg=AFQjCNEDVza8N-WnEC8H1V1FO1_LHvlmgg\">https:\/\/szkolenia.iarp.pl\/szkolenie\/1025<\/a><\/p>\n<p style=\"font-weight: 400;\">\n<p style=\"font-weight: 400;\">Organizatorem szkolenia\u00a0 jest Pomorska Okr\u0119gowa Izba Architekt\u00f3w RP.<\/p>\n<p style=\"font-weight: 400;\">Udzia\u0142 w szkoleniu b\u0119dzie mo\u017cliwy za pomoc\u0105 w\u0142asnego sprz\u0119tu z dost\u0119pem do internetu.<\/p>\n<p style=\"font-weight: 400;\"><strong>Dane do logowania:<\/strong><\/p>\n<p style=\"font-weight: 400;\">Przy logowaniu nale\u017cy si\u0119 pos\u0142u\u017cy\u0107 loginem i has\u0142em s\u0142u\u017c\u0105cym do logowania na stronie\u00a0<a href=\"http:\/\/www.izbaarchitektow.pl\/\" data-saferedirecturl=\"https:\/\/www.google.com\/url?q=http:\/\/www.izbaarchitektow.pl&amp;source=gmail&amp;ust=1634832491306000&amp;usg=AFQjCNHZ3pNkals_D63NXHYFNjyjU2H3lw\">http:\/\/www.izbaarchitektow.pl\/<\/a>\u00a0(dane do systemu, aby pobra\u0107 za\u015bwiadczenie o przynale\u017cno\u015bci do Izby).<\/p>\n<p style=\"font-weight: 400;\">\n<strong>Do zapisanych os\u00f3b prze\u015blemy link do webinaru, kt\u00f3ry odb\u0119dzie si\u0119 przez aplikacj\u0119 click meenting.<\/strong><\/p>\n","protected":false},"excerpt":{"rendered":"<p>Szanowni Pa\u0144stwo, Architekci IARP, Pomorska Okr\u0119gowa Izba Architekt\u00f3w RP serdecznie zaprasza na cykl szkole\u0144 on-line pt.\u00a0&#8220;Wizerunek w sieci&#8221;. Szkolenie poprowadzi\u00a0dr Mi\u0142osz Wojtyna.\u00a0\u00a0 Zaproszenie od Prowadz\u0105cego w formie \u00a0 wideo:\u00a0\u00a0https:\/\/youtu.be\/g2CNDYZUL7A Terminy szkole\u0144: Cz\u0119\u015b\u0107 1.\u00a0\u00a027.10.2021 godz. 17.00 &#8211; &#8220;Nie mam nic do powiedzenia&#8221;.\u00a0Tre\u015b\u0107, opowie\u015b\u0107 i Twoja zawodowa to\u017csamo\u015b\u0107.\u00a0 &#8211;\u00a0link do szkolenia:\u00a0\u00a0https:\/\/szkolenia.iarp.pl\/szkolenie\/1023 Cz\u0119\u015b\u0107 2.\u00a0 03.11.2021 godz. 17.00 (\u015broda) [&hellip;]<\/p>\n","protected":false},"author":6,"featured_media":864,"comment_status":"closed","ping_status":"open","sticky":false,"template":"","format":"standard","meta":{"footnotes":""},"categories":[57],"tags":[],"class_list":["post-4453","post","type-post","status-publish","format-standard","has-post-thumbnail","hentry","category-szkolenia"],"publishpress_future_action":{"enabled":false,"date":"2026-05-05 00:34:16","action":"change-status","newStatus":"draft","terms":[],"taxonomy":"category","extraData":[]},"publishpress_future_workflow_manual_trigger":{"enabledWorkflows":[]},"_links":{"self":[{"href":"https:\/\/podkarpacka.iarp.pl\/index.php?rest_route=\/wp\/v2\/posts\/4453","targetHints":{"allow":["GET"]}}],"collection":[{"href":"https:\/\/podkarpacka.iarp.pl\/index.php?rest_route=\/wp\/v2\/posts"}],"about":[{"href":"https:\/\/podkarpacka.iarp.pl\/index.php?rest_route=\/wp\/v2\/types\/post"}],"author":[{"embeddable":true,"href":"https:\/\/podkarpacka.iarp.pl\/index.php?rest_route=\/wp\/v2\/users\/6"}],"replies":[{"embeddable":true,"href":"https:\/\/podkarpacka.iarp.pl\/index.php?rest_route=%2Fwp%2Fv2%2Fcomments&post=4453"}],"version-history":[{"count":1,"href":"https:\/\/podkarpacka.iarp.pl\/index.php?rest_route=\/wp\/v2\/posts\/4453\/revisions"}],"predecessor-version":[{"id":4454,"href":"https:\/\/podkarpacka.iarp.pl\/index.php?rest_route=\/wp\/v2\/posts\/4453\/revisions\/4454"}],"wp:featuredmedia":[{"embeddable":true,"href":"https:\/\/podkarpacka.iarp.pl\/index.php?rest_route=\/wp\/v2\/media\/864"}],"wp:attachment":[{"href":"https:\/\/podkarpacka.iarp.pl\/index.php?rest_route=%2Fwp%2Fv2%2Fmedia&parent=4453"}],"wp:term":[{"taxonomy":"category","embeddable":true,"href":"https:\/\/podkarpacka.iarp.pl\/index.php?rest_route=%2Fwp%2Fv2%2Fcategories&post=4453"},{"taxonomy":"post_tag","embeddable":true,"href":"https:\/\/podkarpacka.iarp.pl\/index.php?rest_route=%2Fwp%2Fv2%2Ftags&post=4453"}],"curies":[{"name":"wp","href":"https:\/\/api.w.org\/{rel}","templated":true}]}}