{"id":4458,"date":"2021-11-05T12:33:12","date_gmt":"2021-11-05T10:33:12","guid":{"rendered":"http:\/\/podkarpacka.iarp.pl\/?p=4458"},"modified":"2022-01-19T11:08:47","modified_gmt":"2022-01-19T09:08:47","slug":"szkolenie-z-prawa-budowlanego-i-cyfryzacji","status":"publish","type":"post","link":"https:\/\/podkarpacka.iarp.pl\/?p=4458","title":{"rendered":"Szkolenie Z Prawa Budowlanego i Cyfryzacji &#8211; Relacja"},"content":{"rendered":"<p>W dniu 15 pa\u017adziernika 2021r. po trwaj\u0105cej od 7 marca 2020 r.\u00a0 spowodowanej czasem pandemii, przerwie, odby\u0142o si\u0119 szkolenie z PB i cyfryzacji.<br \/>\nBy\u0142o to pierwsze szkolenie organizowane przez PKOIA przy poparciu inicjatywy przez prezydenta miasta Rzeszowa Konrada Fijo\u0142ka.<\/p>\n<p>Taka postawa jest dowodem zrozumienia wagi wsp\u00f3\u0142pracy z naszym samorz\u0105dem zawodowym, skupiaj\u0105cym czynnych zawodowo architekt\u00f3w, kt\u00f3rzy maja bezpo\u015bredni wp\u0142yw na realia w jakich \u017cyjemy- tworz\u0105cych architektur\u0119 i przestrze\u0144. Pok\u0142adamy nadziej\u0119, \u017ce rozpocz\u0119te dzia\u0142ania b\u0119d\u0105 przyk\u0142adem dla innych w\u0142odarzy miast naszego wojew\u00f3dztwa podkarpackiego w zakresie wypracowania dobrej tradycji wsp\u00f3\u0142pracy IARP z organami AAB.<\/p>\n<p>Podczas szkolenia mieli\u015bmy okazj\u0119 wsp\u00f3lnie &#8211; my architekci i pracownicy organ\u00f3w administracji architektoniczno-budowlanej zg\u0142\u0119bia\u0107 tajniki skomplikowanych zapis\u00f3w ustaw i rozporz\u0105dze\u0144, kt\u00f3rymi pos\u0142ugujemy si\u0119 na co dzie\u0144.<br \/>\nTeoretycznie b\u0119d\u0105c po dw\u00f3ch stronach \u201ebarykady\u201d, lecz przy w\u0142a\u015bciwym rozumieniu rzeczy- wykonujemy ten sam cel- zadania s\u0142u\u017c\u0105ce inwestorom\/ my architekci, jako zaw\u00f3d zaufania publicznego oraz urz\u0119dnicy wykonuj\u0105cy powierzone zadania publiczne- wszystko w celu finalnego rezultatu jakim jest realizacja inwestycji. Szkolenie mia\u0142o na celu wypracowanie jednolitej umiej\u0119tno\u015bci czytania zapis\u00f3w przepis\u00f3w, kt\u00f3re od 19 wrze\u015bnia 2021r. wesz\u0142y na sta\u0142e w nasze zawodowe \u017cycie.<\/p>\n<p>Szkolenie posiada\u0142o dodatkow\u0105 warto\u015b\u0107 merytoryczn\u0105 poprzez udzia\u0142 w nim prowadz\u0105cych: Grzegorza Jachyma- koordynatora komisji prawa inwestycyjnego przy KRIA i Wojciecha Gwizdka-sekretarza KRIA, koleg\u00f3w, kt\u00f3rzy s\u0105 czynnymi zawodowo architektami, tak wiec wiedza, kt\u00f3r\u0105 nam przekazywali by\u0142a oparta o realia praktycznego wykonywania zawodu wynikaj\u0105ce z obowi\u0105zuj\u0105cych przepis\u00f3w.<\/p>\n<p>Szkolenie zosta\u0142o organizowane przy wsp\u00f3\u0142pracy z KRIA, kt\u00f3ra zadba\u0142a o nagranie ca\u0142o\u015bci materia\u0142u, kt\u00f3ry obecnie jest dost\u0119pny na platformie szkoleniowej, do pobrania dla wszystkich cz\u0142onk\u00f3w naszego samorz\u0105du w ca\u0142ym kraju.<br \/>\nMateria\u0142 szkoleniowy mo\u017cna przekazywa\u0107 do wszystkich organ\u00f3w AAB, aby d\u0105\u017cy\u0107 do wypracowania jednolitej interpretacji przepis\u00f3w.<\/p>\n\n\t\t<style type=\"text\/css\">\n\t\t\t#gallery-1 {\n\t\t\t\tmargin: auto;\n\t\t\t}\n\t\t\t#gallery-1 .gallery-item {\n\t\t\t\tfloat: left;\n\t\t\t\tmargin-top: 10px;\n\t\t\t\ttext-align: center;\n\t\t\t\twidth: 33%;\n\t\t\t}\n\t\t\t#gallery-1 img {\n\t\t\t\tborder: 2px solid #cfcfcf;\n\t\t\t}\n\t\t\t#gallery-1 .gallery-caption {\n\t\t\t\tmargin-left: 0;\n\t\t\t}\n\t\t\t\/* see gallery_shortcode() in wp-includes\/media.php *\/\n\t\t<\/style>\n\t\t<div id='gallery-1' class='gallery galleryid-4458 gallery-columns-3 gallery-size-large'><dl class='gallery-item'>\n\t\t\t<dt class='gallery-icon landscape'>\n\t\t\t\t<a href='https:\/\/podkarpacka.iarp.pl\/?attachment_id=4468'><img loading=\"lazy\" decoding=\"async\" width=\"770\" height=\"578\" src=\"https:\/\/podkarpacka.iarp.pl\/wp-content\/uploads\/2021\/11\/IMG-20211125-WA0005-1024x768.jpg\" class=\"attachment-large size-large\" alt=\"\" srcset=\"https:\/\/podkarpacka.iarp.pl\/wp-content\/uploads\/2021\/11\/IMG-20211125-WA0005.jpg 1024w, https:\/\/podkarpacka.iarp.pl\/wp-content\/uploads\/2021\/11\/IMG-20211125-WA0005-300x225.jpg 300w, https:\/\/podkarpacka.iarp.pl\/wp-content\/uploads\/2021\/11\/IMG-20211125-WA0005-768x576.jpg 768w, https:\/\/podkarpacka.iarp.pl\/wp-content\/uploads\/2021\/11\/IMG-20211125-WA0005-600x450.jpg 600w\" sizes=\"auto, (max-width: 770px) 100vw, 770px\" \/><\/a>\n\t\t\t<\/dt><\/dl><dl class='gallery-item'>\n\t\t\t<dt class='gallery-icon landscape'>\n\t\t\t\t<a href='https:\/\/podkarpacka.iarp.pl\/?attachment_id=4469'><img loading=\"lazy\" decoding=\"async\" width=\"770\" height=\"578\" src=\"https:\/\/podkarpacka.iarp.pl\/wp-content\/uploads\/2021\/11\/IMG-20211125-WA0006-1024x768.jpg\" class=\"attachment-large size-large\" alt=\"\" srcset=\"https:\/\/podkarpacka.iarp.pl\/wp-content\/uploads\/2021\/11\/IMG-20211125-WA0006.jpg 1024w, https:\/\/podkarpacka.iarp.pl\/wp-content\/uploads\/2021\/11\/IMG-20211125-WA0006-300x225.jpg 300w, https:\/\/podkarpacka.iarp.pl\/wp-content\/uploads\/2021\/11\/IMG-20211125-WA0006-768x576.jpg 768w, https:\/\/podkarpacka.iarp.pl\/wp-content\/uploads\/2021\/11\/IMG-20211125-WA0006-600x450.jpg 600w\" sizes=\"auto, (max-width: 770px) 100vw, 770px\" \/><\/a>\n\t\t\t<\/dt><\/dl><dl class='gallery-item'>\n\t\t\t<dt class='gallery-icon landscape'>\n\t\t\t\t<a href='https:\/\/podkarpacka.iarp.pl\/?attachment_id=4470'><img loading=\"lazy\" decoding=\"async\" width=\"770\" height=\"578\" src=\"https:\/\/podkarpacka.iarp.pl\/wp-content\/uploads\/2021\/11\/IMG-20211125-WA0013-1024x768.jpg\" class=\"attachment-large size-large\" alt=\"\" srcset=\"https:\/\/podkarpacka.iarp.pl\/wp-content\/uploads\/2021\/11\/IMG-20211125-WA0013.jpg 1024w, https:\/\/podkarpacka.iarp.pl\/wp-content\/uploads\/2021\/11\/IMG-20211125-WA0013-300x225.jpg 300w, https:\/\/podkarpacka.iarp.pl\/wp-content\/uploads\/2021\/11\/IMG-20211125-WA0013-768x576.jpg 768w, https:\/\/podkarpacka.iarp.pl\/wp-content\/uploads\/2021\/11\/IMG-20211125-WA0013-600x450.jpg 600w\" sizes=\"auto, (max-width: 770px) 100vw, 770px\" \/><\/a>\n\t\t\t<\/dt><\/dl><br style=\"clear: both\" \/><dl class='gallery-item'>\n\t\t\t<dt class='gallery-icon landscape'>\n\t\t\t\t<a href='https:\/\/podkarpacka.iarp.pl\/?attachment_id=4471'><img loading=\"lazy\" decoding=\"async\" width=\"770\" height=\"578\" src=\"https:\/\/podkarpacka.iarp.pl\/wp-content\/uploads\/2021\/11\/IMG-20211125-WA0018-1024x768.jpg\" class=\"attachment-large size-large\" alt=\"\" srcset=\"https:\/\/podkarpacka.iarp.pl\/wp-content\/uploads\/2021\/11\/IMG-20211125-WA0018.jpg 1024w, https:\/\/podkarpacka.iarp.pl\/wp-content\/uploads\/2021\/11\/IMG-20211125-WA0018-300x225.jpg 300w, https:\/\/podkarpacka.iarp.pl\/wp-content\/uploads\/2021\/11\/IMG-20211125-WA0018-768x576.jpg 768w, https:\/\/podkarpacka.iarp.pl\/wp-content\/uploads\/2021\/11\/IMG-20211125-WA0018-600x450.jpg 600w\" sizes=\"auto, (max-width: 770px) 100vw, 770px\" \/><\/a>\n\t\t\t<\/dt><\/dl><dl class='gallery-item'>\n\t\t\t<dt class='gallery-icon landscape'>\n\t\t\t\t<a href='https:\/\/podkarpacka.iarp.pl\/?attachment_id=4472'><img loading=\"lazy\" decoding=\"async\" width=\"770\" height=\"578\" src=\"https:\/\/podkarpacka.iarp.pl\/wp-content\/uploads\/2021\/11\/IMG-20211125-WA0021-1024x768.jpg\" class=\"attachment-large size-large\" alt=\"\" srcset=\"https:\/\/podkarpacka.iarp.pl\/wp-content\/uploads\/2021\/11\/IMG-20211125-WA0021.jpg 1024w, https:\/\/podkarpacka.iarp.pl\/wp-content\/uploads\/2021\/11\/IMG-20211125-WA0021-300x225.jpg 300w, https:\/\/podkarpacka.iarp.pl\/wp-content\/uploads\/2021\/11\/IMG-20211125-WA0021-768x576.jpg 768w, https:\/\/podkarpacka.iarp.pl\/wp-content\/uploads\/2021\/11\/IMG-20211125-WA0021-600x450.jpg 600w\" sizes=\"auto, (max-width: 770px) 100vw, 770px\" \/><\/a>\n\t\t\t<\/dt><\/dl><dl class='gallery-item'>\n\t\t\t<dt class='gallery-icon landscape'>\n\t\t\t\t<a href='https:\/\/podkarpacka.iarp.pl\/?attachment_id=4473'><img loading=\"lazy\" decoding=\"async\" width=\"770\" height=\"578\" src=\"https:\/\/podkarpacka.iarp.pl\/wp-content\/uploads\/2021\/11\/IMG-20211125-WA0004-1024x768.jpg\" class=\"attachment-large size-large\" alt=\"\" srcset=\"https:\/\/podkarpacka.iarp.pl\/wp-content\/uploads\/2021\/11\/IMG-20211125-WA0004.jpg 1024w, https:\/\/podkarpacka.iarp.pl\/wp-content\/uploads\/2021\/11\/IMG-20211125-WA0004-300x225.jpg 300w, https:\/\/podkarpacka.iarp.pl\/wp-content\/uploads\/2021\/11\/IMG-20211125-WA0004-768x576.jpg 768w, https:\/\/podkarpacka.iarp.pl\/wp-content\/uploads\/2021\/11\/IMG-20211125-WA0004-600x450.jpg 600w\" sizes=\"auto, (max-width: 770px) 100vw, 770px\" \/><\/a>\n\t\t\t<\/dt><\/dl><br style=\"clear: both\" \/>\n\t\t<\/div>\n\n","protected":false},"excerpt":{"rendered":"<p>W dniu 15 pa\u017adziernika 2021r. po trwaj\u0105cej od 7 marca 2020 r.\u00a0 spowodowanej czasem pandemii, przerwie, odby\u0142o si\u0119 szkolenie z PB i cyfryzacji. By\u0142o to pierwsze szkolenie organizowane przez PKOIA przy poparciu inicjatywy przez prezydenta miasta Rzeszowa Konrada Fijo\u0142ka. Taka postawa jest dowodem zrozumienia wagi wsp\u00f3\u0142pracy z naszym samorz\u0105dem zawodowym, skupiaj\u0105cym czynnych zawodowo architekt\u00f3w, kt\u00f3rzy [&hellip;]<\/p>\n","protected":false},"author":7,"featured_media":4470,"comment_status":"closed","ping_status":"open","sticky":false,"template":"","format":"standard","meta":{"footnotes":""},"categories":[1,57],"tags":[],"class_list":["post-4458","post","type-post","status-publish","format-standard","has-post-thumbnail","hentry","category-bez-kategorii","category-szkolenia"],"publishpress_future_action":{"enabled":false,"date":"2026-05-05 00:37:35","action":"change-status","newStatus":"draft","terms":[],"taxonomy":"category","extraData":[]},"publishpress_future_workflow_manual_trigger":{"enabledWorkflows":[]},"_links":{"self":[{"href":"https:\/\/podkarpacka.iarp.pl\/index.php?rest_route=\/wp\/v2\/posts\/4458","targetHints":{"allow":["GET"]}}],"collection":[{"href":"https:\/\/podkarpacka.iarp.pl\/index.php?rest_route=\/wp\/v2\/posts"}],"about":[{"href":"https:\/\/podkarpacka.iarp.pl\/index.php?rest_route=\/wp\/v2\/types\/post"}],"author":[{"embeddable":true,"href":"https:\/\/podkarpacka.iarp.pl\/index.php?rest_route=\/wp\/v2\/users\/7"}],"replies":[{"embeddable":true,"href":"https:\/\/podkarpacka.iarp.pl\/index.php?rest_route=%2Fwp%2Fv2%2Fcomments&post=4458"}],"version-history":[{"count":5,"href":"https:\/\/podkarpacka.iarp.pl\/index.php?rest_route=\/wp\/v2\/posts\/4458\/revisions"}],"predecessor-version":[{"id":4571,"href":"https:\/\/podkarpacka.iarp.pl\/index.php?rest_route=\/wp\/v2\/posts\/4458\/revisions\/4571"}],"wp:featuredmedia":[{"embeddable":true,"href":"https:\/\/podkarpacka.iarp.pl\/index.php?rest_route=\/wp\/v2\/media\/4470"}],"wp:attachment":[{"href":"https:\/\/podkarpacka.iarp.pl\/index.php?rest_route=%2Fwp%2Fv2%2Fmedia&parent=4458"}],"wp:term":[{"taxonomy":"category","embeddable":true,"href":"https:\/\/podkarpacka.iarp.pl\/index.php?rest_route=%2Fwp%2Fv2%2Fcategories&post=4458"},{"taxonomy":"post_tag","embeddable":true,"href":"https:\/\/podkarpacka.iarp.pl\/index.php?rest_route=%2Fwp%2Fv2%2Ftags&post=4458"}],"curies":[{"name":"wp","href":"https:\/\/api.w.org\/{rel}","templated":true}]}}