{"id":4460,"date":"2021-11-15T12:35:23","date_gmt":"2021-11-15T10:35:23","guid":{"rendered":"http:\/\/podkarpacka.iarp.pl\/?p=4460"},"modified":"2021-11-25T13:16:16","modified_gmt":"2021-11-25T11:16:16","slug":"konwent-przewodniczacych-16-17-pazdziernika-2021r","status":"publish","type":"post","link":"https:\/\/podkarpacka.iarp.pl\/?p=4460","title":{"rendered":"Konwent przewodnicz\u0105cych 16-17 pa\u017adziernika 2021r."},"content":{"rendered":"<p>Drugi raz w historii naszego samorz\u0105du Konwent Przewodnicz\u0105cych zosta\u0142 zorganizowany przez PKOIA- tym razem w sercu Rzeszowa.<br \/>\nW konwencie wzi\u0119li udzia\u0142 wszyscy Przewodnicz\u0105cy Okr\u0119g\u00f3w oraz zaproszeni go\u015bcie, w tym z KRIA oraz niezale\u017cni specjali\u015bci, kt\u00f3rych poprosili\u015bmy o wypowiedzi w tematach, kt\u00f3re nas nurtuj\u0105.<\/p>\n<hr \/>\n<p>G\u0142\u00f3wnym tematem merytorycznej dyskusji by\u0142a problematyka kondycji naszego zawodu.<br \/>\nTemat, kt\u00f3ry jest wa\u017cny dla ka\u017cdego czynnie wykonuj\u0105cego ten zaw\u00f3d architekta.<br \/>\nW obecnym tempie \u017cycia, w kt\u00f3rym czas przyspiesza coraz bardziej, nie pozostawiaj\u0105c wyboru i zmuszaj\u0105c do dotrzymania mu kroku, czas konwentu przeznaczyli\u015bmy na wsp\u00f3ln\u0105 rozmow\u0119 prowadz\u0105cej do refleksji, co do kontynuacji wybranej, i czy na pewno, w\u0142a\u015bciwej drogi.<br \/>\nWymowny tytu\u0142 <strong><b>Stop! porozmawiajmy o nas! <\/b><\/strong>zaprosi\u0142 do szerokiej dyskusji, w kt\u00f3rej zosta\u0142y poruszone tematy zdefiniowania problem\u00f3w, zrozumienia ich przyczyn, a nast\u0119pnie rozwa\u017cenie jakimi dost\u0119pnymi metodami nale\u017cy d\u0105\u017cy\u0107 do ich wyeliminowania.<br \/>\nAgenda konwentu przedstawia\u0142a si\u0119 nast\u0119puj\u0105co:<\/p>\n<ul>\n<li>Wsp\u00f3\u0142czesno\u015b\u0107- pogo\u0144 za czasem- Cyfryzacja IARP- cz\u0142onek KRIA \u0141ukasz Karwontka<\/li>\n<li>Rzeczywisto\u015b\u0107- realia rynku pracy- raporty- Przewodnicz\u0105ca Zespo\u0142u ds Ochrony Zawodu Architekta KWWZ;<\/li>\n<li>Szara Strefa- projektowanie bez wymaganych prawem uprawnie\u0144- Przewodnicz\u0105cy Zespo\u0142u ds organizacji pracy oraz identyfikacji zawodowej KWWZ- Wac\u0142aw Szarejko<\/li>\n<li>W poszukiwaniu rozwi\u0105za\u0144- prezentacja programu do raportowania zasad wykonywania zawodu-vzaproszony go\u015b\u0107;<\/li>\n<li>W poszukiwaniu rozwi\u0105za\u0144- prezentacja propozycji bada\u0144 kondycji zawodu architekta- vice- prezes KRIA RP Borys Czarakcziew oraz Jakub Opa\u0142ka i Firma Difference<\/li>\n<li>Tera\u017aniejszo\u015b\u0107- Nowy \u0141ad i jego niebezpiecze\u0144stwa dla zawodu architekta- prace nad nowelizacj\u0105 ustawy PB- domy 70m2- Grzegorz Jachym- cz\u0142onek KRIA RP.<\/li>\n<li>Hybrydowy regulamin zjazdu bud\u017cetowego- prezentacja- Sekretarz KRIA RP Wojciech Gwizdak<br \/>\n<hr \/>\n<\/li>\n<\/ul>\n<p>Wszystkim uczestnikom i zaproszonym go\u015bciom serdecznie dzi\u0119kujemy za przybycie i aktywny udzia\u0142 w Konwencie Przewodnicz\u0105cych. Bezpo\u015brednie spotkanie da\u0142o wyraz wielkiej troski o nas samorz\u0105d, potrzeby dyskusji oraz podejmowania realnych i wymiernych dzia\u0142a\u0144.<\/p>\n\n\t\t<style type=\"text\/css\">\n\t\t\t#gallery-1 {\n\t\t\t\tmargin: auto;\n\t\t\t}\n\t\t\t#gallery-1 .gallery-item {\n\t\t\t\tfloat: left;\n\t\t\t\tmargin-top: 10px;\n\t\t\t\ttext-align: center;\n\t\t\t\twidth: 33%;\n\t\t\t}\n\t\t\t#gallery-1 img {\n\t\t\t\tborder: 2px solid #cfcfcf;\n\t\t\t}\n\t\t\t#gallery-1 .gallery-caption {\n\t\t\t\tmargin-left: 0;\n\t\t\t}\n\t\t\t\/* see gallery_shortcode() in wp-includes\/media.php *\/\n\t\t<\/style>\n\t\t<div id='gallery-1' class='gallery galleryid-4460 gallery-columns-3 gallery-size-medium'><dl class='gallery-item'>\n\t\t\t<dt class='gallery-icon landscape'>\n\t\t\t\t<a href='https:\/\/podkarpacka.iarp.pl\/?attachment_id=4477'><img loading=\"lazy\" decoding=\"async\" width=\"300\" height=\"169\" src=\"https:\/\/podkarpacka.iarp.pl\/wp-content\/uploads\/2021\/11\/ah9remzw-300x169.jpeg\" class=\"attachment-medium size-medium\" alt=\"\" srcset=\"https:\/\/podkarpacka.iarp.pl\/wp-content\/uploads\/2021\/11\/ah9remzw-300x169.jpeg 300w, https:\/\/podkarpacka.iarp.pl\/wp-content\/uploads\/2021\/11\/ah9remzw-768x432.jpeg 768w, https:\/\/podkarpacka.iarp.pl\/wp-content\/uploads\/2021\/11\/ah9remzw-1024x576.jpeg 1024w, https:\/\/podkarpacka.iarp.pl\/wp-content\/uploads\/2021\/11\/ah9remzw-600x338.jpeg 600w\" sizes=\"auto, (max-width: 300px) 100vw, 300px\" \/><\/a>\n\t\t\t<\/dt><\/dl><dl class='gallery-item'>\n\t\t\t<dt class='gallery-icon landscape'>\n\t\t\t\t<a href='https:\/\/podkarpacka.iarp.pl\/?attachment_id=4478'><img loading=\"lazy\" decoding=\"async\" width=\"300\" height=\"169\" src=\"https:\/\/podkarpacka.iarp.pl\/wp-content\/uploads\/2021\/11\/4Ig7fSJQ-300x169.jpeg\" class=\"attachment-medium size-medium\" alt=\"\" srcset=\"https:\/\/podkarpacka.iarp.pl\/wp-content\/uploads\/2021\/11\/4Ig7fSJQ-300x169.jpeg 300w, https:\/\/podkarpacka.iarp.pl\/wp-content\/uploads\/2021\/11\/4Ig7fSJQ-768x432.jpeg 768w, https:\/\/podkarpacka.iarp.pl\/wp-content\/uploads\/2021\/11\/4Ig7fSJQ-1024x576.jpeg 1024w, https:\/\/podkarpacka.iarp.pl\/wp-content\/uploads\/2021\/11\/4Ig7fSJQ-600x338.jpeg 600w\" sizes=\"auto, (max-width: 300px) 100vw, 300px\" \/><\/a>\n\t\t\t<\/dt><\/dl><dl class='gallery-item'>\n\t\t\t<dt class='gallery-icon landscape'>\n\t\t\t\t<a href='https:\/\/podkarpacka.iarp.pl\/?attachment_id=4479'><img loading=\"lazy\" decoding=\"async\" width=\"300\" height=\"169\" src=\"https:\/\/podkarpacka.iarp.pl\/wp-content\/uploads\/2021\/11\/k-FMyofg-300x169.jpeg\" class=\"attachment-medium size-medium\" alt=\"\" srcset=\"https:\/\/podkarpacka.iarp.pl\/wp-content\/uploads\/2021\/11\/k-FMyofg-300x169.jpeg 300w, https:\/\/podkarpacka.iarp.pl\/wp-content\/uploads\/2021\/11\/k-FMyofg-768x432.jpeg 768w, https:\/\/podkarpacka.iarp.pl\/wp-content\/uploads\/2021\/11\/k-FMyofg-1024x576.jpeg 1024w, https:\/\/podkarpacka.iarp.pl\/wp-content\/uploads\/2021\/11\/k-FMyofg-600x338.jpeg 600w\" sizes=\"auto, (max-width: 300px) 100vw, 300px\" \/><\/a>\n\t\t\t<\/dt><\/dl><br style=\"clear: both\" \/><dl class='gallery-item'>\n\t\t\t<dt class='gallery-icon landscape'>\n\t\t\t\t<a href='https:\/\/podkarpacka.iarp.pl\/?attachment_id=4480'><img loading=\"lazy\" decoding=\"async\" width=\"300\" height=\"169\" src=\"https:\/\/podkarpacka.iarp.pl\/wp-content\/uploads\/2021\/11\/oUH3iwxQ-300x169.jpeg\" class=\"attachment-medium size-medium\" alt=\"\" srcset=\"https:\/\/podkarpacka.iarp.pl\/wp-content\/uploads\/2021\/11\/oUH3iwxQ-300x169.jpeg 300w, https:\/\/podkarpacka.iarp.pl\/wp-content\/uploads\/2021\/11\/oUH3iwxQ-768x432.jpeg 768w, https:\/\/podkarpacka.iarp.pl\/wp-content\/uploads\/2021\/11\/oUH3iwxQ-1024x576.jpeg 1024w, https:\/\/podkarpacka.iarp.pl\/wp-content\/uploads\/2021\/11\/oUH3iwxQ-600x338.jpeg 600w\" sizes=\"auto, (max-width: 300px) 100vw, 300px\" \/><\/a>\n\t\t\t<\/dt><\/dl><dl class='gallery-item'>\n\t\t\t<dt class='gallery-icon landscape'>\n\t\t\t\t<a href='https:\/\/podkarpacka.iarp.pl\/?attachment_id=4481'><img loading=\"lazy\" decoding=\"async\" width=\"300\" height=\"169\" src=\"https:\/\/podkarpacka.iarp.pl\/wp-content\/uploads\/2021\/11\/3Hhe0SyQ-300x169.jpeg\" class=\"attachment-medium size-medium\" alt=\"\" srcset=\"https:\/\/podkarpacka.iarp.pl\/wp-content\/uploads\/2021\/11\/3Hhe0SyQ-300x169.jpeg 300w, https:\/\/podkarpacka.iarp.pl\/wp-content\/uploads\/2021\/11\/3Hhe0SyQ-768x432.jpeg 768w, https:\/\/podkarpacka.iarp.pl\/wp-content\/uploads\/2021\/11\/3Hhe0SyQ-1024x576.jpeg 1024w, https:\/\/podkarpacka.iarp.pl\/wp-content\/uploads\/2021\/11\/3Hhe0SyQ-600x338.jpeg 600w\" sizes=\"auto, (max-width: 300px) 100vw, 300px\" \/><\/a>\n\t\t\t<\/dt><\/dl><dl class='gallery-item'>\n\t\t\t<dt class='gallery-icon landscape'>\n\t\t\t\t<a href='https:\/\/podkarpacka.iarp.pl\/?attachment_id=4482'><img loading=\"lazy\" decoding=\"async\" width=\"300\" height=\"169\" src=\"https:\/\/podkarpacka.iarp.pl\/wp-content\/uploads\/2021\/11\/0KjeLFvg-300x169.jpeg\" class=\"attachment-medium size-medium\" alt=\"\" srcset=\"https:\/\/podkarpacka.iarp.pl\/wp-content\/uploads\/2021\/11\/0KjeLFvg-300x169.jpeg 300w, https:\/\/podkarpacka.iarp.pl\/wp-content\/uploads\/2021\/11\/0KjeLFvg-768x432.jpeg 768w, https:\/\/podkarpacka.iarp.pl\/wp-content\/uploads\/2021\/11\/0KjeLFvg-1024x576.jpeg 1024w, https:\/\/podkarpacka.iarp.pl\/wp-content\/uploads\/2021\/11\/0KjeLFvg-600x338.jpeg 600w\" sizes=\"auto, (max-width: 300px) 100vw, 300px\" \/><\/a>\n\t\t\t<\/dt><\/dl><br style=\"clear: both\" \/><dl class='gallery-item'>\n\t\t\t<dt class='gallery-icon landscape'>\n\t\t\t\t<a href='https:\/\/podkarpacka.iarp.pl\/?attachment_id=4483'><img loading=\"lazy\" decoding=\"async\" width=\"300\" height=\"169\" src=\"https:\/\/podkarpacka.iarp.pl\/wp-content\/uploads\/2021\/11\/IKk-RE5w-300x169.jpeg\" class=\"attachment-medium size-medium\" alt=\"\" srcset=\"https:\/\/podkarpacka.iarp.pl\/wp-content\/uploads\/2021\/11\/IKk-RE5w-300x169.jpeg 300w, https:\/\/podkarpacka.iarp.pl\/wp-content\/uploads\/2021\/11\/IKk-RE5w-768x432.jpeg 768w, https:\/\/podkarpacka.iarp.pl\/wp-content\/uploads\/2021\/11\/IKk-RE5w-1024x576.jpeg 1024w, https:\/\/podkarpacka.iarp.pl\/wp-content\/uploads\/2021\/11\/IKk-RE5w-600x338.jpeg 600w\" sizes=\"auto, (max-width: 300px) 100vw, 300px\" \/><\/a>\n\t\t\t<\/dt><\/dl><dl class='gallery-item'>\n\t\t\t<dt class='gallery-icon landscape'>\n\t\t\t\t<a href='https:\/\/podkarpacka.iarp.pl\/?attachment_id=4484'><img loading=\"lazy\" decoding=\"async\" width=\"300\" height=\"169\" src=\"https:\/\/podkarpacka.iarp.pl\/wp-content\/uploads\/2021\/11\/tT2n7y9g-300x169.jpeg\" class=\"attachment-medium size-medium\" alt=\"\" srcset=\"https:\/\/podkarpacka.iarp.pl\/wp-content\/uploads\/2021\/11\/tT2n7y9g-300x169.jpeg 300w, https:\/\/podkarpacka.iarp.pl\/wp-content\/uploads\/2021\/11\/tT2n7y9g-768x432.jpeg 768w, https:\/\/podkarpacka.iarp.pl\/wp-content\/uploads\/2021\/11\/tT2n7y9g-1024x576.jpeg 1024w, https:\/\/podkarpacka.iarp.pl\/wp-content\/uploads\/2021\/11\/tT2n7y9g-600x338.jpeg 600w\" sizes=\"auto, (max-width: 300px) 100vw, 300px\" \/><\/a>\n\t\t\t<\/dt><\/dl><dl class='gallery-item'>\n\t\t\t<dt class='gallery-icon landscape'>\n\t\t\t\t<a href='https:\/\/podkarpacka.iarp.pl\/?attachment_id=4485'><img loading=\"lazy\" decoding=\"async\" width=\"300\" height=\"169\" src=\"https:\/\/podkarpacka.iarp.pl\/wp-content\/uploads\/2021\/11\/7KAyXznw-300x169.jpeg\" class=\"attachment-medium size-medium\" alt=\"\" srcset=\"https:\/\/podkarpacka.iarp.pl\/wp-content\/uploads\/2021\/11\/7KAyXznw-300x169.jpeg 300w, https:\/\/podkarpacka.iarp.pl\/wp-content\/uploads\/2021\/11\/7KAyXznw-768x432.jpeg 768w, https:\/\/podkarpacka.iarp.pl\/wp-content\/uploads\/2021\/11\/7KAyXznw-1024x576.jpeg 1024w, https:\/\/podkarpacka.iarp.pl\/wp-content\/uploads\/2021\/11\/7KAyXznw-600x338.jpeg 600w\" sizes=\"auto, (max-width: 300px) 100vw, 300px\" \/><\/a>\n\t\t\t<\/dt><\/dl><br style=\"clear: both\" \/>\n\t\t<\/div>\n\n","protected":false},"excerpt":{"rendered":"<p>Drugi raz w historii naszego samorz\u0105du Konwent Przewodnicz\u0105cych zosta\u0142 zorganizowany przez PKOIA- tym razem w sercu Rzeszowa. W konwencie wzi\u0119li udzia\u0142 wszyscy Przewodnicz\u0105cy Okr\u0119g\u00f3w oraz zaproszeni go\u015bcie, w tym z KRIA oraz niezale\u017cni specjali\u015bci, kt\u00f3rych poprosili\u015bmy o wypowiedzi w tematach, kt\u00f3re nas nurtuj\u0105. G\u0142\u00f3wnym tematem merytorycznej dyskusji by\u0142a problematyka kondycji naszego zawodu. Temat, kt\u00f3ry jest [&hellip;]<\/p>\n","protected":false},"author":7,"featured_media":4485,"comment_status":"closed","ping_status":"open","sticky":false,"template":"","format":"gallery","meta":{"footnotes":""},"categories":[69,56],"tags":[],"class_list":["post-4460","post","type-post","status-publish","format-gallery","has-post-thumbnail","hentry","category-aktualnosci","category-informacje-rady","post_format-post-format-gallery"],"publishpress_future_action":{"enabled":false,"date":"2026-05-05 04:12:46","action":"change-status","newStatus":"draft","terms":[],"taxonomy":"category","extraData":[]},"publishpress_future_workflow_manual_trigger":{"enabledWorkflows":[]},"_links":{"self":[{"href":"https:\/\/podkarpacka.iarp.pl\/index.php?rest_route=\/wp\/v2\/posts\/4460","targetHints":{"allow":["GET"]}}],"collection":[{"href":"https:\/\/podkarpacka.iarp.pl\/index.php?rest_route=\/wp\/v2\/posts"}],"about":[{"href":"https:\/\/podkarpacka.iarp.pl\/index.php?rest_route=\/wp\/v2\/types\/post"}],"author":[{"embeddable":true,"href":"https:\/\/podkarpacka.iarp.pl\/index.php?rest_route=\/wp\/v2\/users\/7"}],"replies":[{"embeddable":true,"href":"https:\/\/podkarpacka.iarp.pl\/index.php?rest_route=%2Fwp%2Fv2%2Fcomments&post=4460"}],"version-history":[{"count":5,"href":"https:\/\/podkarpacka.iarp.pl\/index.php?rest_route=\/wp\/v2\/posts\/4460\/revisions"}],"predecessor-version":[{"id":4486,"href":"https:\/\/podkarpacka.iarp.pl\/index.php?rest_route=\/wp\/v2\/posts\/4460\/revisions\/4486"}],"wp:featuredmedia":[{"embeddable":true,"href":"https:\/\/podkarpacka.iarp.pl\/index.php?rest_route=\/wp\/v2\/media\/4485"}],"wp:attachment":[{"href":"https:\/\/podkarpacka.iarp.pl\/index.php?rest_route=%2Fwp%2Fv2%2Fmedia&parent=4460"}],"wp:term":[{"taxonomy":"category","embeddable":true,"href":"https:\/\/podkarpacka.iarp.pl\/index.php?rest_route=%2Fwp%2Fv2%2Fcategories&post=4460"},{"taxonomy":"post_tag","embeddable":true,"href":"https:\/\/podkarpacka.iarp.pl\/index.php?rest_route=%2Fwp%2Fv2%2Ftags&post=4460"}],"curies":[{"name":"wp","href":"https:\/\/api.w.org\/{rel}","templated":true}]}}