{"id":4490,"date":"2021-11-22T13:20:52","date_gmt":"2021-11-22T11:20:52","guid":{"rendered":"http:\/\/podkarpacka.iarp.pl\/?p=4490"},"modified":"2021-11-28T00:57:08","modified_gmt":"2021-11-27T22:57:08","slug":"4490","status":"publish","type":"post","link":"https:\/\/podkarpacka.iarp.pl\/?p=4490","title":{"rendered":"Spotkanie z Prezydentem Miasta Rzeszowa i Architektem Miasta Rzeszowa"},"content":{"rendered":"<div class=\"\" data-block=\"true\" data-editor=\"2t8mj\" data-offset-key=\"e1uiu-0-0\">\n<div class=\"_1mf _1mj\" data-offset-key=\"e1uiu-0-0\"><span data-offset-key=\"e1uiu-0-0\">22.11 w siedzibie SARP o. Rzesz\u00f3w oraz PKOIA RP odby\u0142o si\u0119 spotkanie z Prezydentem Miasta Rzeszowa p. Konradem Fijo\u0142ek i Architektem Miasta Rzeszowa Januszem Srpio\u0142em.  <\/span><\/div>\n<div data-offset-key=\"e1uiu-0-0\"><\/div>\n<div class=\"_1mf _1mj\" data-offset-key=\"e1uiu-0-0\"><span data-offset-key=\"e1uiu-0-0\">W obecno\u015bci Rady Podkarpackiej Izby Architekt\u00f3w RP i Zarz\u0105du Stowarzyszenia Architekt\u00f3w Polskich, cz\u0142onk\u00f3w MKUA oraz zaproszonych go\u015bci: p.o. Dyrektora Wydzia\u0142u Architektury Katarzyny Le\u015bko, dr hab. Jacka Strojny i arch. Kazimierza Ferenc, rozmawiali\u015bmy o najpilniejszych wyzwaniach przed kt\u00f3rymi stoi Architekta Miasta, jego planie prac, strategii i zadaniach na najbli\u017csze lata wzgl\u0119dem miasta Rzeszowa.<\/span><\/div>\n<div data-offset-key=\"e1uiu-0-0\"><\/div>\n<\/div>\n<div class=\"\" data-block=\"true\" data-editor=\"2t8mj\" data-offset-key=\"5hgc1-0-0\">\n<div class=\"_1mf _1mj\" data-offset-key=\"5hgc1-0-0\"><span data-offset-key=\"5hgc1-0-0\">Dzi\u0119kujemy za zaanga\u017cowanie i zaufanie, deklarujemy wszelk\u0105 pomoc oraz mamy nadziej\u0119 na wsp\u00f3\u0142prac\u0119 naszych organizacji z Miastem.<\/span><\/div>\n<\/div>\n<div class=\"\" data-block=\"true\" data-editor=\"2t8mj\" data-offset-key=\"c5fue-0-0\">\n<div class=\"_1mf _1mj\" data-offset-key=\"c5fue-0-0\"><span data-offset-key=\"c5fue-0-0\"> <\/span><\/div>\n<\/div>\n<div class=\"\" data-block=\"true\" data-editor=\"2t8mj\" data-offset-key=\"2b8av-0-0\">\n<div class=\"_1mf _1mj\" data-offset-key=\"2b8av-0-0\"><span data-offset-key=\"2b8av-0-0\">Przewodnicz\u0105ca Rady POKIA wr\u0119czy\u0142a Architektowi Miejskiemu List Gratulacyjny wyra\u017caj\u0105c nadziej\u0119 na dobr\u0105 wsp\u00f3\u0142prac\u0119, kt\u00f3ra pos\u0142u\u017cy wszystkim mieszka\u0144com miasta Rzeszowa.<\/span><\/div>\n<\/div>\n<div data-offset-key=\"2b8av-0-0\">\n\t\t<style type=\"text\/css\">\n\t\t\t#gallery-1 {\n\t\t\t\tmargin: auto;\n\t\t\t}\n\t\t\t#gallery-1 .gallery-item {\n\t\t\t\tfloat: left;\n\t\t\t\tmargin-top: 10px;\n\t\t\t\ttext-align: center;\n\t\t\t\twidth: 33%;\n\t\t\t}\n\t\t\t#gallery-1 img {\n\t\t\t\tborder: 2px solid #cfcfcf;\n\t\t\t}\n\t\t\t#gallery-1 .gallery-caption {\n\t\t\t\tmargin-left: 0;\n\t\t\t}\n\t\t\t\/* see gallery_shortcode() in wp-includes\/media.php *\/\n\t\t<\/style>\n\t\t<div id='gallery-1' class='gallery galleryid-4490 gallery-columns-3 gallery-size-large'><dl class='gallery-item'>\n\t\t\t<dt class='gallery-icon landscape'>\n\t\t\t\t<a href='https:\/\/podkarpacka.iarp.pl\/?attachment_id=4494'><img loading=\"lazy\" decoding=\"async\" width=\"770\" height=\"347\" src=\"https:\/\/podkarpacka.iarp.pl\/wp-content\/uploads\/2021\/11\/20211122_135930-1024x461.jpg\" class=\"attachment-large size-large\" alt=\"\" srcset=\"https:\/\/podkarpacka.iarp.pl\/wp-content\/uploads\/2021\/11\/20211122_135930-1024x461.jpg 1024w, https:\/\/podkarpacka.iarp.pl\/wp-content\/uploads\/2021\/11\/20211122_135930-300x135.jpg 300w, https:\/\/podkarpacka.iarp.pl\/wp-content\/uploads\/2021\/11\/20211122_135930-768x346.jpg 768w, https:\/\/podkarpacka.iarp.pl\/wp-content\/uploads\/2021\/11\/20211122_135930-600x270.jpg 600w\" sizes=\"auto, (max-width: 770px) 100vw, 770px\" \/><\/a>\n\t\t\t<\/dt><\/dl><dl class='gallery-item'>\n\t\t\t<dt class='gallery-icon landscape'>\n\t\t\t\t<a href='https:\/\/podkarpacka.iarp.pl\/?attachment_id=4495'><img loading=\"lazy\" decoding=\"async\" width=\"770\" height=\"347\" src=\"https:\/\/podkarpacka.iarp.pl\/wp-content\/uploads\/2021\/11\/20211122_135832-1024x461.jpg\" class=\"attachment-large size-large\" alt=\"\" srcset=\"https:\/\/podkarpacka.iarp.pl\/wp-content\/uploads\/2021\/11\/20211122_135832-1024x461.jpg 1024w, https:\/\/podkarpacka.iarp.pl\/wp-content\/uploads\/2021\/11\/20211122_135832-300x135.jpg 300w, https:\/\/podkarpacka.iarp.pl\/wp-content\/uploads\/2021\/11\/20211122_135832-768x346.jpg 768w, https:\/\/podkarpacka.iarp.pl\/wp-content\/uploads\/2021\/11\/20211122_135832-600x270.jpg 600w\" sizes=\"auto, (max-width: 770px) 100vw, 770px\" \/><\/a>\n\t\t\t<\/dt><\/dl><dl class='gallery-item'>\n\t\t\t<dt class='gallery-icon landscape'>\n\t\t\t\t<a href='https:\/\/podkarpacka.iarp.pl\/?attachment_id=4496'><img loading=\"lazy\" decoding=\"async\" width=\"770\" height=\"347\" src=\"https:\/\/podkarpacka.iarp.pl\/wp-content\/uploads\/2021\/11\/20211122_135758-1024x461.jpg\" class=\"attachment-large size-large\" alt=\"\" srcset=\"https:\/\/podkarpacka.iarp.pl\/wp-content\/uploads\/2021\/11\/20211122_135758-1024x461.jpg 1024w, https:\/\/podkarpacka.iarp.pl\/wp-content\/uploads\/2021\/11\/20211122_135758-300x135.jpg 300w, https:\/\/podkarpacka.iarp.pl\/wp-content\/uploads\/2021\/11\/20211122_135758-768x346.jpg 768w, https:\/\/podkarpacka.iarp.pl\/wp-content\/uploads\/2021\/11\/20211122_135758-600x270.jpg 600w\" sizes=\"auto, (max-width: 770px) 100vw, 770px\" \/><\/a>\n\t\t\t<\/dt><\/dl><br style=\"clear: both\" \/>\n\t\t<\/div>\n<\/div>\n<div class=\"\" data-block=\"true\" data-editor=\"2t8mj\" data-offset-key=\"2b8av-0-0\">\n<div data-offset-key=\"2b8av-0-0\"><\/div>\n<div class=\"_1mf _1mj\" data-offset-key=\"2b8av-0-0\"><span data-offset-key=\"2b8av-0-0\"><a href=\"https:\/\/podkarpacka.iarp.pl\/wp-content\/uploads\/2021\/11\/list-gratulacyjny-dla-architekta-Miasta.jpg\"><img loading=\"lazy\" decoding=\"async\" class=\"alignnone size-large wp-image-4492\" src=\"https:\/\/podkarpacka.iarp.pl\/wp-content\/uploads\/2021\/11\/list-gratulacyjny-dla-architekta-Miasta-724x1024.jpg\" alt=\"\" width=\"724\" height=\"1024\" srcset=\"https:\/\/podkarpacka.iarp.pl\/wp-content\/uploads\/2021\/11\/list-gratulacyjny-dla-architekta-Miasta-724x1024.jpg 724w, https:\/\/podkarpacka.iarp.pl\/wp-content\/uploads\/2021\/11\/list-gratulacyjny-dla-architekta-Miasta-212x300.jpg 212w, https:\/\/podkarpacka.iarp.pl\/wp-content\/uploads\/2021\/11\/list-gratulacyjny-dla-architekta-Miasta-768x1087.jpg 768w\" sizes=\"auto, (max-width: 724px) 100vw, 724px\" \/><\/a><\/span><\/div>\n<\/div>\n","protected":false},"excerpt":{"rendered":"<p>22.11 w siedzibie SARP o. Rzesz\u00f3w oraz PKOIA RP odby\u0142o si\u0119 spotkanie z Prezydentem Miasta Rzeszowa p. Konradem Fijo\u0142ek i Architektem Miasta Rzeszowa Januszem Srpio\u0142em. W obecno\u015bci Rady Podkarpackiej Izby Architekt\u00f3w RP i Zarz\u0105du Stowarzyszenia Architekt\u00f3w Polskich, cz\u0142onk\u00f3w MKUA oraz zaproszonych go\u015bci: p.o. Dyrektora Wydzia\u0142u Architektury Katarzyny Le\u015bko, dr hab. Jacka Strojny i arch. Kazimierza [&hellip;]<\/p>\n","protected":false},"author":7,"featured_media":4493,"comment_status":"closed","ping_status":"open","sticky":false,"template":"","format":"standard","meta":{"footnotes":""},"categories":[69,56],"tags":[],"class_list":["post-4490","post","type-post","status-publish","format-standard","has-post-thumbnail","hentry","category-aktualnosci","category-informacje-rady"],"publishpress_future_action":{"enabled":false,"date":"2026-05-08 09:15:07","action":"change-status","newStatus":"draft","terms":[],"taxonomy":"category","extraData":[]},"publishpress_future_workflow_manual_trigger":{"enabledWorkflows":[]},"_links":{"self":[{"href":"https:\/\/podkarpacka.iarp.pl\/index.php?rest_route=\/wp\/v2\/posts\/4490","targetHints":{"allow":["GET"]}}],"collection":[{"href":"https:\/\/podkarpacka.iarp.pl\/index.php?rest_route=\/wp\/v2\/posts"}],"about":[{"href":"https:\/\/podkarpacka.iarp.pl\/index.php?rest_route=\/wp\/v2\/types\/post"}],"author":[{"embeddable":true,"href":"https:\/\/podkarpacka.iarp.pl\/index.php?rest_route=\/wp\/v2\/users\/7"}],"replies":[{"embeddable":true,"href":"https:\/\/podkarpacka.iarp.pl\/index.php?rest_route=%2Fwp%2Fv2%2Fcomments&post=4490"}],"version-history":[{"count":3,"href":"https:\/\/podkarpacka.iarp.pl\/index.php?rest_route=\/wp\/v2\/posts\/4490\/revisions"}],"predecessor-version":[{"id":4513,"href":"https:\/\/podkarpacka.iarp.pl\/index.php?rest_route=\/wp\/v2\/posts\/4490\/revisions\/4513"}],"wp:featuredmedia":[{"embeddable":true,"href":"https:\/\/podkarpacka.iarp.pl\/index.php?rest_route=\/wp\/v2\/media\/4493"}],"wp:attachment":[{"href":"https:\/\/podkarpacka.iarp.pl\/index.php?rest_route=%2Fwp%2Fv2%2Fmedia&parent=4490"}],"wp:term":[{"taxonomy":"category","embeddable":true,"href":"https:\/\/podkarpacka.iarp.pl\/index.php?rest_route=%2Fwp%2Fv2%2Fcategories&post=4490"},{"taxonomy":"post_tag","embeddable":true,"href":"https:\/\/podkarpacka.iarp.pl\/index.php?rest_route=%2Fwp%2Fv2%2Ftags&post=4490"}],"curies":[{"name":"wp","href":"https:\/\/api.w.org\/{rel}","templated":true}]}}