{"id":4527,"date":"2021-12-21T22:15:49","date_gmt":"2021-12-21T20:15:49","guid":{"rendered":"http:\/\/podkarpacka.iarp.pl\/?p=4527"},"modified":"2021-12-27T22:11:51","modified_gmt":"2021-12-27T20:11:51","slug":"2-rozpoczecie-i-prowadzenie-dzialalnosci-projektowej-ramy-prawne-ryzyka-i-sposoby-jego-minimalizowania","status":"publish","type":"post","link":"https:\/\/podkarpacka.iarp.pl\/?p=4527","title":{"rendered":"Szkolenie: II. Rozpocz\u0119cie i prowadzenie dzia\u0142alno\u015bci projektowej \u2013 ramy prawne, ryzyka i sposoby jego minimalizowania"},"content":{"rendered":"<p><span lang=\"PL\">Podkomisja Szkole\u0144 Zawodowych Architekt\u00f3w dzia\u0142aj\u0105ca przy KRIA RP oraz Ma\u0142opolska Okr\u0119gowa Izba Architekt\u00f3w RP zaprasza na drug\u0105 cz\u0119\u015b\u0107 szkolenia internetowego w formie webinarium LIVE:<br \/>\n<\/span><\/p>\n<p><span lang=\"PL\">22.12.2021 r. Rozpocz\u0119cie i prowadzenie dzia\u0142alno\u00a0 \u015bci projektowej \u2013 ramy prawne, ryzyka i sposoby jego minimalizowania <\/span><\/p>\n<p>&nbsp;<\/p>\n<p><span lang=\"PL\">PROGRAM SZKOLENIA:<\/span><\/p>\n<p>II \u201eZasilanie biura projektowego\u201d \u2013 bie\u017c\u0105ca dzia\u0142alno\u015b\u0107 projektowa (60\u201380 min)<br \/>\nW ramach szkolenia zostan\u0105 om\u00f3wione nast\u0119puj\u0105ce zagadnienia:<\/p>\n<ul>\n<li><span lang=\"PL\">Umowa o prace projektowe \u2013 na co zwr\u00f3ci\u0107 uwag\u0119 przy tworzeniu w\u0142asnej umowy o prace projektowe? Jakie s\u0105 najcz\u0119\u015bciej spotykane w praktyce klauzule umowne nios\u0105ce ryzyko dla projektanta? Co traktowa\u0107 jako \u201edeal breakers\u201d? (30 min)<\/span><\/li>\n<li><span lang=\"PL\">Prawa autorskie w praktyce \u2013 relacje z inwestorem, innymi architektami oraz podwykonawcami w uj\u0119ciu prawnoautorskim (20 min) <\/span><\/li>\n<li><span lang=\"PL\">Skomplikowane relacje z podwykonawcami \u2013 umowy, warunki i terminy umowne, odpowiedzialno\u015b\u0107 (20 min)<\/span><\/li>\n<\/ul>\n<p><span lang=\"PL\">PROWADZ\u0104CY:<br \/>\nPiotr Konopka \u2013 adwokat<br \/>\n<\/span><\/p>\n<p><span lang=\"PL\">TERMIN:<br \/>\nRozpocz\u0119cie 22.12.2021 r.\u00a0 o godzinie 17:00<\/span><\/p>\n<p>Szkolenie internetowe w formie webinarium LIVE realizowane za pomoc\u0105 platformy ZOOM.<br \/>\nPo zako\u0144czeniu webinarium przewidujemy mo\u017cliwo\u015b\u0107 odtworzenia nagrania na platformie\u00a0<a href=\"http:\/\/www.warsztatarchitekta.pl\/\" target=\"_blank\" rel=\"noopener noreferrer\" data-saferedirecturl=\"https:\/\/www.google.com\/url?q=http:\/\/www.WarsztatArchitekta.pl&amp;source=gmail&amp;ust=1640203561709000&amp;usg=AOvVaw0G-a7-v89HM8uZXd7cVC17\"><span lang=\"PL\">www.WarsztatArchitekta.pl<\/span><\/a><span lang=\"PL\"><br \/>\n<\/span><\/p>\n<p><span lang=\"PL\">Uprzejmie informujemy, \u017ce aby po obejrzeniu \u2013 minimum 75% szkolenia \u2013 otrzyma\u0107 certyfikat Izby Architekt\u00f3w RP, nale\u017cy uprzednio zarejestrowa\u0107 si\u0119 w systemie szkoleniowym pod adresem: <\/span><a href=\"https:\/\/szkolenia.iarp.pl\/szkolenie\/1057\" target=\"_blank\" rel=\"noopener noreferrer\" data-saferedirecturl=\"https:\/\/www.google.com\/url?q=https:\/\/szkolenia.iarp.pl\/szkolenie\/1057&amp;source=gmail&amp;ust=1640203561709000&amp;usg=AOvVaw0qW7sdagHTMCU5Si0sJkTu\"><span lang=\"PL\">https:\/\/szkolenia.iarp.pl\/<wbr><\/wbr>szkolenie\/1057<\/span><\/a><\/p>\n<p>ORGANIZATOR:<\/p>\n<p>Podkomisja Szkole\u0144 Zawodowych Architekt\u00f3w dzia\u0142aj\u0105ca przy KRIA RP<br \/>\nMa\u0142opolska Okr\u0119gowa Izba Architekt\u00f3w RP,<\/p>\n","protected":false},"excerpt":{"rendered":"<p>Podkomisja Szkole\u0144 Zawodowych Architekt\u00f3w dzia\u0142aj\u0105ca przy KRIA RP oraz Ma\u0142opolska Okr\u0119gowa Izba Architekt\u00f3w RP zaprasza na drug\u0105 cz\u0119\u015b\u0107 szkolenia internetowego w formie webinarium LIVE: 22.12.2021 r. Rozpocz\u0119cie i prowadzenie dzia\u0142alno\u00a0 \u015bci projektowej \u2013 ramy prawne, ryzyka i sposoby jego minimalizowania &nbsp; PROGRAM SZKOLENIA: II \u201eZasilanie biura projektowego\u201d \u2013 bie\u017c\u0105ca dzia\u0142alno\u015b\u0107 projektowa (60\u201380 min) W ramach [&hellip;]<\/p>\n","protected":false},"author":6,"featured_media":856,"comment_status":"closed","ping_status":"open","sticky":false,"template":"","format":"standard","meta":{"footnotes":""},"categories":[57],"tags":[],"class_list":["post-4527","post","type-post","status-publish","format-standard","has-post-thumbnail","hentry","category-szkolenia"],"publishpress_future_action":{"enabled":false,"date":"2026-05-05 00:37:38","action":"change-status","newStatus":"draft","terms":[],"taxonomy":"category","extraData":[]},"publishpress_future_workflow_manual_trigger":{"enabledWorkflows":[]},"_links":{"self":[{"href":"https:\/\/podkarpacka.iarp.pl\/index.php?rest_route=\/wp\/v2\/posts\/4527","targetHints":{"allow":["GET"]}}],"collection":[{"href":"https:\/\/podkarpacka.iarp.pl\/index.php?rest_route=\/wp\/v2\/posts"}],"about":[{"href":"https:\/\/podkarpacka.iarp.pl\/index.php?rest_route=\/wp\/v2\/types\/post"}],"author":[{"embeddable":true,"href":"https:\/\/podkarpacka.iarp.pl\/index.php?rest_route=\/wp\/v2\/users\/6"}],"replies":[{"embeddable":true,"href":"https:\/\/podkarpacka.iarp.pl\/index.php?rest_route=%2Fwp%2Fv2%2Fcomments&post=4527"}],"version-history":[{"count":3,"href":"https:\/\/podkarpacka.iarp.pl\/index.php?rest_route=\/wp\/v2\/posts\/4527\/revisions"}],"predecessor-version":[{"id":4559,"href":"https:\/\/podkarpacka.iarp.pl\/index.php?rest_route=\/wp\/v2\/posts\/4527\/revisions\/4559"}],"wp:featuredmedia":[{"embeddable":true,"href":"https:\/\/podkarpacka.iarp.pl\/index.php?rest_route=\/wp\/v2\/media\/856"}],"wp:attachment":[{"href":"https:\/\/podkarpacka.iarp.pl\/index.php?rest_route=%2Fwp%2Fv2%2Fmedia&parent=4527"}],"wp:term":[{"taxonomy":"category","embeddable":true,"href":"https:\/\/podkarpacka.iarp.pl\/index.php?rest_route=%2Fwp%2Fv2%2Fcategories&post=4527"},{"taxonomy":"post_tag","embeddable":true,"href":"https:\/\/podkarpacka.iarp.pl\/index.php?rest_route=%2Fwp%2Fv2%2Ftags&post=4527"}],"curies":[{"name":"wp","href":"https:\/\/api.w.org\/{rel}","templated":true}]}}