{"id":4543,"date":"2021-12-22T11:28:01","date_gmt":"2021-12-22T09:28:01","guid":{"rendered":"http:\/\/podkarpacka.iarp.pl\/?p=4543"},"modified":"2021-12-24T11:38:36","modified_gmt":"2021-12-24T09:38:36","slug":"wyniki-konkursu-dzieciece-archi-christmas-2021","status":"publish","type":"post","link":"https:\/\/podkarpacka.iarp.pl\/?p=4543","title":{"rendered":"Wyniki Konkursu Dzieci\u0119ce Archi &#8211; Christmas 2021"},"content":{"rendered":"\n<p>Drogie dzieci!<br \/>Og\u0142aszamy Wyniki Konkursu \u015awi\u0105tecznego!<\/p>\n\n\n\n<p>Podkarpacka Okr\u0119gowa Izba Architekt\u00f3w:<br \/>I MIEJSCE\u00a0 &#8211; Jerzy Dudek \u2013 lat 7<br \/>II MIEJSCE &#8211; Kornelia Ruszel \u2013 lat 11<br \/>III MIEJSCE\u00a0 &#8211; Antoni Ple\u015bniak \u2013 lat 12<\/p>\n\n\n\n<figure class=\"wp-block-image size-large\"><img loading=\"lazy\" decoding=\"async\" width=\"2880\" height=\"1920\" src=\"https:\/\/podkarpacka.iarp.pl\/wp-content\/uploads\/2021\/12\/InShot_20211224_102353908.jpg\" alt=\"\" class=\"wp-image-4541\" srcset=\"https:\/\/podkarpacka.iarp.pl\/wp-content\/uploads\/2021\/12\/InShot_20211224_102353908.jpg 2880w, https:\/\/podkarpacka.iarp.pl\/wp-content\/uploads\/2021\/12\/InShot_20211224_102353908-300x200.jpg 300w, https:\/\/podkarpacka.iarp.pl\/wp-content\/uploads\/2021\/12\/InShot_20211224_102353908-768x512.jpg 768w, https:\/\/podkarpacka.iarp.pl\/wp-content\/uploads\/2021\/12\/InShot_20211224_102353908-1024x683.jpg 1024w\" sizes=\"auto, (max-width: 2880px) 100vw, 2880px\" \/><\/figure>\n\n\n\n<p>SARP oddzia\u0142 Rzesz\u00f3w:<br \/>I MIEJSCE &#8211; Filip S\u0142api\u0144ski \u2013 lat 5<br \/>II MIEJSCE &#8211; Miko\u0142aj Krzyszto\u0144 \u2013 lat 5<br \/>II MIEJSCE &#8211; Jeremiasz Krzyszto\u0144 \u2013 lat 3<br \/>III MIEJSCE &#8211; Miko\u0142aj Podolec \u2013 lat 4<\/p>\n\n\n\n<figure class=\"wp-block-image size-large\"><img loading=\"lazy\" decoding=\"async\" width=\"2880\" height=\"1920\" src=\"https:\/\/podkarpacka.iarp.pl\/wp-content\/uploads\/2021\/12\/InShot_20211224_102630119.jpg\" alt=\"\" class=\"wp-image-4542\" srcset=\"https:\/\/podkarpacka.iarp.pl\/wp-content\/uploads\/2021\/12\/InShot_20211224_102630119.jpg 2880w, https:\/\/podkarpacka.iarp.pl\/wp-content\/uploads\/2021\/12\/InShot_20211224_102630119-300x200.jpg 300w, https:\/\/podkarpacka.iarp.pl\/wp-content\/uploads\/2021\/12\/InShot_20211224_102630119-768x512.jpg 768w, https:\/\/podkarpacka.iarp.pl\/wp-content\/uploads\/2021\/12\/InShot_20211224_102630119-1024x683.jpg 1024w\" sizes=\"auto, (max-width: 2880px) 100vw, 2880px\" \/><\/figure>\n\n\n\n<p>Nagrody Wy\u015blemy do Was poczt\u0105.<br \/>Pierwsze miejsce PKOIA i SARP to dodatkowo Nasza Kartka \u015awi\u0105teczn\u0105 2021.<\/p>\n\n\n\n<p>Gratulujemy wygranym i \u017cyczymy Wam Weso\u0142ych \u015awi\u0105t !!!<\/p>\n","protected":false},"excerpt":{"rendered":"<p>Drogie dzieci!Og\u0142aszamy Wyniki Konkursu \u015awi\u0105tecznego! Podkarpacka Okr\u0119gowa Izba Architekt\u00f3w:I MIEJSCE\u00a0 &#8211; Jerzy Dudek \u2013 lat 7II MIEJSCE &#8211; Kornelia Ruszel \u2013 lat 11III MIEJSCE\u00a0 &#8211; Antoni Ple\u015bniak \u2013 lat 12 SARP oddzia\u0142 Rzesz\u00f3w:I MIEJSCE &#8211; Filip S\u0142api\u0144ski \u2013 lat 5II MIEJSCE &#8211; Miko\u0142aj Krzyszto\u0144 \u2013 lat 5II MIEJSCE &#8211; Jeremiasz Krzyszto\u0144 \u2013 lat 3III MIEJSCE [&hellip;]<\/p>\n","protected":false},"author":7,"featured_media":4545,"comment_status":"closed","ping_status":"open","sticky":false,"template":"","format":"standard","meta":{"footnotes":""},"categories":[1],"tags":[],"class_list":["post-4543","post","type-post","status-publish","format-standard","has-post-thumbnail","hentry","category-bez-kategorii"],"publishpress_future_action":{"enabled":false,"date":"2026-05-06 06:48:58","action":"change-status","newStatus":"draft","terms":[],"taxonomy":"category","extraData":[]},"publishpress_future_workflow_manual_trigger":{"enabledWorkflows":[]},"_links":{"self":[{"href":"https:\/\/podkarpacka.iarp.pl\/index.php?rest_route=\/wp\/v2\/posts\/4543","targetHints":{"allow":["GET"]}}],"collection":[{"href":"https:\/\/podkarpacka.iarp.pl\/index.php?rest_route=\/wp\/v2\/posts"}],"about":[{"href":"https:\/\/podkarpacka.iarp.pl\/index.php?rest_route=\/wp\/v2\/types\/post"}],"author":[{"embeddable":true,"href":"https:\/\/podkarpacka.iarp.pl\/index.php?rest_route=\/wp\/v2\/users\/7"}],"replies":[{"embeddable":true,"href":"https:\/\/podkarpacka.iarp.pl\/index.php?rest_route=%2Fwp%2Fv2%2Fcomments&post=4543"}],"version-history":[{"count":1,"href":"https:\/\/podkarpacka.iarp.pl\/index.php?rest_route=\/wp\/v2\/posts\/4543\/revisions"}],"predecessor-version":[{"id":4544,"href":"https:\/\/podkarpacka.iarp.pl\/index.php?rest_route=\/wp\/v2\/posts\/4543\/revisions\/4544"}],"wp:featuredmedia":[{"embeddable":true,"href":"https:\/\/podkarpacka.iarp.pl\/index.php?rest_route=\/wp\/v2\/media\/4545"}],"wp:attachment":[{"href":"https:\/\/podkarpacka.iarp.pl\/index.php?rest_route=%2Fwp%2Fv2%2Fmedia&parent=4543"}],"wp:term":[{"taxonomy":"category","embeddable":true,"href":"https:\/\/podkarpacka.iarp.pl\/index.php?rest_route=%2Fwp%2Fv2%2Fcategories&post=4543"},{"taxonomy":"post_tag","embeddable":true,"href":"https:\/\/podkarpacka.iarp.pl\/index.php?rest_route=%2Fwp%2Fv2%2Ftags&post=4543"}],"curies":[{"name":"wp","href":"https:\/\/api.w.org\/{rel}","templated":true}]}}