{"id":4547,"date":"2021-12-27T12:23:06","date_gmt":"2021-12-27T10:23:06","guid":{"rendered":"http:\/\/podkarpacka.iarp.pl\/?p=4547"},"modified":"2021-12-27T12:30:16","modified_gmt":"2021-12-27T10:30:16","slug":"informacja-o-zmianie-wysokosci-skladki-czlonkowskiej-na-rok-2022","status":"publish","type":"post","link":"https:\/\/podkarpacka.iarp.pl\/?p=4547","title":{"rendered":"Informacja o zmianie wysoko\u015bci sk\u0142adki cz\u0142onkowskiej na rok 2022"},"content":{"rendered":"<p>Szanowne Kole\u017canki, Szanowni Koledzy.<\/p>\n<p>Na podstawie Uchwa\u0142y nr 1 XII Programowo-Bud\u017cetowego Krajowego Zjazdu Izby Architekt\u00f3w RP z dnia 16 grudnia 2020r. w sprawie zmiany uchwa\u0142y nr 7 Nadzwyczajnego Krajowego Zjazdu Izby Architekt\u00f3w z dnia 24 listopada 2002 r. w sprawie sk\u0142adki cz\u0142onkowskiej w samorz\u0105dzie zawodowym architekt\u00f3w i zasad jej podzia\u0142u, uwzgl\u0119dniaj\u0105c zasady waloryzacji, <strong>sk\u0142adka cz\u0142onkowska obowi\u0105zuj\u0105ca w samorz\u0105dzie zawodowym architekt\u00f3w w 2022 r. wynosi 83,00 z\u0142.<\/strong><\/p>\n<p>Wysoko\u015b\u0107 sk\u0142adki cz\u0142onkowskiej w sytuacji zawieszenia wynosi 10% sk\u0142adki obowi\u0105zuj\u0105cej w danym okresie.<\/p>\n<p>Sk\u0142adka nie obejmuje obowi\u0105zkowego ubezpieczenia OC.<\/p>\n<p>Informacja o aktualnym stanie op\u0142at cz\u0142onkowskich znajduje si\u0119 na <a href=\"https:\/\/www.izbaarchitektow.pl\/\">stronie internetowej IARP<\/a> &#8211; po zalogowaniu nale\u017cy sprawdzi\u0107 SALDO w zak\u0142adce \u201e dane osobowe&#8221;.<\/p>\n","protected":false},"excerpt":{"rendered":"<p>Szanowne Kole\u017canki, Szanowni Koledzy. Na podstawie Uchwa\u0142y nr 1 XII Programowo-Bud\u017cetowego Krajowego Zjazdu Izby Architekt\u00f3w RP z dnia 16 grudnia 2020r. w sprawie zmiany uchwa\u0142y nr 7 Nadzwyczajnego Krajowego Zjazdu Izby Architekt\u00f3w z dnia 24 listopada 2002 r. w sprawie sk\u0142adki cz\u0142onkowskiej w samorz\u0105dzie zawodowym architekt\u00f3w i zasad jej podzia\u0142u, uwzgl\u0119dniaj\u0105c zasady waloryzacji, sk\u0142adka cz\u0142onkowska [&hellip;]<\/p>\n","protected":false},"author":7,"featured_media":4549,"comment_status":"closed","ping_status":"open","sticky":false,"template":"","format":"standard","meta":{"footnotes":""},"categories":[56],"tags":[],"class_list":["post-4547","post","type-post","status-publish","format-standard","has-post-thumbnail","hentry","category-informacje-rady"],"publishpress_future_action":{"enabled":false,"date":"2026-05-08 09:15:20","action":"change-status","newStatus":"draft","terms":[],"taxonomy":"category","extraData":[]},"publishpress_future_workflow_manual_trigger":{"enabledWorkflows":[]},"_links":{"self":[{"href":"https:\/\/podkarpacka.iarp.pl\/index.php?rest_route=\/wp\/v2\/posts\/4547","targetHints":{"allow":["GET"]}}],"collection":[{"href":"https:\/\/podkarpacka.iarp.pl\/index.php?rest_route=\/wp\/v2\/posts"}],"about":[{"href":"https:\/\/podkarpacka.iarp.pl\/index.php?rest_route=\/wp\/v2\/types\/post"}],"author":[{"embeddable":true,"href":"https:\/\/podkarpacka.iarp.pl\/index.php?rest_route=\/wp\/v2\/users\/7"}],"replies":[{"embeddable":true,"href":"https:\/\/podkarpacka.iarp.pl\/index.php?rest_route=%2Fwp%2Fv2%2Fcomments&post=4547"}],"version-history":[{"count":1,"href":"https:\/\/podkarpacka.iarp.pl\/index.php?rest_route=\/wp\/v2\/posts\/4547\/revisions"}],"predecessor-version":[{"id":4548,"href":"https:\/\/podkarpacka.iarp.pl\/index.php?rest_route=\/wp\/v2\/posts\/4547\/revisions\/4548"}],"wp:featuredmedia":[{"embeddable":true,"href":"https:\/\/podkarpacka.iarp.pl\/index.php?rest_route=\/wp\/v2\/media\/4549"}],"wp:attachment":[{"href":"https:\/\/podkarpacka.iarp.pl\/index.php?rest_route=%2Fwp%2Fv2%2Fmedia&parent=4547"}],"wp:term":[{"taxonomy":"category","embeddable":true,"href":"https:\/\/podkarpacka.iarp.pl\/index.php?rest_route=%2Fwp%2Fv2%2Fcategories&post=4547"},{"taxonomy":"post_tag","embeddable":true,"href":"https:\/\/podkarpacka.iarp.pl\/index.php?rest_route=%2Fwp%2Fv2%2Ftags&post=4547"}],"curies":[{"name":"wp","href":"https:\/\/api.w.org\/{rel}","templated":true}]}}