{"id":4561,"date":"2022-01-03T11:53:28","date_gmt":"2022-01-03T09:53:28","guid":{"rendered":"http:\/\/podkarpacka.iarp.pl\/?p=4561"},"modified":"2022-01-28T17:43:24","modified_gmt":"2022-01-28T15:43:24","slug":"4-02-2022-zawiadomienie-o-zebraniach-obwodowych","status":"publish","type":"post","link":"https:\/\/podkarpacka.iarp.pl\/?p=4561","title":{"rendered":"UWAGA CZ\u0141ONKOWIE! Zawiadomienie o zebraniach obwodowych &#8211;  [4.02.2022]"},"content":{"rendered":"<p><strong>Cz\u0142onkowie Podkarpackiej Okr\u0119gowej Izby Architekt\u00f3w<\/strong><\/p>\n<p><strong>Zawiadomienie o Zebraniach Obwodowych Podkarpackiej Okr\u0119gowej Izby Architekt\u00f3w RP<\/strong><\/p>\n<p>Rada Podkarpackiej Okr\u0119gowej Izby Architekt\u00f3w RP informuje o rozpocz\u0119ciu cyklu zebra\u0144 obwodowych, w wyniku kt\u00f3rych wy\u0142onieni zostan\u0105 Delegaci na Zjazd Okr\u0119gowy nowej kadencji. Na podstawie art.15 ust.1 pkt 3 ustawy z dnia 15 grudnia 2000 roku o samorz\u0105dach zawodowych architekt\u00f3w oraz in\u017cynier\u00f3w budownictwa (tj. Dz. U. z 2019 r.,\u00a0poz. 1117), w zwi\u0105zku z \u00a71 ust.2 Regulaminu organizacji i trybu przeprowadzania zebra\u0144 obwodowych oraz wyboru delegat\u00f3w na zjazdy okr\u0119gowe Okr\u0119gowych Izb Architekt\u00f3w RP, przyj\u0119tego uchwa\u0142\u0105 Nr 9 XV Sprawozdawczego Zjazdu Izby Architekt\u00f3w RP z dnia 21 czerwca 2021 r. ws przyj\u0119cia Regulaminu organizacji i trybu przeprowadzania zebra\u0144 obwodowych do organ\u00f3w jednostek organizacyjnych samorz\u0105du zawodowego architekt\u00f3w-Izby Architekt\u00f3w<br \/>\nRP.<\/p>\n<p>Uchwa\u0142\u0105 nr 54\/2021 Rady Podkarpackiej Okr\u0119gowej Izby Architekt\u00f3w RP z dnia 16 grudnia 2021r., zosta\u0142y zwo\u0142ane zebrania obwodowe Podkarpackiej Okr\u0119gowej Izby Architekt\u00f3w RP, kt\u00f3re <strong>odb\u0119d\u0105 si\u0119 w Hotelu Bristol, przy ul. Kopernika 12 w Rzeszowie tj. w pi\u0105tek 4 lutego 2022r. <\/strong><\/p>\n<ul>\n<li><strong>o godzinie 12:00 obw\u00f3d nr I nazwiska od A do Ma\u0142\u2026\u2026 Obw\u00f3d nr I liczy 186 cz\u0142onk\u00f3w \u2013 wybieranych jest 37 delegat\u00f3w.<\/strong><\/li>\n<\/ul>\n<p>Zg\u0142oszenia kandydat\u00f3w na Delegat\u00f3w na Zjazd Okr\u0119gowy PKOIA RP przes\u0142ali nast\u0119puj\u0105cy cz\u0142onkowie obwodu nr 1:<\/p>\n<p>Adamczyk Bartosz<br \/>\nBabelski Igor<br \/>\nBardanaszwili Ruben<br \/>\nB\u0105k Iwona<br \/>\nBoczkaj W\u0142adys\u0142aw<br \/>\nBrudnicka Anna<br \/>\nBulsza Jan<br \/>\nChrobak Marek<br \/>\nDelikat Pawe\u0142<br \/>\nDendewicz-Mat\u0142ok Magdalena<br \/>\nDepa Andrzej<br \/>\nDzioch Bartosz<br \/>\nFerenc Kazimierz<br \/>\nFigurska-Dudek Joanna<br \/>\nGawe\u0142 Anna<br \/>\nG\u0105tarska Danuta<br \/>\nGorczyca Bartosz<br \/>\nHa\u0142abuz Stanis\u0142aw<br \/>\nHamala-Lis Dorota<br \/>\nHasek Magdalena<br \/>\nKalita Grzegorz<br \/>\nKardy\u015b Adam<br \/>\nKo\u0144 S\u0142awomir<br \/>\nKopyci\u0144ska Ewa<br \/>\nKoz\u0142owska Karolina<br \/>\nKoz\u0142owski Tomasz<br \/>\nKru\u017cel-Magdo\u0144 Katarzyna<br \/>\nKrygina Olga<br \/>\nKrzyszto\u0144 Dawid<br \/>\nKud\u0142a Dawid<br \/>\nKud\u0142a Tomasz<br \/>\nKuschill-\u017bak Agnieszka<br \/>\nLasko\u015b Marek<br \/>\nLewosiuk Jerzy<br \/>\n\u0141ukasiewicz Jaros\u0142aw<br \/>\n\u0141yszczek Adam<br \/>\nMa\u0142ek Andrzej<\/p>\n<ul>\n<li><strong>o godzinie 15:00 obw\u00f3d nr II nazwiska od Mar..do \u017b . Obw\u00f3d nr II liczy 185 cz\u0142onk\u00f3w \u2013 wybieranych jest 37 delegat\u00f3w. <\/strong><\/li>\n<\/ul>\n<p>Zg\u0142oszenia kandydat\u00f3w na Delegat\u00f3w na Zjazd Okr\u0119gowy PKOIA RP przes\u0142ali nast\u0119puj\u0105cy cz\u0142onkowie obwodu\u00a0 nr 2:<\/p>\n<p>Matlingiewicz Iwona<br \/>\nMat\u0142ok Wacek<br \/>\nMatraszek Joanna<br \/>\nMicek Micha\u0142<br \/>\nOrlewska Danuta<br \/>\nOrlewski Piotr<br \/>\nPaw\u0142owski Andrzej<br \/>\nPieczonka Gertruda<br \/>\nPuchyr Agnieszka<br \/>\nRuszel Grzegorz<br \/>\nRze\u017awicki Piotr<br \/>\nSidor Mariola<br \/>\nS\u0142api\u0144ski Grzegorz<br \/>\nStempin Stefan<br \/>\nStempniak Dominik<br \/>\nStrojny Alicja<br \/>\nSzular Robert<br \/>\n\u015awi\u0119ci\u0144ska Renata<br \/>\n\u015awi\u0119ci\u0144ski Zbigniew<br \/>\nTorba Maciej<br \/>\nTrybus Maciej<br \/>\nTyra\u0144ska Magdalena<br \/>\nUngeheuer Pawe\u0142<br \/>\nWalicka-G\u00f3ral Beata<br \/>\nW\u00f3jcik Anna<br \/>\nW\u00f3jcik Anna (Petejko)<br \/>\nZima \u0141ukasz<br \/>\nZima Wac\u0142aw<\/p>\n<p><strong>Ustala si\u0119 sk\u0142ad Komisji Obwodowych:<\/strong><br \/>\nObw\u00f3d nr I : Iwona Matlingiewicz, Andrzej Paw\u0142owski, Renata \u015awi\u0119ci\u0144ska<br \/>\nObw\u00f3d nr II : Iwona B\u0105k, Andrzej Depa, Tomasz Kud\u0142a<\/p>\n<p>Podzia\u0142 na obwody nr I i nr II dokonany zosta\u0142 na podstawie alfabetycznej listy cz\u0142onk\u00f3w.<\/p>\n<p>Udzia\u0142 w zebraniu obwodowym jest prawem i obowi\u0105zkiem cz\u0142onka Izby Architekt\u00f3w RP. (Regulamin organizacji i trybu przeprowadzenia zjazd\u00f3w oraz wybor\u00f3w do jednostek organizacyjnych samorz\u0105du zawodowego \u2013 Izby Architekt\u00f3w RP \u2013 \u00a7 5, pkt 1). Prosimy o wype\u0142nienie za\u0142\u0105czonego formularza zg\u0142oszeniowego na Delegata i odes\u0142anie go w formacie pdf na adres e-mail PKOIA RP (podkarpacka@izbaarchitektow.pl) w terminie nie p\u00f3\u017aniejszym ni\u017c 10 dni przed dniem zebrania.<\/p>\n<p>Z kole\u017ce\u0144skim pozdrowieniem<br \/>\nRenata \u015awi\u0119ci\u0144ska architekt IARP<br \/>\nPrzewodnicz\u0105ca Rady PKOIA RP<\/p>\n<p>Za\u0142\u0105czniki:<\/p>\n<p><a href=\"https:\/\/podkarpacka.iarp.pl\/wp-content\/uploads\/2022\/01\/Zawiadomienie-o-zebraniach-obwodowych-PKOIA-RP.pdf\">Zawiadomienie o zebraniach obwodowych PKOIA RP<\/a><\/p>\n<p><a href=\"https:\/\/podkarpacka.iarp.pl\/wp-content\/uploads\/2022\/01\/porz\u0105dek-zebra\u0144-obwodowych.pdf\">porz\u0105dek zebra\u0144 obwodowych<\/a><\/p>\n<p><a href=\"https:\/\/podkarpacka.iarp.pl\/wp-content\/uploads\/2022\/01\/formularz-zg\u0142oszeniowy-na-delegata-na-zjazd-PKOIA..doc\">formularz zg\u0142oszeniowy na delegata na zjazd PKOIA.<\/a><\/p>\n","protected":false},"excerpt":{"rendered":"<p>Cz\u0142onkowie Podkarpackiej Okr\u0119gowej Izby Architekt\u00f3w Zawiadomienie o Zebraniach Obwodowych Podkarpackiej Okr\u0119gowej Izby Architekt\u00f3w RP Rada Podkarpackiej Okr\u0119gowej Izby Architekt\u00f3w RP informuje o rozpocz\u0119ciu cyklu zebra\u0144 obwodowych, w wyniku kt\u00f3rych wy\u0142onieni zostan\u0105 Delegaci na Zjazd Okr\u0119gowy nowej kadencji. Na podstawie art.15 ust.1 pkt 3 ustawy z dnia 15 grudnia 2000 roku o samorz\u0105dach zawodowych architekt\u00f3w oraz [&hellip;]<\/p>\n","protected":false},"author":6,"featured_media":2099,"comment_status":"closed","ping_status":"open","sticky":false,"template":"","format":"standard","meta":{"footnotes":""},"categories":[1,56],"tags":[],"class_list":["post-4561","post","type-post","status-publish","format-standard","has-post-thumbnail","hentry","category-bez-kategorii","category-informacje-rady"],"publishpress_future_action":{"enabled":false,"date":"2026-05-06 06:41:00","action":"change-status","newStatus":"draft","terms":[],"taxonomy":"category","extraData":[]},"publishpress_future_workflow_manual_trigger":{"enabledWorkflows":[]},"_links":{"self":[{"href":"https:\/\/podkarpacka.iarp.pl\/index.php?rest_route=\/wp\/v2\/posts\/4561","targetHints":{"allow":["GET"]}}],"collection":[{"href":"https:\/\/podkarpacka.iarp.pl\/index.php?rest_route=\/wp\/v2\/posts"}],"about":[{"href":"https:\/\/podkarpacka.iarp.pl\/index.php?rest_route=\/wp\/v2\/types\/post"}],"author":[{"embeddable":true,"href":"https:\/\/podkarpacka.iarp.pl\/index.php?rest_route=\/wp\/v2\/users\/6"}],"replies":[{"embeddable":true,"href":"https:\/\/podkarpacka.iarp.pl\/index.php?rest_route=%2Fwp%2Fv2%2Fcomments&post=4561"}],"version-history":[{"count":8,"href":"https:\/\/podkarpacka.iarp.pl\/index.php?rest_route=\/wp\/v2\/posts\/4561\/revisions"}],"predecessor-version":[{"id":4606,"href":"https:\/\/podkarpacka.iarp.pl\/index.php?rest_route=\/wp\/v2\/posts\/4561\/revisions\/4606"}],"wp:featuredmedia":[{"embeddable":true,"href":"https:\/\/podkarpacka.iarp.pl\/index.php?rest_route=\/wp\/v2\/media\/2099"}],"wp:attachment":[{"href":"https:\/\/podkarpacka.iarp.pl\/index.php?rest_route=%2Fwp%2Fv2%2Fmedia&parent=4561"}],"wp:term":[{"taxonomy":"category","embeddable":true,"href":"https:\/\/podkarpacka.iarp.pl\/index.php?rest_route=%2Fwp%2Fv2%2Fcategories&post=4561"},{"taxonomy":"post_tag","embeddable":true,"href":"https:\/\/podkarpacka.iarp.pl\/index.php?rest_route=%2Fwp%2Fv2%2Ftags&post=4561"}],"curies":[{"name":"wp","href":"https:\/\/api.w.org\/{rel}","templated":true}]}}