{"id":4574,"date":"2022-01-20T16:16:18","date_gmt":"2022-01-20T14:16:18","guid":{"rendered":"http:\/\/podkarpacka.iarp.pl\/?p=4574"},"modified":"2022-01-23T13:46:02","modified_gmt":"2022-01-23T11:46:02","slug":"zakonczenie-xi-edycji-konkursu-dom-moich-marzen","status":"publish","type":"post","link":"https:\/\/podkarpacka.iarp.pl\/?p=4574","title":{"rendered":"Zako\u0144czenie XI edycji konkursu \u201eDOM MOICH MARZE\u0143\u201d &#8211; Lista Laureat\u00f3w"},"content":{"rendered":"<p><strong>Zako\u0144czenie XI edycji konkursu<\/strong><br \/>\n<strong>\u201eDOM MOICH MARZE\u0143\u201d<\/strong><\/p>\n<hr \/>\n<p>25 listopada 2021r w siedzibie Podkarpackiej Okr\u0119gowej Izbie Architekt\u00f3w zebrane jury nagrodzi\u0142o i wyr\u00f3\u017cni\u0142o prace bior\u0105ce udzia\u0142 w XI edycji konkursu plastycznego \u201eDom moich marze\u0144\u201d organizowanego w ramach dnia edukacji architektonicznej.<\/p>\n<hr \/>\n<p>W konkursie wzi\u0119\u0142o udzia\u0142 22 szko\u0142y podstawowe z wojew\u00f3dztwa podkarpackiego, wp\u0142yn\u0119\u0142o 340 prac konkursowych.<\/p>\n<p>Prace laureat\u00f3w oraz wyr\u00f3\u017cnionych uczni\u00f3w szk\u00f3\u0142 podstawowych klas IV zosta\u0142y umieszczone na kartach kalendarza na 2022r. oraz zaprezentowane w galerii wystaw w holu siedziby Podkarpackiej Okr\u0119gowej Izby Architekt\u00f3w RP w Rzeszowie.<\/p>\n<p>Po burzliwych obradach decyzj\u0105 jury wy\u0142oniono:<\/p>\n<ul>\n<li>4 laureat\u00f3w:<\/li>\n<li>55 wyr\u00f3\u017cnie\u0144:<\/li>\n<li>Podzi\u0119kowanie za nades\u0142ane prace DLA 3 UCZNI\u00d3W KLASY VI<\/li>\n<\/ul>\n<p>Serdecznie gratulujemy laureatom i wyr\u00f3\u017cnionym oraz wszystkim bior\u0105cym udzia\u0142 w konkursie, jak r\u00f3wnie\u017c ich opiekunom.<br \/>\nPodzi\u0119kowania dla grona nauczycielskiego za aktywno\u015b\u0107, udzia\u0142 w konkursie i przeprowadzenie lekcji architektury samodzielnie lub ze wsparciem architekt\u00f3w z wojew\u00f3dztwa podkarpackiego.<\/p>\n<hr \/>\n<p><strong><a href=\"https:\/\/podkarpacka.iarp.pl\/wp-content\/uploads\/2022\/01\/Zako\u0144czenie-konkursu-DOM-MOICH-MARZE\u0143-XI-EDYCJA.pdf\">Zako\u0144czenie konkursu DOM MOICH MARZE\u0143- XI EDYCJA<\/a><\/strong><strong>&#8211; LISTA LAUREAT\u00d3W<\/strong><\/p>\n<hr \/>\n\n\t\t<style type=\"text\/css\">\n\t\t\t#gallery-1 {\n\t\t\t\tmargin: auto;\n\t\t\t}\n\t\t\t#gallery-1 .gallery-item {\n\t\t\t\tfloat: left;\n\t\t\t\tmargin-top: 10px;\n\t\t\t\ttext-align: center;\n\t\t\t\twidth: 33%;\n\t\t\t}\n\t\t\t#gallery-1 img {\n\t\t\t\tborder: 2px solid #cfcfcf;\n\t\t\t}\n\t\t\t#gallery-1 .gallery-caption {\n\t\t\t\tmargin-left: 0;\n\t\t\t}\n\t\t\t\/* see gallery_shortcode() in wp-includes\/media.php *\/\n\t\t<\/style>\n\t\t<div id='gallery-1' class='gallery galleryid-4574 gallery-columns-3 gallery-size-large'><dl class='gallery-item'>\n\t\t\t<dt class='gallery-icon landscape'>\n\t\t\t\t<a href='https:\/\/podkarpacka.iarp.pl\/?attachment_id=4576'><img loading=\"lazy\" decoding=\"async\" width=\"770\" height=\"347\" src=\"https:\/\/podkarpacka.iarp.pl\/wp-content\/uploads\/2022\/01\/20211125_200507-1024x461.jpg\" class=\"attachment-large size-large\" alt=\"\" srcset=\"https:\/\/podkarpacka.iarp.pl\/wp-content\/uploads\/2022\/01\/20211125_200507-1024x461.jpg 1024w, https:\/\/podkarpacka.iarp.pl\/wp-content\/uploads\/2022\/01\/20211125_200507-300x135.jpg 300w, https:\/\/podkarpacka.iarp.pl\/wp-content\/uploads\/2022\/01\/20211125_200507-768x346.jpg 768w, https:\/\/podkarpacka.iarp.pl\/wp-content\/uploads\/2022\/01\/20211125_200507-600x270.jpg 600w\" sizes=\"auto, (max-width: 770px) 100vw, 770px\" \/><\/a>\n\t\t\t<\/dt><\/dl><dl class='gallery-item'>\n\t\t\t<dt class='gallery-icon landscape'>\n\t\t\t\t<a href='https:\/\/podkarpacka.iarp.pl\/?attachment_id=4577'><img loading=\"lazy\" decoding=\"async\" width=\"770\" height=\"347\" src=\"https:\/\/podkarpacka.iarp.pl\/wp-content\/uploads\/2022\/01\/20211125_200438-1024x461.jpg\" class=\"attachment-large size-large\" alt=\"\" srcset=\"https:\/\/podkarpacka.iarp.pl\/wp-content\/uploads\/2022\/01\/20211125_200438-1024x461.jpg 1024w, https:\/\/podkarpacka.iarp.pl\/wp-content\/uploads\/2022\/01\/20211125_200438-300x135.jpg 300w, https:\/\/podkarpacka.iarp.pl\/wp-content\/uploads\/2022\/01\/20211125_200438-768x346.jpg 768w, https:\/\/podkarpacka.iarp.pl\/wp-content\/uploads\/2022\/01\/20211125_200438-600x270.jpg 600w\" sizes=\"auto, (max-width: 770px) 100vw, 770px\" \/><\/a>\n\t\t\t<\/dt><\/dl><dl class='gallery-item'>\n\t\t\t<dt class='gallery-icon landscape'>\n\t\t\t\t<a href='https:\/\/podkarpacka.iarp.pl\/?attachment_id=4578'><img loading=\"lazy\" decoding=\"async\" width=\"770\" height=\"347\" src=\"https:\/\/podkarpacka.iarp.pl\/wp-content\/uploads\/2022\/01\/20211125_191400-1024x461.jpg\" class=\"attachment-large size-large\" alt=\"\" srcset=\"https:\/\/podkarpacka.iarp.pl\/wp-content\/uploads\/2022\/01\/20211125_191400-1024x461.jpg 1024w, https:\/\/podkarpacka.iarp.pl\/wp-content\/uploads\/2022\/01\/20211125_191400-300x135.jpg 300w, https:\/\/podkarpacka.iarp.pl\/wp-content\/uploads\/2022\/01\/20211125_191400-768x346.jpg 768w, https:\/\/podkarpacka.iarp.pl\/wp-content\/uploads\/2022\/01\/20211125_191400-600x270.jpg 600w\" sizes=\"auto, (max-width: 770px) 100vw, 770px\" \/><\/a>\n\t\t\t<\/dt><\/dl><br style=\"clear: both\" \/>\n\t\t<\/div>\n\n<p>Szczeg\u00f3lne podzi\u0119kowania dla koleg\u00f3w architekt\u00f3w:<br \/>\nAndrzeja Paw\u0142owskiego, Marka<\/p>\n<p>Laskosia, Stefana Stempina, Witolda \u017bukowskiego, Zbigniewa \u015awi\u0119ci\u0144skiego, Doroty Suwaj,<br \/>\nTomasza Kud\u0142y, Bartosza Dziocha, Macieja Torby, Agnieszki Puchyr, \u0141ukasza Bajdy, Andrzeja Depy, S\u0142awomira Leji, Ewy \u017bybury, El\u017cbiety Samel i Grzegorza Fr\u0105czka<br \/>\nzaanga\u017cowanych w edukacj\u0119 dzieci.<\/p>\n<hr \/>\n<p>Zapraszamy do wzi\u0119cia udzia\u0142u w XII edycji konkursu \u201e Dom moich marze\u0144\u201d we wrze\u015bniu 2022 r.<\/p>\n<p>Prace wyr\u00f3\u017cnione i nagrodzone ogl\u0105da\u0107 mo\u017cna w siedzibie PKOIA Rynek 8 w Rzeszowie.<\/p>\n<p><img loading=\"lazy\" decoding=\"async\" class=\"wp-image-4588 alignnone size-full\" src=\"https:\/\/podkarpacka.iarp.pl\/wp-content\/uploads\/2022\/01\/20220120_161326.jpg\" width=\"4032\" height=\"2268\" srcset=\"https:\/\/podkarpacka.iarp.pl\/wp-content\/uploads\/2022\/01\/20220120_161326.jpg 4032w, https:\/\/podkarpacka.iarp.pl\/wp-content\/uploads\/2022\/01\/20220120_161326-300x169.jpg 300w, https:\/\/podkarpacka.iarp.pl\/wp-content\/uploads\/2022\/01\/20220120_161326-768x432.jpg 768w, https:\/\/podkarpacka.iarp.pl\/wp-content\/uploads\/2022\/01\/20220120_161326-1024x576.jpg 1024w\" sizes=\"auto, (max-width: 4032px) 100vw, 4032px\" \/><\/p>\n<p><img loading=\"lazy\" decoding=\"async\" class=\"wp-image-4586 alignnone size-full\" src=\"https:\/\/podkarpacka.iarp.pl\/wp-content\/uploads\/2022\/01\/20220120_161338.jpg\" width=\"4032\" height=\"2268\" srcset=\"https:\/\/podkarpacka.iarp.pl\/wp-content\/uploads\/2022\/01\/20220120_161338.jpg 4032w, https:\/\/podkarpacka.iarp.pl\/wp-content\/uploads\/2022\/01\/20220120_161338-300x169.jpg 300w, https:\/\/podkarpacka.iarp.pl\/wp-content\/uploads\/2022\/01\/20220120_161338-768x432.jpg 768w, https:\/\/podkarpacka.iarp.pl\/wp-content\/uploads\/2022\/01\/20220120_161338-1024x576.jpg 1024w\" sizes=\"auto, (max-width: 4032px) 100vw, 4032px\" \/><\/p>\n<p><img loading=\"lazy\" decoding=\"async\" class=\"wp-image-4587 alignnone size-full\" src=\"https:\/\/podkarpacka.iarp.pl\/wp-content\/uploads\/2022\/01\/20220120_161350.jpg\" width=\"4032\" height=\"2268\" srcset=\"https:\/\/podkarpacka.iarp.pl\/wp-content\/uploads\/2022\/01\/20220120_161350.jpg 4032w, https:\/\/podkarpacka.iarp.pl\/wp-content\/uploads\/2022\/01\/20220120_161350-300x169.jpg 300w, https:\/\/podkarpacka.iarp.pl\/wp-content\/uploads\/2022\/01\/20220120_161350-768x432.jpg 768w, https:\/\/podkarpacka.iarp.pl\/wp-content\/uploads\/2022\/01\/20220120_161350-1024x576.jpg 1024w\" sizes=\"auto, (max-width: 4032px) 100vw, 4032px\" \/><\/p>\n<p>sekretarz konkursu:<br \/>\narchitekt Iwona B\u0105k<\/p>\n","protected":false},"excerpt":{"rendered":"<p>Zako\u0144czenie XI edycji konkursu \u201eDOM MOICH MARZE\u0143\u201d 25 listopada 2021r w siedzibie Podkarpackiej Okr\u0119gowej Izbie Architekt\u00f3w zebrane jury nagrodzi\u0142o i wyr\u00f3\u017cni\u0142o prace bior\u0105ce udzia\u0142 w XI edycji konkursu plastycznego \u201eDom moich marze\u0144\u201d organizowanego w ramach dnia edukacji architektonicznej. W konkursie wzi\u0119\u0142o udzia\u0142 22 szko\u0142y podstawowe z wojew\u00f3dztwa podkarpackiego, wp\u0142yn\u0119\u0142o 340 prac konkursowych. Prace laureat\u00f3w oraz [&hellip;]<\/p>\n","protected":false},"author":7,"featured_media":4575,"comment_status":"closed","ping_status":"open","sticky":false,"template":"","format":"standard","meta":{"footnotes":""},"categories":[1,62],"tags":[],"class_list":["post-4574","post","type-post","status-publish","format-standard","has-post-thumbnail","hentry","category-bez-kategorii","category-konkursy"],"publishpress_future_action":{"enabled":false,"date":"2026-05-05 03:08:49","action":"change-status","newStatus":"draft","terms":[],"taxonomy":"category","extraData":[]},"publishpress_future_workflow_manual_trigger":{"enabledWorkflows":[]},"_links":{"self":[{"href":"https:\/\/podkarpacka.iarp.pl\/index.php?rest_route=\/wp\/v2\/posts\/4574","targetHints":{"allow":["GET"]}}],"collection":[{"href":"https:\/\/podkarpacka.iarp.pl\/index.php?rest_route=\/wp\/v2\/posts"}],"about":[{"href":"https:\/\/podkarpacka.iarp.pl\/index.php?rest_route=\/wp\/v2\/types\/post"}],"author":[{"embeddable":true,"href":"https:\/\/podkarpacka.iarp.pl\/index.php?rest_route=\/wp\/v2\/users\/7"}],"replies":[{"embeddable":true,"href":"https:\/\/podkarpacka.iarp.pl\/index.php?rest_route=%2Fwp%2Fv2%2Fcomments&post=4574"}],"version-history":[{"count":5,"href":"https:\/\/podkarpacka.iarp.pl\/index.php?rest_route=\/wp\/v2\/posts\/4574\/revisions"}],"predecessor-version":[{"id":4592,"href":"https:\/\/podkarpacka.iarp.pl\/index.php?rest_route=\/wp\/v2\/posts\/4574\/revisions\/4592"}],"wp:featuredmedia":[{"embeddable":true,"href":"https:\/\/podkarpacka.iarp.pl\/index.php?rest_route=\/wp\/v2\/media\/4575"}],"wp:attachment":[{"href":"https:\/\/podkarpacka.iarp.pl\/index.php?rest_route=%2Fwp%2Fv2%2Fmedia&parent=4574"}],"wp:term":[{"taxonomy":"category","embeddable":true,"href":"https:\/\/podkarpacka.iarp.pl\/index.php?rest_route=%2Fwp%2Fv2%2Fcategories&post=4574"},{"taxonomy":"post_tag","embeddable":true,"href":"https:\/\/podkarpacka.iarp.pl\/index.php?rest_route=%2Fwp%2Fv2%2Ftags&post=4574"}],"curies":[{"name":"wp","href":"https:\/\/api.w.org\/{rel}","templated":true}]}}