{"id":4596,"date":"2022-01-24T23:46:02","date_gmt":"2022-01-24T21:46:02","guid":{"rendered":"http:\/\/podkarpacka.iarp.pl\/?p=4596"},"modified":"2022-01-26T14:44:29","modified_gmt":"2022-01-26T12:44:29","slug":"zmarl-nasz-kolega-architekt-wladyslaw-slaby","status":"publish","type":"post","link":"https:\/\/podkarpacka.iarp.pl\/?p=4596","title":{"rendered":"Zmar\u0142 Nasz Kolega Architekt W\u0142adys\u0142aw S\u0142aby"},"content":{"rendered":"<p style=\"font-weight:400; text-align:center;\">Z wielkim \u017calem i smutkiem zawiadamiamy, \u017ce dnia 22 stycznia 2022 roku w wieku 87 lat zmar\u0142 d\u0142ugoletni cz\u0142onek <strong>Podkarpackiej Okr\u0119gowej Izby Architekt\u00f3w RP Pan architekt W\u0142adys\u0142aw S\u0142aby.<\/strong><\/p>\n<p style=\"font-weight:400; text-align:center;\">Msza \u015awi\u0119ta i Pogrzeb odb\u0119d\u0105 si\u0119:<\/p>\n<p style=\"font-weight:400; text-align:center;\"><em><strong>w \u015brod\u0119, 26 stycznia 2022 roku o godz. 13:30 na Cmentarzu na Wilkowyi<\/strong><\/em>.<\/p>\n<p style=\"text-align:center;\">(Wej\u015bcie g\u0142\u00f3wne na Cmentarz od ul. Cienistej. Kaplica znajduje si\u0119 na wprost wej\u015bcia g\u0142\u00f3wnego.)<\/p>\n","protected":false},"excerpt":{"rendered":"<p>Z wielkim \u017calem i smutkiem zawiadamiamy, \u017ce dnia 22 stycznia 2022 roku w wieku 87 lat zmar\u0142 d\u0142ugoletni cz\u0142onek Podkarpackiej Okr\u0119gowej Izby Architekt\u00f3w RP Pan architekt W\u0142adys\u0142aw S\u0142aby. Msza \u015awi\u0119ta i Pogrzeb odb\u0119d\u0105 si\u0119: w \u015brod\u0119, 26 stycznia 2022 roku o godz. 13:30 na Cmentarzu na Wilkowyi. (Wej\u015bcie g\u0142\u00f3wne na Cmentarz od ul. Cienistej. Kaplica [&hellip;]<\/p>\n","protected":false},"author":7,"featured_media":4554,"comment_status":"closed","ping_status":"open","sticky":false,"template":"","format":"standard","meta":{"footnotes":""},"categories":[69],"tags":[],"class_list":["post-4596","post","type-post","status-publish","format-standard","has-post-thumbnail","hentry","category-aktualnosci"],"publishpress_future_action":{"enabled":false,"date":"2026-05-08 08:30:30","action":"change-status","newStatus":"draft","terms":[],"taxonomy":"category","extraData":[]},"publishpress_future_workflow_manual_trigger":{"enabledWorkflows":[]},"_links":{"self":[{"href":"https:\/\/podkarpacka.iarp.pl\/index.php?rest_route=\/wp\/v2\/posts\/4596","targetHints":{"allow":["GET"]}}],"collection":[{"href":"https:\/\/podkarpacka.iarp.pl\/index.php?rest_route=\/wp\/v2\/posts"}],"about":[{"href":"https:\/\/podkarpacka.iarp.pl\/index.php?rest_route=\/wp\/v2\/types\/post"}],"author":[{"embeddable":true,"href":"https:\/\/podkarpacka.iarp.pl\/index.php?rest_route=\/wp\/v2\/users\/7"}],"replies":[{"embeddable":true,"href":"https:\/\/podkarpacka.iarp.pl\/index.php?rest_route=%2Fwp%2Fv2%2Fcomments&post=4596"}],"version-history":[{"count":5,"href":"https:\/\/podkarpacka.iarp.pl\/index.php?rest_route=\/wp\/v2\/posts\/4596\/revisions"}],"predecessor-version":[{"id":4604,"href":"https:\/\/podkarpacka.iarp.pl\/index.php?rest_route=\/wp\/v2\/posts\/4596\/revisions\/4604"}],"wp:featuredmedia":[{"embeddable":true,"href":"https:\/\/podkarpacka.iarp.pl\/index.php?rest_route=\/wp\/v2\/media\/4554"}],"wp:attachment":[{"href":"https:\/\/podkarpacka.iarp.pl\/index.php?rest_route=%2Fwp%2Fv2%2Fmedia&parent=4596"}],"wp:term":[{"taxonomy":"category","embeddable":true,"href":"https:\/\/podkarpacka.iarp.pl\/index.php?rest_route=%2Fwp%2Fv2%2Fcategories&post=4596"},{"taxonomy":"post_tag","embeddable":true,"href":"https:\/\/podkarpacka.iarp.pl\/index.php?rest_route=%2Fwp%2Fv2%2Ftags&post=4596"}],"curies":[{"name":"wp","href":"https:\/\/api.w.org\/{rel}","templated":true}]}}