{"id":4610,"date":"2022-02-05T16:43:20","date_gmt":"2022-02-05T14:43:20","guid":{"rendered":"http:\/\/podkarpacka.iarp.pl\/?p=4610"},"modified":"2022-03-05T20:44:31","modified_gmt":"2022-03-05T18:44:31","slug":"wyniki-wyborow-delegatow","status":"publish","type":"post","link":"https:\/\/podkarpacka.iarp.pl\/?p=4610","title":{"rendered":"Wyniki wybor\u00f3w na delegat\u00f3w PKOIA RP"},"content":{"rendered":"<p style=\"text-align: center;\">Szanowne Kole\u017canki, Szanowni Koledzy.<\/p>\n<p style=\"text-align: center;\">Dzi\u0119kujemy za udzia\u0142 zdalny i miejscowy w Zebraniach Obwodowych, kt\u00f3re odby\u0142y si\u0119 4 lutego 2022r.<\/p>\n<p style=\"text-align: center;\"><strong>Przedstawiamy List\u0119 Delegat\u00f3w na Walny Zjazd wybranych w wyborach dw\u00f3ch okr\u0119g\u00f3w.<\/strong><\/p>\n<hr \/>\n<p><strong>Lista wybranych delegat\u00f3w w obwodzie nr 1<\/strong><\/p>\n<hr \/>\n<ol>\n<li>Adamczyk Bartosz<\/li>\n<li>Bardanaszwili Ruben<\/li>\n<li>B\u0105k Iwona<\/li>\n<li>Blok Aleksandra<\/li>\n<li>Boczkaj W\u0142adys\u0142aw<\/li>\n<li>Brudnicka Anna<\/li>\n<li>Bulsza Jan<\/li>\n<li>Chrobak Marek<\/li>\n<li>Delikat Pawe\u0142<\/li>\n<li>Dendewicz-Mat\u0142ok Magdalena<\/li>\n<li>Depa Andrzej<\/li>\n<li>Dzioch Bartosz<\/li>\n<li>Ferenc Kazimierz<\/li>\n<li>Figurska-Dudek Joanna<\/li>\n<li>G\u0105tarska Danuta<\/li>\n<li>Gorczyca Bartosz<\/li>\n<li>Ha\u0142abuz Stanis\u0142aw<\/li>\n<li>Hamala-Lis Dorota<\/li>\n<li>Hasek Magdalena<\/li>\n<li>Jab\u0142o\u0144ska \u015aroda Magdalena<\/li>\n<li>Kalita Grzegorz<\/li>\n<li>Kardy\u015b Adam<\/li>\n<li>Ko\u0144 S\u0142awomir<\/li>\n<li>Kopyci\u0144ska Ewa<\/li>\n<li>Koz\u0142owska Karolina<\/li>\n<li>Koz\u0142owski Tomasz<\/li>\n<li>Kru\u017cel-Magdo\u0144 Katarzyna<\/li>\n<li>Krygina Olga<\/li>\n<li>Kud\u0142a Dawid<\/li>\n<li>Kud\u0142a Tomasz<\/li>\n<li>Kuschill-\u017bak Agnieszka<\/li>\n<li>Ku\u017aniar Marcin<\/li>\n<li>Lasko\u015b Marek<\/li>\n<li>\u0141ukasiewicz Jaros\u0142aw<\/li>\n<li>\u0141yszczek Adam<\/li>\n<li>Majczak Karolina<\/li>\n<li>Ma\u0142ek Andrzej<\/li>\n<\/ol>\n<hr \/>\n<p><strong>Lista wybranych\u00a0<\/strong><strong> delegat\u00f3w w obwodzie nr 2<\/strong><\/p>\n<hr \/>\n<ol>\n<li>Matlingiewicz Iwona<\/li>\n<li>Mat\u0142ok Wac\u0142aw<\/li>\n<li>Matraszek Joanna<\/li>\n<li>Micek Micha\u0142<\/li>\n<li>Orlewska Danuta<\/li>\n<li>Orlewski Piotr<\/li>\n<li>Orzechowska Urszula<\/li>\n<li>Ostafijczuk Artur<\/li>\n<li>Paw\u0142owski Andrzej<\/li>\n<li>Pieczonka Gertruda<\/li>\n<li>Piotrowski Bart\u0142omiej<\/li>\n<li>Puchyr Agnieszka<\/li>\n<li>Ruszel Grzegorz<\/li>\n<li>Rze\u017awicki Piotr<\/li>\n<li>Sidor Mariola<\/li>\n<li>S\u0142api\u0144ski Grzegorz<\/li>\n<li>Stempin Stefan<\/li>\n<li>Stempniak Dominik<\/li>\n<li>Strojny Alicja<\/li>\n<li>Surowiec Doto\u0144 Marzena<\/li>\n<li>Szular Robert<\/li>\n<li>\u015awi\u0119ci\u0144ska Renata<\/li>\n<li>\u015awi\u0119ci\u0144ski Zbigniew<\/li>\n<li>Torba Maciej<\/li>\n<li>Trybus Maciej<\/li>\n<li>Tyra\u0144ska Magdalena<\/li>\n<li>Ungeheuer Pawe\u0142<\/li>\n<li>Walicka -G\u00f3ral Beata<\/li>\n<li>W\u00f3jcik (Petejko) Anna<\/li>\n<li>W\u00f3jcik Anna<\/li>\n<li>Zima \u0141ukasz<\/li>\n<li>Zima Mateusz<\/li>\n<li>Zima Wac\u0142aw<\/li>\n<li>Zygmunt Aneta<\/li>\n<\/ol>\n","protected":false},"excerpt":{"rendered":"<p>Szanowne Kole\u017canki, Szanowni Koledzy. Dzi\u0119kujemy za udzia\u0142 zdalny i miejscowy w Zebraniach Obwodowych, kt\u00f3re odby\u0142y si\u0119 4 lutego 2022r. Przedstawiamy List\u0119 Delegat\u00f3w na Walny Zjazd wybranych w wyborach dw\u00f3ch okr\u0119g\u00f3w. Lista wybranych delegat\u00f3w w obwodzie nr 1 Adamczyk Bartosz Bardanaszwili Ruben B\u0105k Iwona Blok Aleksandra Boczkaj W\u0142adys\u0142aw Brudnicka Anna Bulsza Jan Chrobak Marek Delikat Pawe\u0142 [&hellip;]<\/p>\n","protected":false},"author":6,"featured_media":4549,"comment_status":"closed","ping_status":"open","sticky":false,"template":"","format":"standard","meta":{"footnotes":""},"categories":[71,69,1,56],"tags":[],"class_list":["post-4610","post","type-post","status-publish","format-standard","has-post-thumbnail","hentry","category-slider-strona-glowna","category-aktualnosci","category-bez-kategorii","category-informacje-rady"],"publishpress_future_action":{"enabled":false,"date":"2026-05-06 05:02:22","action":"change-status","newStatus":"draft","terms":[],"taxonomy":"category","extraData":[]},"publishpress_future_workflow_manual_trigger":{"enabledWorkflows":[]},"_links":{"self":[{"href":"https:\/\/podkarpacka.iarp.pl\/index.php?rest_route=\/wp\/v2\/posts\/4610","targetHints":{"allow":["GET"]}}],"collection":[{"href":"https:\/\/podkarpacka.iarp.pl\/index.php?rest_route=\/wp\/v2\/posts"}],"about":[{"href":"https:\/\/podkarpacka.iarp.pl\/index.php?rest_route=\/wp\/v2\/types\/post"}],"author":[{"embeddable":true,"href":"https:\/\/podkarpacka.iarp.pl\/index.php?rest_route=\/wp\/v2\/users\/6"}],"replies":[{"embeddable":true,"href":"https:\/\/podkarpacka.iarp.pl\/index.php?rest_route=%2Fwp%2Fv2%2Fcomments&post=4610"}],"version-history":[{"count":11,"href":"https:\/\/podkarpacka.iarp.pl\/index.php?rest_route=\/wp\/v2\/posts\/4610\/revisions"}],"predecessor-version":[{"id":4615,"href":"https:\/\/podkarpacka.iarp.pl\/index.php?rest_route=\/wp\/v2\/posts\/4610\/revisions\/4615"}],"wp:featuredmedia":[{"embeddable":true,"href":"https:\/\/podkarpacka.iarp.pl\/index.php?rest_route=\/wp\/v2\/media\/4549"}],"wp:attachment":[{"href":"https:\/\/podkarpacka.iarp.pl\/index.php?rest_route=%2Fwp%2Fv2%2Fmedia&parent=4610"}],"wp:term":[{"taxonomy":"category","embeddable":true,"href":"https:\/\/podkarpacka.iarp.pl\/index.php?rest_route=%2Fwp%2Fv2%2Fcategories&post=4610"},{"taxonomy":"post_tag","embeddable":true,"href":"https:\/\/podkarpacka.iarp.pl\/index.php?rest_route=%2Fwp%2Fv2%2Ftags&post=4610"}],"curies":[{"name":"wp","href":"https:\/\/api.w.org\/{rel}","templated":true}]}}