{"id":4619,"date":"2022-02-14T11:36:30","date_gmt":"2022-02-14T09:36:30","guid":{"rendered":"http:\/\/podkarpacka.iarp.pl\/?p=4619"},"modified":"2022-02-14T12:38:44","modified_gmt":"2022-02-14T10:38:44","slug":"4619","status":"publish","type":"post","link":"https:\/\/podkarpacka.iarp.pl\/?p=4619","title":{"rendered":"REJESTRACJA: PODKARPACKI PRZEGL\u0104D ARCHITEKTURY 2000 &#8211; 2022"},"content":{"rendered":"<h4>Podkarpacka Okr\u0119gowa Izba Architekt\u00f3w oraz SARP Oddzia\u0142 Rzesz\u00f3w zaprasza do wzi\u0119cia udzia\u0142u w wystawie.<\/h4>\n<h2><strong>Podkarpacki Przegl\u0105d Architektury 2000-2022<\/strong><\/h2>\n<p>W zamy\u015ble organizator\u00f3w wystawa ma mie\u0107 formu\u0142\u0119 otwart\u0105 i dawa\u0107 mo\u017cliwo\u015b\u0107 autorskiej wypowiedzi jej uczestnikom. Dlatego prezentacje nie b\u0119d\u0105 podlega\u0107 wst\u0119pnej ocenie ani preselekcji. Dob\u00f3r prezentowanych projekt\u00f3w pozostanie w gestii uczestnik\u00f3w. B\u0119d\u0105 oni mogli przedstawi\u0107 zar\u00f3wno projekty zrealizowane jak r\u00f3wnie\u017c prace studialne, koncepcje konkursowe i projekty z r\u00f3\u017cnych przyczyn niepowsta\u0142e minionych 22 latach istnienia Samorz\u0105du Zawodowego Architekt\u00f3w w Polsce. Ka\u017cdy z uczestnik\u00f3w b\u0119dzie m\u00f3g\u0142 przygotowa\u0107 jedn\u0105 lub dwie plansze wed\u0142ug przygotowanych przez organizatora szablon\u00f3w. Na pojedynczej planszy (70cm x 200cm) b\u0119dzie mo\u017cna zamie\u015bci\u0107 od jednego do czterech projekt\u00f3w. Szablony zostan\u0105 zamieszczone na stronach internetowych SARP i PKOIA.<\/p>\n<p><strong>REJESTRACJA:<\/strong><\/p>\n<hr \/>\n<p>Na zg\u0142oszenia czekamy w\u00a0nieprzekraczalnym terminie do dnia 9 marca 2022\u00a0na za\u0142\u0105czonym na ko\u0144cu wpisu formularzu.<\/p>\n<p><strong>ODDANIE PRAC:<\/strong><\/p>\n<hr \/>\n<p>Wykonane wed\u0142ug proponowanych szablon\u00f3w prezentacje uczestnicy b\u0119d\u0105 mieli za zadanie dostarczy\u0107 w formacie .PDF (rozdzielczo\u015b\u0107 min. 300 DPI) wraz z potwierdzeniem wp\u0142aty za deklarowan\u0105 ilo\u015b\u0107 plansz. Dodatkowo na p\u0142ycie nale\u017cy umie\u015bci\u0107 materia\u0142y wykorzystane w prezentacji na planszach pliki w wersjach edytowalnych plik\u00f3w tekstowych w formacie .DOC i graficznych w formacie .TIF, .JPG, .PDF.<\/p>\n<p>Pliki dost\u0119pne s\u0105 na dysku po klikni\u0119ciu w link poni\u017cej:<\/p>\n<p><a href=\"https:\/\/drive.google.com\/drive\/folders\/1_qottJhyvlLqqmrb3L9jszCQO_jiJLvE?usp=sharing\"><strong>https:\/\/drive.google.com\/drive\/folders\/1_qottJhyvlLqqmrb3L9jszCQO_jiJLvE?usp=sharing<\/strong><\/a><\/p>\n<p><span style=\"text-decoration: underline;\"><span style=\"color: #ff0000; text-decoration: underline;\"><strong>Nieprzekraczalny termin z\u0142o\u017cenia do 10 marca 2022 (godzina 16.00)<\/strong><\/span><\/span> na adres e-mail biura PKOIA (podkarpacka@izbaarchitektow.pl)\u00a0\u00a0z dopiskiem \u201ePPA 2022 Imi\u0119 i nazwisko\u201d lub bezpo\u015brednio do siedziby biura PKOIA i SARP na no\u015bniku CD (Rynek 8, 35-064 Rzesz\u00f3w). Koszt wydruku pojedynczej planszy jest pokrywany przez uczestnika i wynosi 250 z\u0142 za ka\u017cd\u0105 zg\u0142aszan\u0105 plansz\u0119. Wydruki plansz zorganizowane zostan\u0105 przez biuro PKOIA.<\/p>\n<p><strong>Numer konta PKOIA do wp\u0142at:<\/strong><br \/>\n20 1020 4391 0000 6202 0002 7334<\/p>\n<p>z tytu\u0142em\u00a0\u00a0\u201ePPA 2022 \u2013 Imi\u0119 i nazwisko\u201d\u00a0w nieprzekraczalnym terminie do 10 marca 2022 (godzina 16.00).<\/p>\n<p>Wystawa zostanie zaprezentowana w siedzibie PKOIA i SARP o. Rzesz\u00f3w oraz podczas okoliczno\u015bciowych uroczysto\u015bci, gdzie zostan\u0105 wr\u0119czone wyr\u00f3\u017cnienia. O terminie wystaw b\u0119dziemy informowali uczestnik\u00f3w w odr\u0119bnych wiadomo\u015bciach. <strong>W p\u00f3\u017aniejszym czasie z wystawy zostanie r\u00f3wnie\u017c przygotowana publikacja ksi\u0105\u017ckowa.<\/strong><\/p>\n<p>Opracowanie:<\/p>\n<p>\u2013 Marek Chrobak, cz\u0142onek Rady PKOIA, cz\u0142onek Kolegium S\u0119dzi\u00f3w<br \/>\nKonkursowych SARP o. Rzesz\u00f3w, (tel. kontaktowy: 509 411 042)<br \/>\n\u2013 Renata \u015awi\u0119ci\u0144ska, przewodnicz\u0105ca PKOIA<br \/>\n\u2013 Piotr Rze\u017awicki, prezes SARP O.Rzesz\u00f3w<\/p>\n<h1 style=\"text-align: center;\">Formularz Rejestracji Elektronicznej<\/h1>\n<h3 style=\"text-align: center;\"><strong>Podkarpacki Przegl\u0105d Architektury 2000-2022<\/strong><\/h3>\n<hr \/>\n<h3 style=\"text-align: center;\"><strong><span id=\"captainformForm1216786EmbedPopup620a21462f923\" class=\"captainform_lightbox \"><span id=\"captainformForm1216786EmbedPopupContent620a21462f923\" class=\"floating-button-content\"><a href=\"http:\/\/rzeszow.sarp.org.pl\/index.php\/2022\/02\/13\/rejestracja-podkarpacki-przeglad-architektury-2000-2022\/\">KLIKNIJ TU ABY PRZENIE\u015a\u0106 SI\u0118 NA STRON\u0118 WWW SARP O. RZESZ\u00d3W<br \/>\nI UZUPE\u0141NI\u0106 FORMULARZ REJESTRACJI ELEKTRONICZNEJ,\u00a0<\/a><\/span><\/span><\/strong><\/h3>\n<hr \/>\n<p>&nbsp;<\/p>\n","protected":false},"excerpt":{"rendered":"<p>Podkarpacka Okr\u0119gowa Izba Architekt\u00f3w oraz SARP Oddzia\u0142 Rzesz\u00f3w zaprasza do wzi\u0119cia udzia\u0142u w wystawie. Podkarpacki Przegl\u0105d Architektury 2000-2022 W zamy\u015ble organizator\u00f3w wystawa ma mie\u0107 formu\u0142\u0119 otwart\u0105 i dawa\u0107 mo\u017cliwo\u015b\u0107 autorskiej wypowiedzi jej uczestnikom. Dlatego prezentacje nie b\u0119d\u0105 podlega\u0107 wst\u0119pnej ocenie ani preselekcji. Dob\u00f3r prezentowanych projekt\u00f3w pozostanie w gestii uczestnik\u00f3w. B\u0119d\u0105 oni mogli przedstawi\u0107 zar\u00f3wno projekty [&hellip;]<\/p>\n","protected":false},"author":7,"featured_media":4634,"comment_status":"closed","ping_status":"open","sticky":false,"template":"","format":"standard","meta":{"footnotes":""},"categories":[62],"tags":[],"class_list":["post-4619","post","type-post","status-publish","format-standard","has-post-thumbnail","hentry","category-konkursy"],"publishpress_future_action":{"enabled":false,"date":"2026-05-05 03:08:23","action":"change-status","newStatus":"draft","terms":[],"taxonomy":"category","extraData":[]},"publishpress_future_workflow_manual_trigger":{"enabledWorkflows":[]},"_links":{"self":[{"href":"https:\/\/podkarpacka.iarp.pl\/index.php?rest_route=\/wp\/v2\/posts\/4619","targetHints":{"allow":["GET"]}}],"collection":[{"href":"https:\/\/podkarpacka.iarp.pl\/index.php?rest_route=\/wp\/v2\/posts"}],"about":[{"href":"https:\/\/podkarpacka.iarp.pl\/index.php?rest_route=\/wp\/v2\/types\/post"}],"author":[{"embeddable":true,"href":"https:\/\/podkarpacka.iarp.pl\/index.php?rest_route=\/wp\/v2\/users\/7"}],"replies":[{"embeddable":true,"href":"https:\/\/podkarpacka.iarp.pl\/index.php?rest_route=%2Fwp%2Fv2%2Fcomments&post=4619"}],"version-history":[{"count":8,"href":"https:\/\/podkarpacka.iarp.pl\/index.php?rest_route=\/wp\/v2\/posts\/4619\/revisions"}],"predecessor-version":[{"id":4635,"href":"https:\/\/podkarpacka.iarp.pl\/index.php?rest_route=\/wp\/v2\/posts\/4619\/revisions\/4635"}],"wp:featuredmedia":[{"embeddable":true,"href":"https:\/\/podkarpacka.iarp.pl\/index.php?rest_route=\/wp\/v2\/media\/4634"}],"wp:attachment":[{"href":"https:\/\/podkarpacka.iarp.pl\/index.php?rest_route=%2Fwp%2Fv2%2Fmedia&parent=4619"}],"wp:term":[{"taxonomy":"category","embeddable":true,"href":"https:\/\/podkarpacka.iarp.pl\/index.php?rest_route=%2Fwp%2Fv2%2Fcategories&post=4619"},{"taxonomy":"post_tag","embeddable":true,"href":"https:\/\/podkarpacka.iarp.pl\/index.php?rest_route=%2Fwp%2Fv2%2Ftags&post=4619"}],"curies":[{"name":"wp","href":"https:\/\/api.w.org\/{rel}","templated":true}]}}