{"id":4637,"date":"2022-02-16T21:26:10","date_gmt":"2022-02-16T19:26:10","guid":{"rendered":"http:\/\/podkarpacka.iarp.pl\/?p=4637"},"modified":"2022-02-16T21:27:10","modified_gmt":"2022-02-16T19:27:10","slug":"v-sprawozdawczo-wyborczy-okregowy-zjazd-podkarpackiej-okregowej-izby-architektow-rp-18-marca-2022-r","status":"publish","type":"post","link":"https:\/\/podkarpacka.iarp.pl\/?p=4637","title":{"rendered":"V Sprawozdawczo-Wyborczy Okr\u0119gowy Zjazd Podkarpackiej Okr\u0119gowej Izby Architekt\u00f3w RP &#8211; 18 marca 2022 r."},"content":{"rendered":"<h3>Szanowni Delegaci na V Sprawozdawczo-Wyborczy Okr\u0119gowy Zjazd Podkarpackiej Okr\u0119gowej Izby Architekt\u00f3w RP<\/h3>\n<p style=\"text-align: left;\">Rada Podkarpackiej Okr\u0119gowej Izby Architekt\u00f3w RP, zgodnie z podj\u0119t\u0105 w dniu 20 stycznia 2022 roku uchwa\u0142\u0105 Nr 7\/2022 w sprawie zwo\u0142ania V Sprawozdawczo \u2013 Wyborczego Zjazdu Podkarpackiej Okr\u0119gowej Izby Architekt\u00f3w RP oraz na podstawie Regulaminu organizacji i trybu przeprowadzania zjazd\u00f3w oraz wybor\u00f3w do organ\u00f3w jednostek organizacyjnych samorz\u0105du zawodowego architekt\u00f3w \u2013 Izby Architekt\u00f3w przyj\u0119tego uchwa\u0142\u0105 Nr 7 I Programowo-Bud\u017cetowego Krajowego Zjazdu Izby Architekt\u00f3w z dnia 14 grudnia 2009 roku, niniejszym uprzejmie zawiadamia:<br \/>\nV Sprawozdawczo-Wyborczy Okr\u0119gowy Zjazd Podkarpackiej Okr\u0119gowej Izby Architekt\u00f3w RP odb\u0119dzie si\u0119 w budynku Hotelu Metropolitan przy ul. S\u0142owackiego 16, 35-060 Rzesz\u00f3w.<\/p>\n<p><strong>w dniu 18 marca 2022 r. (pi\u0105tek)<\/strong><br \/>\n<strong>o godzinie 11:00 &#8211; w pierwszym terminie<\/strong><br \/>\n<strong>o godzinie 12:00 &#8211; w drugim terminie<\/strong><\/p>\n<p>&nbsp;<\/p>\n<p>Wi\u0119cej informacji w za\u0142\u0105czonym pi\u015bmie.<\/p>\n<p><a href=\"https:\/\/podkarpacka.iarp.pl\/wp-content\/uploads\/2022\/02\/Zawiadomienie-o-Zje\u017adzie-R.-\u015a.-A.P..pdf\">Zawiadomienie o Zje\u017adzie- R. \u015a. A.P.<\/a><\/p>\n","protected":false},"excerpt":{"rendered":"<p>Szanowni Delegaci na V Sprawozdawczo-Wyborczy Okr\u0119gowy Zjazd Podkarpackiej Okr\u0119gowej Izby Architekt\u00f3w RP Rada Podkarpackiej Okr\u0119gowej Izby Architekt\u00f3w RP, zgodnie z podj\u0119t\u0105 w dniu 20 stycznia 2022 roku uchwa\u0142\u0105 Nr 7\/2022 w sprawie zwo\u0142ania V Sprawozdawczo \u2013 Wyborczego Zjazdu Podkarpackiej Okr\u0119gowej Izby Architekt\u00f3w RP oraz na podstawie Regulaminu organizacji i trybu przeprowadzania zjazd\u00f3w oraz wybor\u00f3w do [&hellip;]<\/p>\n","protected":false},"author":6,"featured_media":4549,"comment_status":"closed","ping_status":"open","sticky":false,"template":"","format":"standard","meta":{"footnotes":""},"categories":[71,69,56],"tags":[],"class_list":["post-4637","post","type-post","status-publish","format-standard","has-post-thumbnail","hentry","category-slider-strona-glowna","category-aktualnosci","category-informacje-rady"],"publishpress_future_action":{"enabled":false,"date":"2026-05-08 08:20:27","action":"change-status","newStatus":"draft","terms":[],"taxonomy":"category","extraData":[]},"publishpress_future_workflow_manual_trigger":{"enabledWorkflows":[]},"_links":{"self":[{"href":"https:\/\/podkarpacka.iarp.pl\/index.php?rest_route=\/wp\/v2\/posts\/4637","targetHints":{"allow":["GET"]}}],"collection":[{"href":"https:\/\/podkarpacka.iarp.pl\/index.php?rest_route=\/wp\/v2\/posts"}],"about":[{"href":"https:\/\/podkarpacka.iarp.pl\/index.php?rest_route=\/wp\/v2\/types\/post"}],"author":[{"embeddable":true,"href":"https:\/\/podkarpacka.iarp.pl\/index.php?rest_route=\/wp\/v2\/users\/6"}],"replies":[{"embeddable":true,"href":"https:\/\/podkarpacka.iarp.pl\/index.php?rest_route=%2Fwp%2Fv2%2Fcomments&post=4637"}],"version-history":[{"count":6,"href":"https:\/\/podkarpacka.iarp.pl\/index.php?rest_route=\/wp\/v2\/posts\/4637\/revisions"}],"predecessor-version":[{"id":4644,"href":"https:\/\/podkarpacka.iarp.pl\/index.php?rest_route=\/wp\/v2\/posts\/4637\/revisions\/4644"}],"wp:featuredmedia":[{"embeddable":true,"href":"https:\/\/podkarpacka.iarp.pl\/index.php?rest_route=\/wp\/v2\/media\/4549"}],"wp:attachment":[{"href":"https:\/\/podkarpacka.iarp.pl\/index.php?rest_route=%2Fwp%2Fv2%2Fmedia&parent=4637"}],"wp:term":[{"taxonomy":"category","embeddable":true,"href":"https:\/\/podkarpacka.iarp.pl\/index.php?rest_route=%2Fwp%2Fv2%2Fcategories&post=4637"},{"taxonomy":"post_tag","embeddable":true,"href":"https:\/\/podkarpacka.iarp.pl\/index.php?rest_route=%2Fwp%2Fv2%2Ftags&post=4637"}],"curies":[{"name":"wp","href":"https:\/\/api.w.org\/{rel}","templated":true}]}}