{"id":4689,"date":"2022-03-08T17:54:20","date_gmt":"2022-03-08T15:54:20","guid":{"rendered":"http:\/\/podkarpacka.iarp.pl\/?p=4689"},"modified":"2022-03-08T17:56:07","modified_gmt":"2022-03-08T15:56:07","slug":"przypomnienie-podkarpacki-przeglad-architektury-2000-2022","status":"publish","type":"post","link":"https:\/\/podkarpacka.iarp.pl\/?p=4689","title":{"rendered":"PRZYPOMNIENIE &#8211; PODKARPACKI PRZEGL\u0104D ARCHITEKTURY 2000 &#8211; 2022"},"content":{"rendered":"<p>Przypominamy o nieprzekraczalnym terminie do 10 marca 2022 (godzina 16.00) z\u0142o\u017cenia prac do konkursu PPA.<\/p>\n<p>Wi\u0119cej informacji:\u00a0<a href=\"https:\/\/podkarpacka.iarp.pl\/?p=4619\">https:\/\/podkarpacka.iarp.pl\/?p=4619<\/a><\/p>\n","protected":false},"excerpt":{"rendered":"<p>Przypominamy o nieprzekraczalnym terminie do 10 marca 2022 (godzina 16.00) z\u0142o\u017cenia prac do konkursu PPA. Wi\u0119cej informacji:\u00a0https:\/\/podkarpacka.iarp.pl\/?p=4619<\/p>\n","protected":false},"author":6,"featured_media":4634,"comment_status":"closed","ping_status":"open","sticky":false,"template":"","format":"standard","meta":{"footnotes":""},"categories":[69,1,62],"tags":[],"class_list":["post-4689","post","type-post","status-publish","format-standard","has-post-thumbnail","hentry","category-aktualnosci","category-bez-kategorii","category-konkursy"],"publishpress_future_action":{"enabled":false,"date":"2026-05-05 03:09:34","action":"change-status","newStatus":"draft","terms":[],"taxonomy":"category","extraData":[]},"publishpress_future_workflow_manual_trigger":{"enabledWorkflows":[]},"_links":{"self":[{"href":"https:\/\/podkarpacka.iarp.pl\/index.php?rest_route=\/wp\/v2\/posts\/4689","targetHints":{"allow":["GET"]}}],"collection":[{"href":"https:\/\/podkarpacka.iarp.pl\/index.php?rest_route=\/wp\/v2\/posts"}],"about":[{"href":"https:\/\/podkarpacka.iarp.pl\/index.php?rest_route=\/wp\/v2\/types\/post"}],"author":[{"embeddable":true,"href":"https:\/\/podkarpacka.iarp.pl\/index.php?rest_route=\/wp\/v2\/users\/6"}],"replies":[{"embeddable":true,"href":"https:\/\/podkarpacka.iarp.pl\/index.php?rest_route=%2Fwp%2Fv2%2Fcomments&post=4689"}],"version-history":[{"count":3,"href":"https:\/\/podkarpacka.iarp.pl\/index.php?rest_route=\/wp\/v2\/posts\/4689\/revisions"}],"predecessor-version":[{"id":4736,"href":"https:\/\/podkarpacka.iarp.pl\/index.php?rest_route=\/wp\/v2\/posts\/4689\/revisions\/4736"}],"wp:featuredmedia":[{"embeddable":true,"href":"https:\/\/podkarpacka.iarp.pl\/index.php?rest_route=\/wp\/v2\/media\/4634"}],"wp:attachment":[{"href":"https:\/\/podkarpacka.iarp.pl\/index.php?rest_route=%2Fwp%2Fv2%2Fmedia&parent=4689"}],"wp:term":[{"taxonomy":"category","embeddable":true,"href":"https:\/\/podkarpacka.iarp.pl\/index.php?rest_route=%2Fwp%2Fv2%2Fcategories&post=4689"},{"taxonomy":"post_tag","embeddable":true,"href":"https:\/\/podkarpacka.iarp.pl\/index.php?rest_route=%2Fwp%2Fv2%2Ftags&post=4689"}],"curies":[{"name":"wp","href":"https:\/\/api.w.org\/{rel}","templated":true}]}}