{"id":4733,"date":"2022-04-11T16:12:41","date_gmt":"2022-04-11T14:12:41","guid":{"rendered":"http:\/\/podkarpacka.iarp.pl\/?p=4733"},"modified":"2022-05-11T11:39:44","modified_gmt":"2022-05-11T09:39:44","slug":"zmiana-terminu-zgloszen-podkarpacki-przeglad-architektury-2000-2020","status":"publish","type":"post","link":"https:\/\/podkarpacka.iarp.pl\/?p=4733","title":{"rendered":"ZMIANA TERMINU ZG\u0141OSZE\u0143 &#8211; PODKARPACKI PRZEGL\u0104D ARCHITEKTURY 2000-2022"},"content":{"rendered":"<p>Nieprzekraczalnym termin sk\u0142adnia prac na Podkarpacki Przegl\u0105d Architektury 2000 &#8211; 2022 zosta\u0142 przed\u0142u\u017cony do dnia 27 maja 2022, godzina 16.00.<\/p>\n<p>Wi\u0119cej informacji:\u00a0<a href=\"https:\/\/podkarpacka.iarp.pl\/?p=4619\" target=\"_blank\" rel=\"noopener noreferrer\" data-saferedirecturl=\"https:\/\/www.google.com\/url?q=https:\/\/podkarpacka.iarp.pl\/?p%3D4619&amp;source=gmail&amp;ust=1649769342360000&amp;usg=AOvVaw2s1MxDLNw3QD5EaK54YAP7\">http:\/\/<wbr><\/wbr>podkarpacka.iarp.pl\/?p=4619<\/a><\/p>\n","protected":false},"excerpt":{"rendered":"<p>Nieprzekraczalnym termin sk\u0142adnia prac na Podkarpacki Przegl\u0105d Architektury 2000 &#8211; 2022 zosta\u0142 przed\u0142u\u017cony do dnia 27 maja 2022, godzina 16.00. Wi\u0119cej informacji:\u00a0https:\/\/podkarpacka.iarp.pl\/?p=4619<\/p>\n","protected":false},"author":7,"featured_media":4634,"comment_status":"closed","ping_status":"open","sticky":false,"template":"","format":"standard","meta":{"footnotes":""},"categories":[69,62],"tags":[],"class_list":["post-4733","post","type-post","status-publish","format-standard","has-post-thumbnail","hentry","category-aktualnosci","category-konkursy"],"publishpress_future_action":{"enabled":false,"date":"2026-05-05 02:51:30","action":"change-status","newStatus":"draft","terms":[],"taxonomy":"category","extraData":[]},"publishpress_future_workflow_manual_trigger":{"enabledWorkflows":[]},"_links":{"self":[{"href":"https:\/\/podkarpacka.iarp.pl\/index.php?rest_route=\/wp\/v2\/posts\/4733","targetHints":{"allow":["GET"]}}],"collection":[{"href":"https:\/\/podkarpacka.iarp.pl\/index.php?rest_route=\/wp\/v2\/posts"}],"about":[{"href":"https:\/\/podkarpacka.iarp.pl\/index.php?rest_route=\/wp\/v2\/types\/post"}],"author":[{"embeddable":true,"href":"https:\/\/podkarpacka.iarp.pl\/index.php?rest_route=\/wp\/v2\/users\/7"}],"replies":[{"embeddable":true,"href":"https:\/\/podkarpacka.iarp.pl\/index.php?rest_route=%2Fwp%2Fv2%2Fcomments&post=4733"}],"version-history":[{"count":4,"href":"https:\/\/podkarpacka.iarp.pl\/index.php?rest_route=\/wp\/v2\/posts\/4733\/revisions"}],"predecessor-version":[{"id":4763,"href":"https:\/\/podkarpacka.iarp.pl\/index.php?rest_route=\/wp\/v2\/posts\/4733\/revisions\/4763"}],"wp:featuredmedia":[{"embeddable":true,"href":"https:\/\/podkarpacka.iarp.pl\/index.php?rest_route=\/wp\/v2\/media\/4634"}],"wp:attachment":[{"href":"https:\/\/podkarpacka.iarp.pl\/index.php?rest_route=%2Fwp%2Fv2%2Fmedia&parent=4733"}],"wp:term":[{"taxonomy":"category","embeddable":true,"href":"https:\/\/podkarpacka.iarp.pl\/index.php?rest_route=%2Fwp%2Fv2%2Fcategories&post=4733"},{"taxonomy":"post_tag","embeddable":true,"href":"https:\/\/podkarpacka.iarp.pl\/index.php?rest_route=%2Fwp%2Fv2%2Ftags&post=4733"}],"curies":[{"name":"wp","href":"https:\/\/api.w.org\/{rel}","templated":true}]}}