{"id":4741,"date":"2022-04-12T06:38:45","date_gmt":"2022-04-12T04:38:45","guid":{"rendered":"http:\/\/podkarpacka.iarp.pl\/?p=4741"},"modified":"2022-05-15T14:47:11","modified_gmt":"2022-05-15T12:47:11","slug":"uchwaly-uchwalone-podczas-v-zjazdu-sprawozdawczo-wyborczy-podkarpackiej-okregowej-izby-architektow-rp","status":"publish","type":"post","link":"https:\/\/podkarpacka.iarp.pl\/?p=4741","title":{"rendered":"Uchwa\u0142y uchwalone podczas V Zjazdu Sprawozdawczo-Wyborczego Podkarpackiej Okr\u0119gowej Izby Architekt\u00f3w RP"},"content":{"rendered":"<p>Szanowne Kole\u017canki, Szanowni Koledzy podczas\u00a0V Zjazdu Sprawozdawczo-Wyborczego Podkarpackiej Okr\u0119gowej Izby Architekt\u00f3w RP zosta\u0142y uchwalone nast\u0119puj\u0105ce uchwa\u0142y:<\/p>\n<p>&#8211; Uchwa\u0142a nr 1 &#8211;\u00a0w sprawie zatwierdzenia sprawozdania z dzia\u0142alno\u015bci: Okr\u0119gowej Rady PKOIA RP za okres od 27.02.2021 r. do 28.02.2022 r.<\/p>\n<p>&#8211; Uchwa\u0142a nr 2 &#8211; w sprawie udzielenia absolutorium Podkarpackiej Okr\u0119gowej Radzie Izby Architekt\u00f3w RP za okres od 27.02.2021 r. do 28.02.2022<\/p>\n<p>&#8211; Uchwa\u0142a nr 3 &#8211; w sprawie zatwierdzenia sprawozdania z dzia\u0142alno\u015bci: Okr\u0119gowej Komisji Kwalifikacyjnej PKOIA RP za okres od 01.03.2021 r. do 28.02.2022 r.<\/p>\n<p>&#8211; Uchwa\u0142a nr 4 &#8211; w sprawie zatwierdzenia sprawozdania z dzia\u0142alno\u015bci: Okr\u0119gowego Rzecznika Odpowiedzialno\u015bci Zawodowej PKOIA RP za okres od 26.02.2021 r. do 26.02.2022 r.<\/p>\n<p>&#8211; Uchwa\u0142a nr 5 &#8211; w sprawie zatwierdzenia sprawozdania z dzia\u0142alno\u015bci: Okr\u0119gowego S\u0105du Dyscyplinarnego PKOIA RP za okres od 06.03.2021 r. r. do 28.02.2022 r.<\/p>\n<p>&#8211; Uchwa\u0142a nr 6 &#8211; w sprawie zatwierdzenia sprawozdania z dzia\u0142alno\u015bci: Okr\u0119gowej Komisji Rewizyjnej PKOIA RP za okres od 26.02.2021 r. do 28.02.2022 r.<\/p>\n<p>&#8211; Uchwa\u0142a nr 7 &#8211; w sprawie zatwierdzenia sprawozdania finansowego Podkarpackiej Okr\u0119gowej Izby Architekt\u00f3w RP za rok 2021<\/p>\n<p>&#8211; Uchwa\u0142a nr 8 &#8211; w przedmiocie przyj\u0119cia preliminarza bud\u017cetowego Podkarpackiej Okr\u0119gowej Izby Architekt\u00f3w RP na rok 2022<\/p>\n<p>&#8211; Uchwa\u0142a nr 9 &#8211; w sprawie rozliczenia ujemnego wyniku finansowego tj. pokrycia straty za rok obrotowy 2021<\/p>\n<p style=\"text-align: center;\"><a href=\"https:\/\/podkarpacka.iarp.pl\/wp-content\/uploads\/2022\/04\/uchwa\u0142y-zjazdowe-2022.pdf\" target=\"_blank\" rel=\"noopener noreferrer\"><strong>Tre\u015b\u0107 uchwalonych uchwa\u0142<\/strong><\/a><\/p>\n<p>&nbsp;<\/p>\n<p><strong>Przyj\u0119te przez V Zjazd Sprawozdawczo-Wyborczy do realizacji wnioski :<\/strong><\/p>\n<p>&#8211; Wniosek nr 1 &#8211;\u00a0Spowodowanie dzia\u0142a\u0144 legislacyjnych zapewniaj\u0105cych r\u00f3wnorz\u0119dne prawa cz\u0142onkom samorz\u0105d\u00f3w zawodowych in\u017cynier\u00f3w budownictwa i architekt\u00f3w, przez wnioskowanie Delegat\u00f3w na Zjazd Krajowy w zakresie zmiany zapisu art.15 a pkt.4 Prawa budowlanego dot. kierowania robotami budowlanymi w zakresie architektury obiektu przez osoby nie posiadaj\u0105ce odpowiedniego wykszta\u0142cenia oraz uprawnie\u0144 budowlanych.<\/p>\n<p>&#8211; Wniosek nr 2 &#8211;\u00a0Zobowi\u0105za\u0107 Rad\u0119 PKOIA RP do powo\u0142ania odpowiedniego zespo\u0142u do spraw szkolenia architekt\u00f3w IARP w sk\u0142adzie od 2 do 3 os\u00f3b wraz z regulaminem dzia\u0142ania.<\/p>\n<p>&#8211; Wniosek nr 3 &#8211;\u00a0Zobowi\u0105zanie Delegat\u00f3w na Zjazd Krajowy i Rad\u0119 PKOIA RP do podj\u0119cia krok\u00f3w w celu zmiany statutu IARP w \u00a7 6 pkt 1 i sformu\u0142owanie go nast\u0119puj\u0105co: \u201e celem nadrz\u0119dnym Izby jest ochrona przestrzeni i architektury jako dobra publicznego i ludzi j\u0105 tworz\u0105cych\u201d<\/p>\n<p>&#8211; Wniosek nr 4 &#8211;\u00a0Zobowi\u0105za\u0107 Rad\u0119 PKOIA RP do zorganizowania obchod\u00f3w XX-lecia Izby Architekt\u00f3w z udzia\u0142em wszystkich cz\u0142onk\u00f3w obecnych i by\u0142ych.<\/p>\n","protected":false},"excerpt":{"rendered":"<p>Szanowne Kole\u017canki, Szanowni Koledzy podczas\u00a0V Zjazdu Sprawozdawczo-Wyborczego Podkarpackiej Okr\u0119gowej Izby Architekt\u00f3w RP zosta\u0142y uchwalone nast\u0119puj\u0105ce uchwa\u0142y: &#8211; Uchwa\u0142a nr 1 &#8211;\u00a0w sprawie zatwierdzenia sprawozdania z dzia\u0142alno\u015bci: Okr\u0119gowej Rady PKOIA RP za okres od 27.02.2021 r. do 28.02.2022 r. &#8211; Uchwa\u0142a nr 2 &#8211; w sprawie udzielenia absolutorium Podkarpackiej Okr\u0119gowej Radzie Izby Architekt\u00f3w RP za okres [&hellip;]<\/p>\n","protected":false},"author":6,"featured_media":4549,"comment_status":"closed","ping_status":"open","sticky":false,"template":"","format":"standard","meta":{"footnotes":""},"categories":[69,56],"tags":[],"class_list":["post-4741","post","type-post","status-publish","format-standard","has-post-thumbnail","hentry","category-aktualnosci","category-informacje-rady"],"publishpress_future_action":{"enabled":false,"date":"2026-05-08 07:47:01","action":"change-status","newStatus":"draft","terms":[],"taxonomy":"category","extraData":[]},"publishpress_future_workflow_manual_trigger":{"enabledWorkflows":[]},"_links":{"self":[{"href":"https:\/\/podkarpacka.iarp.pl\/index.php?rest_route=\/wp\/v2\/posts\/4741","targetHints":{"allow":["GET"]}}],"collection":[{"href":"https:\/\/podkarpacka.iarp.pl\/index.php?rest_route=\/wp\/v2\/posts"}],"about":[{"href":"https:\/\/podkarpacka.iarp.pl\/index.php?rest_route=\/wp\/v2\/types\/post"}],"author":[{"embeddable":true,"href":"https:\/\/podkarpacka.iarp.pl\/index.php?rest_route=\/wp\/v2\/users\/6"}],"replies":[{"embeddable":true,"href":"https:\/\/podkarpacka.iarp.pl\/index.php?rest_route=%2Fwp%2Fv2%2Fcomments&post=4741"}],"version-history":[{"count":10,"href":"https:\/\/podkarpacka.iarp.pl\/index.php?rest_route=\/wp\/v2\/posts\/4741\/revisions"}],"predecessor-version":[{"id":4750,"href":"https:\/\/podkarpacka.iarp.pl\/index.php?rest_route=\/wp\/v2\/posts\/4741\/revisions\/4750"}],"wp:featuredmedia":[{"embeddable":true,"href":"https:\/\/podkarpacka.iarp.pl\/index.php?rest_route=\/wp\/v2\/media\/4549"}],"wp:attachment":[{"href":"https:\/\/podkarpacka.iarp.pl\/index.php?rest_route=%2Fwp%2Fv2%2Fmedia&parent=4741"}],"wp:term":[{"taxonomy":"category","embeddable":true,"href":"https:\/\/podkarpacka.iarp.pl\/index.php?rest_route=%2Fwp%2Fv2%2Fcategories&post=4741"},{"taxonomy":"post_tag","embeddable":true,"href":"https:\/\/podkarpacka.iarp.pl\/index.php?rest_route=%2Fwp%2Fv2%2Ftags&post=4741"}],"curies":[{"name":"wp","href":"https:\/\/api.w.org\/{rel}","templated":true}]}}