{"id":4753,"date":"2022-04-14T12:08:39","date_gmt":"2022-04-14T10:08:39","guid":{"rendered":"http:\/\/podkarpacka.iarp.pl\/?p=4753"},"modified":"2022-04-14T12:08:39","modified_gmt":"2022-04-14T10:08:39","slug":"zyczenia-swiateczne-podkarpackiej-okregowej-rady-architektow-rp","status":"publish","type":"post","link":"https:\/\/podkarpacka.iarp.pl\/?p=4753","title":{"rendered":"\u017byczenia \u015awi\u0105teczne Podkarpackiej Okr\u0119gowej Rady Architekt\u00f3w RP"},"content":{"rendered":"<p><a href=\"https:\/\/podkarpacka.iarp.pl\/wp-content\/uploads\/2022\/04\/wielkanoc-2022.png\"><img loading=\"lazy\" decoding=\"async\" class=\"aligncenter wp-image-4754 size-full\" src=\"https:\/\/podkarpacka.iarp.pl\/wp-content\/uploads\/2022\/04\/wielkanoc-2022.png\" alt=\"\" width=\"1200\" height=\"1443\" srcset=\"https:\/\/podkarpacka.iarp.pl\/wp-content\/uploads\/2022\/04\/wielkanoc-2022.png 1200w, https:\/\/podkarpacka.iarp.pl\/wp-content\/uploads\/2022\/04\/wielkanoc-2022-249x300.png 249w, https:\/\/podkarpacka.iarp.pl\/wp-content\/uploads\/2022\/04\/wielkanoc-2022-768x924.png 768w, https:\/\/podkarpacka.iarp.pl\/wp-content\/uploads\/2022\/04\/wielkanoc-2022-852x1024.png 852w, https:\/\/podkarpacka.iarp.pl\/wp-content\/uploads\/2022\/04\/wielkanoc-2022-600x722.png 600w\" sizes=\"auto, (max-width: 1200px) 100vw, 1200px\" \/><\/a><\/p>\n","protected":false},"excerpt":{"rendered":"","protected":false},"author":6,"featured_media":4754,"comment_status":"closed","ping_status":"open","sticky":false,"template":"","format":"standard","meta":{"footnotes":""},"categories":[1],"tags":[],"class_list":["post-4753","post","type-post","status-publish","format-standard","has-post-thumbnail","hentry","category-bez-kategorii"],"publishpress_future_action":{"enabled":false,"date":"2026-05-06 05:03:53","action":"change-status","newStatus":"draft","terms":[],"taxonomy":"category","extraData":[]},"publishpress_future_workflow_manual_trigger":{"enabledWorkflows":[]},"_links":{"self":[{"href":"https:\/\/podkarpacka.iarp.pl\/index.php?rest_route=\/wp\/v2\/posts\/4753","targetHints":{"allow":["GET"]}}],"collection":[{"href":"https:\/\/podkarpacka.iarp.pl\/index.php?rest_route=\/wp\/v2\/posts"}],"about":[{"href":"https:\/\/podkarpacka.iarp.pl\/index.php?rest_route=\/wp\/v2\/types\/post"}],"author":[{"embeddable":true,"href":"https:\/\/podkarpacka.iarp.pl\/index.php?rest_route=\/wp\/v2\/users\/6"}],"replies":[{"embeddable":true,"href":"https:\/\/podkarpacka.iarp.pl\/index.php?rest_route=%2Fwp%2Fv2%2Fcomments&post=4753"}],"version-history":[{"count":1,"href":"https:\/\/podkarpacka.iarp.pl\/index.php?rest_route=\/wp\/v2\/posts\/4753\/revisions"}],"predecessor-version":[{"id":4755,"href":"https:\/\/podkarpacka.iarp.pl\/index.php?rest_route=\/wp\/v2\/posts\/4753\/revisions\/4755"}],"wp:featuredmedia":[{"embeddable":true,"href":"https:\/\/podkarpacka.iarp.pl\/index.php?rest_route=\/wp\/v2\/media\/4754"}],"wp:attachment":[{"href":"https:\/\/podkarpacka.iarp.pl\/index.php?rest_route=%2Fwp%2Fv2%2Fmedia&parent=4753"}],"wp:term":[{"taxonomy":"category","embeddable":true,"href":"https:\/\/podkarpacka.iarp.pl\/index.php?rest_route=%2Fwp%2Fv2%2Fcategories&post=4753"},{"taxonomy":"post_tag","embeddable":true,"href":"https:\/\/podkarpacka.iarp.pl\/index.php?rest_route=%2Fwp%2Fv2%2Ftags&post=4753"}],"curies":[{"name":"wp","href":"https:\/\/api.w.org\/{rel}","templated":true}]}}