{"id":4772,"date":"2022-05-20T21:31:58","date_gmt":"2022-05-20T19:31:58","guid":{"rendered":"http:\/\/podkarpacka.iarp.pl\/?p=4772"},"modified":"2022-05-20T21:31:58","modified_gmt":"2022-05-20T19:31:58","slug":"przypomnienie-o-skladaniu-zgloszen-podkarpacki-przeglad-architektury-2000-2022","status":"publish","type":"post","link":"https:\/\/podkarpacka.iarp.pl\/?p=4772","title":{"rendered":"PRZYPOMNIENIE O SK\u0141ADANIU ZG\u0141OSZE\u0143 &#8211; PODKARPACKI PRZEGL\u0104D ARCHITEKTURY 2000-2022"},"content":{"rendered":"<div>\n<div>ZACH\u0118CAMY DO ZG\u0141OSZENIA SWOICH PROJEKT\u00d3W NA PODKARPACKI<\/div>\n<p>PRZEGL\u0104D ARCHITEKTURY 2000-2022 -&gt; 27.05 !<\/p><\/div>\n<div>\n<div><\/div>\n<\/div>\n<div>\n<div><img decoding=\"async\" class=\"an1\" src=\"https:\/\/fonts.gstatic.com\/s\/e\/notoemoji\/14.0\/1f534\/32.png\" alt=\"\ud83d\udd34\" data-emoji=\"\ud83d\udd34\" aria-label=\"\ud83d\udd34\" \/> Prezentacja wystawy odb\u0119dzie si\u0119 podczas \u015bwi\u0119towania obchod\u00f3w \u015awiatowego Dnia Architektury 1 lipca,<\/div>\n<\/div>\n<div>\n<div><img decoding=\"async\" class=\"an1\" src=\"https:\/\/fonts.gstatic.com\/s\/e\/notoemoji\/14.0\/1f534\/32.png\" alt=\"\ud83d\udd34\" data-emoji=\"\ud83d\udd34\" aria-label=\"\ud83d\udd34\" \/> Wystaw\u0119 rozpocznie wernisa\u017c b\u0119d\u0105cy jednym z g\u0142\u00f3wnych wydarze\u0144 obchod\u00f3w \u015awiatowego Dnia Architektury,<\/div>\n<\/div>\n<div>\n<div><img decoding=\"async\" class=\"an1\" src=\"https:\/\/fonts.gstatic.com\/s\/e\/notoemoji\/14.0\/1f534\/32.png\" alt=\"\ud83d\udd34\" data-emoji=\"\ud83d\udd34\" aria-label=\"\ud83d\udd34\" \/> Podkarpacki przegl\u0105d architektury jest okazj\u0105 do wsp\u00f3lnego zaprezentowania 20-letniego dorobku cz\u0142onk\u00f3w Podkarpackiej Izby Architekt\u00f3w,<\/div>\n<\/div>\n<div>\n<div><img decoding=\"async\" class=\"an1\" src=\"https:\/\/fonts.gstatic.com\/s\/e\/notoemoji\/14.0\/1f534\/32.png\" alt=\"\ud83d\udd34\" data-emoji=\"\ud83d\udd34\" aria-label=\"\ud83d\udd34\" \/> To doskona\u0142a okazja na zaprezentowanie mieszka\u0144com Podkarpacia wsp\u00f3\u0142czesnej architektury naszego regionu.<\/div>\n<\/div>\n<div>\n<div>&nbsp;<\/div>\n<\/div>\n<div>\n<div>Termin sk\u0142adania prac na Podkarpacki Przegl\u0105d Architektury 2000 \u2013 2022 zosta\u0142 przed\u0142u\u017cony do dnia 27 maja 2022, godzina 16.00.<\/div>\n<\/div>\n<div>\n<div>&nbsp;<\/div>\n<\/div>\n<div>\n<div>Wi\u0119cej informacji: <a href=\"https:\/\/podkarpacka.iarp.pl\/?p=4619\" target=\"_blank\" rel=\"noopener noreferrer\" data-saferedirecturl=\"https:\/\/www.google.com\/url?q=https:\/\/podkarpacka.iarp.pl\/?p%3D4619&amp;source=gmail&amp;ust=1653159880401000&amp;usg=AOvVaw2zHDSDXCeG9ZGDs9y2zDlt\">https:\/\/podkarpacka.iarp.pl\/?p=<wbr><\/wbr>4619<\/a><\/div>\n<\/div>\n","protected":false},"excerpt":{"rendered":"<p>ZACH\u0118CAMY DO ZG\u0141OSZENIA SWOICH PROJEKT\u00d3W NA PODKARPACKI PRZEGL\u0104D ARCHITEKTURY 2000-2022 -&gt; 27.05 ! Prezentacja wystawy odb\u0119dzie si\u0119 podczas \u015bwi\u0119towania obchod\u00f3w \u015awiatowego Dnia Architektury 1 lipca, Wystaw\u0119 rozpocznie wernisa\u017c b\u0119d\u0105cy jednym z g\u0142\u00f3wnych wydarze\u0144 obchod\u00f3w \u015awiatowego Dnia Architektury, Podkarpacki przegl\u0105d architektury jest okazj\u0105 do wsp\u00f3lnego zaprezentowania 20-letniego dorobku cz\u0142onk\u00f3w Podkarpackiej Izby Architekt\u00f3w, To doskona\u0142a okazja na [&hellip;]<\/p>\n","protected":false},"author":6,"featured_media":4634,"comment_status":"closed","ping_status":"open","sticky":false,"template":"","format":"standard","meta":{"footnotes":""},"categories":[69,62],"tags":[],"class_list":["post-4772","post","type-post","status-publish","format-standard","has-post-thumbnail","hentry","category-aktualnosci","category-konkursy"],"publishpress_future_action":{"enabled":false,"date":"2026-05-05 03:09:57","action":"change-status","newStatus":"draft","terms":[],"taxonomy":"category","extraData":[]},"publishpress_future_workflow_manual_trigger":{"enabledWorkflows":[]},"_links":{"self":[{"href":"https:\/\/podkarpacka.iarp.pl\/index.php?rest_route=\/wp\/v2\/posts\/4772","targetHints":{"allow":["GET"]}}],"collection":[{"href":"https:\/\/podkarpacka.iarp.pl\/index.php?rest_route=\/wp\/v2\/posts"}],"about":[{"href":"https:\/\/podkarpacka.iarp.pl\/index.php?rest_route=\/wp\/v2\/types\/post"}],"author":[{"embeddable":true,"href":"https:\/\/podkarpacka.iarp.pl\/index.php?rest_route=\/wp\/v2\/users\/6"}],"replies":[{"embeddable":true,"href":"https:\/\/podkarpacka.iarp.pl\/index.php?rest_route=%2Fwp%2Fv2%2Fcomments&post=4772"}],"version-history":[{"count":3,"href":"https:\/\/podkarpacka.iarp.pl\/index.php?rest_route=\/wp\/v2\/posts\/4772\/revisions"}],"predecessor-version":[{"id":4775,"href":"https:\/\/podkarpacka.iarp.pl\/index.php?rest_route=\/wp\/v2\/posts\/4772\/revisions\/4775"}],"wp:featuredmedia":[{"embeddable":true,"href":"https:\/\/podkarpacka.iarp.pl\/index.php?rest_route=\/wp\/v2\/media\/4634"}],"wp:attachment":[{"href":"https:\/\/podkarpacka.iarp.pl\/index.php?rest_route=%2Fwp%2Fv2%2Fmedia&parent=4772"}],"wp:term":[{"taxonomy":"category","embeddable":true,"href":"https:\/\/podkarpacka.iarp.pl\/index.php?rest_route=%2Fwp%2Fv2%2Fcategories&post=4772"},{"taxonomy":"post_tag","embeddable":true,"href":"https:\/\/podkarpacka.iarp.pl\/index.php?rest_route=%2Fwp%2Fv2%2Ftags&post=4772"}],"curies":[{"name":"wp","href":"https:\/\/api.w.org\/{rel}","templated":true}]}}