{"id":4785,"date":"2022-06-25T11:42:32","date_gmt":"2022-06-25T09:42:32","guid":{"rendered":"http:\/\/podkarpacka.iarp.pl\/?p=4785"},"modified":"2022-07-01T09:27:13","modified_gmt":"2022-07-01T07:27:13","slug":"4785","status":"publish","type":"post","link":"https:\/\/podkarpacka.iarp.pl\/?p=4785","title":{"rendered":"\u015awi\u0119tuj z nami \u015awiatowy Dzie\u0144 Architektury! 1 Lipca 2022 Rynek w Rzeszowie"},"content":{"rendered":"<p>&nbsp;<\/p>\n<h1>\u015awi\u0119tuj z nami \u015awiatowy Dzie\u0144 Architektury!<\/h1>\n<p>&nbsp;<\/p>\n<h3>PROGRAM i WYDARZENIA<\/h3>\n<p>&nbsp;<\/p>\n<p><strong>13:00-17:00<\/strong><br \/>\n<strong>Porady Projektowe<\/strong><br \/>\nBiuro SARP \/ Izba ul. Rynek 8<\/p>\n<p>&nbsp;<\/p>\n<p><strong>13:00-17:00<\/strong><br \/>\n<strong>Przegl\u0105d Filmowy &#8220;Rzeszowskie Lekcje Architektury&#8221; i &#8220;Architektura Sakrum&#8221;<\/strong><br \/>\nBiuro SARP \/ Izba ul. Rynek 8<\/p>\n<p>&nbsp;<\/p>\n<p><strong>14:00-16:00<\/strong><br \/>\n<strong>Warsztaty Fotograficzne \u201eMiasto w Obiektywie Dziecka\u201d <\/strong><\/p>\n<p>Rynek w Rzeszowie<\/p>\n<p>&nbsp;<\/p>\n<p><strong>14:00-16:00<\/strong><br \/>\n<strong>Plener Plastyczny \u201eMoje Miasto\u201d<\/strong><br \/>\nRynek w Rzeszowie<\/p>\n<p>&nbsp;<\/p>\n<p><strong>17:00<\/strong><br \/>\n<strong>Otwarcie \u015awiatowego Dnia Architektury<\/strong><br \/>\nRynek w Rzeszowie &#8211; Strefa wystawowa<\/p>\n<p>&nbsp;<\/p>\n<p><strong>17:00-22:00<\/strong><br \/>\n<strong>Prezentacja 20-lecia Podkarpackiej Okr\u0119gowej Izby Architekt\u00f3w<\/strong><br \/>\nRzeszowskie Piwnice<\/p>\n<p>&nbsp;<\/p>\n<p><strong>17:00-20:00<\/strong><br \/>\n<strong>Wystawa Architekta Miasta \/ Ksiega Pami\u0105tkowa<\/strong><br \/>\nRynek w Rzeszowie &#8211; Strefa wystawowa<\/p>\n<p>&nbsp;<\/p>\n<p><strong>17:30<\/strong><br \/>\n<strong>Wernisa\u017c Wystawy<\/strong><br \/>\nRzeszowskie Piwnice<\/p>\n<p>&nbsp;<\/p>\n<p><strong>18:30<\/strong><br \/>\n<strong>Prezentacja zdj\u0119\u0107 dzieci<\/strong><br \/>\nRynek w Rzeszowie &#8211; Strefa wystawowa<\/p>\n<p>&nbsp;<\/p>\n<p><strong>19:00<\/strong><br \/>\n<strong>Prezentacja Prac Rysunkowych Dzieci<\/strong><br \/>\nRynek w Rzeszowie &#8211; Strefa wystawowa<\/p>\n<p>&nbsp;<\/p>\n<p>\u015awiatowy Dzie\u0144 Architektury po\u0142\u0105czony jest z obchodami 20-lecia PKOIA RP<\/p>\n<p>Serdecznie Zapraszamy!<\/p>\n<p>&nbsp;<\/p>\n<p><a href=\"https:\/\/podkarpacka.iarp.pl\/wp-content\/uploads\/2022\/06\/Zaproszenie.jpg\" target=\"_blank\" rel=\"noopener noreferrer\"><img loading=\"lazy\" decoding=\"async\" class=\"aligncenter wp-image-4795\" src=\"https:\/\/podkarpacka.iarp.pl\/wp-content\/uploads\/2022\/06\/Zaproszenie-300x212.jpg\" alt=\"\" width=\"303\" height=\"214\" srcset=\"https:\/\/podkarpacka.iarp.pl\/wp-content\/uploads\/2022\/06\/Zaproszenie-300x212.jpg 300w, https:\/\/podkarpacka.iarp.pl\/wp-content\/uploads\/2022\/06\/Zaproszenie-768x543.jpg 768w, https:\/\/podkarpacka.iarp.pl\/wp-content\/uploads\/2022\/06\/Zaproszenie-1024x724.jpg 1024w\" sizes=\"auto, (max-width: 303px) 100vw, 303px\" \/><\/a><a href=\"https:\/\/podkarpacka.iarp.pl\/wp-content\/uploads\/2022\/07\/SDAplakat1.jpg\" target=\"_blank\" rel=\"noopener noreferrer\"><img loading=\"lazy\" decoding=\"async\" class=\"wp-image-4872 size-medium aligncenter\" src=\"https:\/\/podkarpacka.iarp.pl\/wp-content\/uploads\/2022\/07\/SDAplakat1-214x300.jpg\" alt=\"\" width=\"214\" height=\"300\" srcset=\"https:\/\/podkarpacka.iarp.pl\/wp-content\/uploads\/2022\/07\/SDAplakat1-214x300.jpg 214w, https:\/\/podkarpacka.iarp.pl\/wp-content\/uploads\/2022\/07\/SDAplakat1-768x1075.jpg 768w, https:\/\/podkarpacka.iarp.pl\/wp-content\/uploads\/2022\/07\/SDAplakat1-732x1024.jpg 732w, https:\/\/podkarpacka.iarp.pl\/wp-content\/uploads\/2022\/07\/SDAplakat1.jpg 1429w\" sizes=\"auto, (max-width: 214px) 100vw, 214px\" \/><\/a><\/p>\n","protected":false},"excerpt":{"rendered":"<p>&nbsp; \u015awi\u0119tuj z nami \u015awiatowy Dzie\u0144 Architektury! &nbsp; PROGRAM i WYDARZENIA &nbsp; 13:00-17:00 Porady Projektowe Biuro SARP \/ Izba ul. Rynek 8 &nbsp; 13:00-17:00 Przegl\u0105d Filmowy &#8220;Rzeszowskie Lekcje Architektury&#8221; i &#8220;Architektura Sakrum&#8221; Biuro SARP \/ Izba ul. Rynek 8 &nbsp; 14:00-16:00 Warsztaty Fotograficzne \u201eMiasto w Obiektywie Dziecka\u201d Rynek w Rzeszowie &nbsp; 14:00-16:00 Plener Plastyczny \u201eMoje [&hellip;]<\/p>\n","protected":false},"author":6,"featured_media":4803,"comment_status":"closed","ping_status":"open","sticky":false,"template":"","format":"standard","meta":{"footnotes":""},"categories":[71,69,55],"tags":[],"class_list":["post-4785","post","type-post","status-publish","format-standard","has-post-thumbnail","hentry","category-slider-strona-glowna","category-aktualnosci","category-wydarzenia"],"publishpress_future_action":{"enabled":false,"date":"2026-05-05 17:50:25","action":"change-status","newStatus":"draft","terms":[],"taxonomy":"category","extraData":[]},"publishpress_future_workflow_manual_trigger":{"enabledWorkflows":[]},"_links":{"self":[{"href":"https:\/\/podkarpacka.iarp.pl\/index.php?rest_route=\/wp\/v2\/posts\/4785","targetHints":{"allow":["GET"]}}],"collection":[{"href":"https:\/\/podkarpacka.iarp.pl\/index.php?rest_route=\/wp\/v2\/posts"}],"about":[{"href":"https:\/\/podkarpacka.iarp.pl\/index.php?rest_route=\/wp\/v2\/types\/post"}],"author":[{"embeddable":true,"href":"https:\/\/podkarpacka.iarp.pl\/index.php?rest_route=\/wp\/v2\/users\/6"}],"replies":[{"embeddable":true,"href":"https:\/\/podkarpacka.iarp.pl\/index.php?rest_route=%2Fwp%2Fv2%2Fcomments&post=4785"}],"version-history":[{"count":16,"href":"https:\/\/podkarpacka.iarp.pl\/index.php?rest_route=\/wp\/v2\/posts\/4785\/revisions"}],"predecessor-version":[{"id":4873,"href":"https:\/\/podkarpacka.iarp.pl\/index.php?rest_route=\/wp\/v2\/posts\/4785\/revisions\/4873"}],"wp:featuredmedia":[{"embeddable":true,"href":"https:\/\/podkarpacka.iarp.pl\/index.php?rest_route=\/wp\/v2\/media\/4803"}],"wp:attachment":[{"href":"https:\/\/podkarpacka.iarp.pl\/index.php?rest_route=%2Fwp%2Fv2%2Fmedia&parent=4785"}],"wp:term":[{"taxonomy":"category","embeddable":true,"href":"https:\/\/podkarpacka.iarp.pl\/index.php?rest_route=%2Fwp%2Fv2%2Fcategories&post=4785"},{"taxonomy":"post_tag","embeddable":true,"href":"https:\/\/podkarpacka.iarp.pl\/index.php?rest_route=%2Fwp%2Fv2%2Ftags&post=4785"}],"curies":[{"name":"wp","href":"https:\/\/api.w.org\/{rel}","templated":true}]}}