{"id":4807,"date":"2022-06-28T15:00:00","date_gmt":"2022-06-28T13:00:00","guid":{"rendered":"http:\/\/podkarpacka.iarp.pl\/?p=4807"},"modified":"2022-07-01T09:52:12","modified_gmt":"2022-07-01T07:52:12","slug":"20-lecie-podkarpackiej-okregowej-izby-architektow-rp","status":"publish","type":"post","link":"https:\/\/podkarpacka.iarp.pl\/?p=4807","title":{"rendered":"20 lecie &#8211; Podkarpackiej Okr\u0119gowej Izby Architekt\u00f3w RP"},"content":{"rendered":"<p>[vc_row][vc_column][vc_column_text]<span lang=\"DE\"><span style=\"font-family: arial, sans-serif;\">\u015awi\u0119towanie \u015awiatowych Dni Architektury b\u0119dzie po\u0142\u0105czone z obchodami 20 \u2013 lecia Podkarpackiej Okr\u0119gowej Izby Architekt\u00f3w RP.<\/span><\/span><\/p>\n<p><span style=\"font-family: arial, sans-serif;\"><span lang=\"DE\">W przestrzeniach Rzeszowskich Piwnic i siedzibie SARP o. Rzesz\u00f3w, Rynek 8 zostanie przedstawiona prezentacja ukazuj\u0105ca <\/span>20 lat istnienia Podkarpackiej Izby Architekt\u00f3w.<\/span><\/p>\n<p><span style=\"font-family: arial, sans-serif;\">Podkarpacka Okr\u0119gowa Izba Architekt\u00f3w RP<b>\u00a0<\/b><\/span>dzia\u0142a nieprzerwanie od pocz\u0105tku 2001 r. pod adresem Rynek 8 w Rzeszowie. Pierwszym przewodnicz\u0105cym Rady\u00a0PKOIA\u00a0RP zosta\u0142 wybrany arch. Krzysztof Deg\u00f3rski.\u00a0PKOIA RP zrzesza ju\u017c blisko 400 architekt\u00f3w wojew\u00f3dztwa podkarpackiego.\u00a0\u015awiatowe Dni Architektury to doskona\u0142a okazja na zapoznanie si\u0119 z dzia\u0142alno\u015bci\u0105 i dorobkiem podkarpackich architekt\u00f3w.<\/p>\n<p>&nbsp;<\/p>\n<p><a href=\"https:\/\/podkarpacka.iarp.pl\/wp-content\/uploads\/2022\/06\/kola\u017c-20-lecie.jpg\" target=\"_blank\" rel=\"noopener noreferrer\"><img loading=\"lazy\" decoding=\"async\" class=\"aligncenter wp-image-4808\" src=\"https:\/\/podkarpacka.iarp.pl\/wp-content\/uploads\/2022\/06\/kola\u017c-20-lecie.jpg\" alt=\"\" width=\"700\" height=\"525\" srcset=\"https:\/\/podkarpacka.iarp.pl\/wp-content\/uploads\/2022\/06\/kola\u017c-20-lecie.jpg 1000w, https:\/\/podkarpacka.iarp.pl\/wp-content\/uploads\/2022\/06\/kola\u017c-20-lecie-300x225.jpg 300w, https:\/\/podkarpacka.iarp.pl\/wp-content\/uploads\/2022\/06\/kola\u017c-20-lecie-768x576.jpg 768w\" sizes=\"auto, (max-width: 700px) 100vw, 700px\" \/><\/a>[\/vc_column_text][\/vc_column][\/vc_row]<\/p>\n","protected":false},"excerpt":{"rendered":"<p>[vc_row][vc_column][vc_column_text]\u015awi\u0119towanie \u015awiatowych Dni Architektury b\u0119dzie po\u0142\u0105czone z obchodami 20 \u2013 lecia Podkarpackiej Okr\u0119gowej Izby Architekt\u00f3w RP. W przestrzeniach Rzeszowskich Piwnic i siedzibie SARP o. Rzesz\u00f3w, Rynek 8 zostanie przedstawiona prezentacja ukazuj\u0105ca 20 lat istnienia Podkarpackiej Izby Architekt\u00f3w. Podkarpacka Okr\u0119gowa Izba Architekt\u00f3w RP\u00a0dzia\u0142a nieprzerwanie od pocz\u0105tku 2001 r. pod adresem Rynek 8 w Rzeszowie. Pierwszym przewodnicz\u0105cym [&hellip;]<\/p>\n","protected":false},"author":6,"featured_media":4837,"comment_status":"closed","ping_status":"open","sticky":false,"template":"","format":"standard","meta":{"footnotes":""},"categories":[69],"tags":[],"class_list":["post-4807","post","type-post","status-publish","format-standard","has-post-thumbnail","hentry","category-aktualnosci"],"publishpress_future_action":{"enabled":false,"date":"2026-05-08 07:38:18","action":"change-status","newStatus":"draft","terms":[],"taxonomy":"category","extraData":[]},"publishpress_future_workflow_manual_trigger":{"enabledWorkflows":[]},"_links":{"self":[{"href":"https:\/\/podkarpacka.iarp.pl\/index.php?rest_route=\/wp\/v2\/posts\/4807","targetHints":{"allow":["GET"]}}],"collection":[{"href":"https:\/\/podkarpacka.iarp.pl\/index.php?rest_route=\/wp\/v2\/posts"}],"about":[{"href":"https:\/\/podkarpacka.iarp.pl\/index.php?rest_route=\/wp\/v2\/types\/post"}],"author":[{"embeddable":true,"href":"https:\/\/podkarpacka.iarp.pl\/index.php?rest_route=\/wp\/v2\/users\/6"}],"replies":[{"embeddable":true,"href":"https:\/\/podkarpacka.iarp.pl\/index.php?rest_route=%2Fwp%2Fv2%2Fcomments&post=4807"}],"version-history":[{"count":8,"href":"https:\/\/podkarpacka.iarp.pl\/index.php?rest_route=\/wp\/v2\/posts\/4807\/revisions"}],"predecessor-version":[{"id":4875,"href":"https:\/\/podkarpacka.iarp.pl\/index.php?rest_route=\/wp\/v2\/posts\/4807\/revisions\/4875"}],"wp:featuredmedia":[{"embeddable":true,"href":"https:\/\/podkarpacka.iarp.pl\/index.php?rest_route=\/wp\/v2\/media\/4837"}],"wp:attachment":[{"href":"https:\/\/podkarpacka.iarp.pl\/index.php?rest_route=%2Fwp%2Fv2%2Fmedia&parent=4807"}],"wp:term":[{"taxonomy":"category","embeddable":true,"href":"https:\/\/podkarpacka.iarp.pl\/index.php?rest_route=%2Fwp%2Fv2%2Fcategories&post=4807"},{"taxonomy":"post_tag","embeddable":true,"href":"https:\/\/podkarpacka.iarp.pl\/index.php?rest_route=%2Fwp%2Fv2%2Ftags&post=4807"}],"curies":[{"name":"wp","href":"https:\/\/api.w.org\/{rel}","templated":true}]}}