{"id":4843,"date":"2022-06-29T10:03:26","date_gmt":"2022-06-29T08:03:26","guid":{"rendered":"http:\/\/podkarpacka.iarp.pl\/?p=4843"},"modified":"2022-06-30T16:31:11","modified_gmt":"2022-06-30T14:31:11","slug":"sda-atrakcje-dla-dzieci","status":"publish","type":"post","link":"https:\/\/podkarpacka.iarp.pl\/?p=4843","title":{"rendered":"\u015aDA Atrakcje dla dzieci"},"content":{"rendered":"<p>[vc_row][vc_column][vc_column_text]<b>\u015aDA Atrakcje dla dzieci<\/b><\/p>\n<p><b>\u00a0<\/b><\/p>\n<p>1.07. (pi\u0105tek)<\/p>\n<p>14:00 Strefa wystawowa na Rynku rzeszowskim<\/p>\n<p>&nbsp;<\/p>\n<p>W ramach atrakcji dla dzieci planowane s\u0105 plenery fotograficzne i plastyczne. Plenery rozpoczn\u0105 si\u0119 o godzinie 14:00 w przestrzeni wystawowej na Rynku.<\/p>\n<p>&nbsp;<\/p>\n<p>Za pomoc\u0105 technik plastycznych i zdj\u0119\u0107, dzieci podczas zabawy b\u0119d\u0105 mog\u0142y przekaza\u0107 swoje spojrzenie na Rzesz\u00f3w i jego architektur\u0119. Prace najm\u0142odszych zostan\u0105 zaprezentowane o godzinie 18:30 i 19:00 w strefie wystawowej na rynku.<\/p>\n<p>&nbsp;<\/p>\n<p><a href=\"https:\/\/podkarpacka.iarp.pl\/wp-content\/uploads\/2022\/06\/plener-fotograficzny_-zabawy-dzieci%C4%99ce-SDA.pdf\" target=\"_blank\" rel=\"noopener noreferrer\">Regulamin pleneru fotograficznego: &#8220;MIASTO W OBIEKTYWIE DZIECKA&#8221;<\/a><\/p>\n<p><a href=\"https:\/\/podkarpacka.iarp.pl\/wp-content\/uploads\/2022\/06\/plener-plastyczny_-zabawy-dzieci\u0119ce_korekty.pdf\" target=\"_blank\" rel=\"noopener noreferrer\">Regulamin pleneru plastycznego: &#8220;MOJE MIASTO&#8221;<\/a>[\/vc_column_text][\/vc_column][\/vc_row]<\/p>\n","protected":false},"excerpt":{"rendered":"<p>[vc_row][vc_column][vc_column_text]\u015aDA Atrakcje dla dzieci \u00a0 1.07. (pi\u0105tek) 14:00 Strefa wystawowa na Rynku rzeszowskim &nbsp; W ramach atrakcji dla dzieci planowane s\u0105 plenery fotograficzne i plastyczne. Plenery rozpoczn\u0105 si\u0119 o godzinie 14:00 w przestrzeni wystawowej na Rynku. &nbsp; Za pomoc\u0105 technik plastycznych i zdj\u0119\u0107, dzieci podczas zabawy b\u0119d\u0105 mog\u0142y przekaza\u0107 swoje spojrzenie na Rzesz\u00f3w i jego [&hellip;]<\/p>\n","protected":false},"author":6,"featured_media":4846,"comment_status":"closed","ping_status":"open","sticky":false,"template":"","format":"standard","meta":{"footnotes":""},"categories":[69,55],"tags":[],"class_list":["post-4843","post","type-post","status-publish","format-standard","has-post-thumbnail","hentry","category-aktualnosci","category-wydarzenia"],"publishpress_future_action":{"enabled":false,"date":"2026-05-05 17:48:21","action":"change-status","newStatus":"draft","terms":[],"taxonomy":"category","extraData":[]},"publishpress_future_workflow_manual_trigger":{"enabledWorkflows":[]},"_links":{"self":[{"href":"https:\/\/podkarpacka.iarp.pl\/index.php?rest_route=\/wp\/v2\/posts\/4843","targetHints":{"allow":["GET"]}}],"collection":[{"href":"https:\/\/podkarpacka.iarp.pl\/index.php?rest_route=\/wp\/v2\/posts"}],"about":[{"href":"https:\/\/podkarpacka.iarp.pl\/index.php?rest_route=\/wp\/v2\/types\/post"}],"author":[{"embeddable":true,"href":"https:\/\/podkarpacka.iarp.pl\/index.php?rest_route=\/wp\/v2\/users\/6"}],"replies":[{"embeddable":true,"href":"https:\/\/podkarpacka.iarp.pl\/index.php?rest_route=%2Fwp%2Fv2%2Fcomments&post=4843"}],"version-history":[{"count":3,"href":"https:\/\/podkarpacka.iarp.pl\/index.php?rest_route=\/wp\/v2\/posts\/4843\/revisions"}],"predecessor-version":[{"id":4868,"href":"https:\/\/podkarpacka.iarp.pl\/index.php?rest_route=\/wp\/v2\/posts\/4843\/revisions\/4868"}],"wp:featuredmedia":[{"embeddable":true,"href":"https:\/\/podkarpacka.iarp.pl\/index.php?rest_route=\/wp\/v2\/media\/4846"}],"wp:attachment":[{"href":"https:\/\/podkarpacka.iarp.pl\/index.php?rest_route=%2Fwp%2Fv2%2Fmedia&parent=4843"}],"wp:term":[{"taxonomy":"category","embeddable":true,"href":"https:\/\/podkarpacka.iarp.pl\/index.php?rest_route=%2Fwp%2Fv2%2Fcategories&post=4843"},{"taxonomy":"post_tag","embeddable":true,"href":"https:\/\/podkarpacka.iarp.pl\/index.php?rest_route=%2Fwp%2Fv2%2Ftags&post=4843"}],"curies":[{"name":"wp","href":"https:\/\/api.w.org\/{rel}","templated":true}]}}