{"id":4851,"date":"2022-06-30T09:19:54","date_gmt":"2022-06-30T07:19:54","guid":{"rendered":"http:\/\/podkarpacka.iarp.pl\/?p=4851"},"modified":"2022-06-30T09:48:41","modified_gmt":"2022-06-30T07:48:41","slug":"v-sprawozdawczo-wyborczy-krajowy-zjazd-izby-architektow-rp","status":"publish","type":"post","link":"https:\/\/podkarpacka.iarp.pl\/?p=4851","title":{"rendered":"V Sprawozdawczo-Wyborczy Krajowy Zjazd Izby Architekt\u00f3w RP"},"content":{"rendered":"<p><span style=\"font-family: arial, sans-serif;\"><span lang=\"DE\">W dniach 28-29 czerwca 2022 r., w Warszawie odby\u0142 si\u0119\u00a0<\/span>V Sprawozdawczo-Wyborczy Krajowy Zjazd Izby Architekt\u00f3w RP, ko\u0144cz\u0105cy V i rozpoczynaj\u0105cy VI kadencj\u0119 Krajowej Izby Architekt\u00f3w RP.\u00a0<\/span><\/p>\n<p>&nbsp;<\/p>\n<p><span style=\"font-family: arial, sans-serif;\">Delegatami reprezentuj\u0105cymi PKOIA podczas zjazdu byli:<\/span><\/p>\n<p>kol.\u00a0<span style=\"font-family: arial, sans-serif;\">Andrzej Depa<\/span><\/p>\n<p>kol.\u00a0<span style=\"font-family: arial, sans-serif;\">Andrzej Paw\u0142owski<\/span><\/p>\n<p>kol.\u00a0<span style=\"font-family: arial, sans-serif;\">Renata \u015awi\u0119ci\u0144ska<\/span><\/p>\n<p>&nbsp;<\/p>\n<p><span style=\"font-family: arial, sans-serif;\">Nowym Prezesem powo\u0142anym podczas zjazdu na VI Kadencj\u0119 Izby Architekt\u00f3w RP zosta\u0142: kol. Piotr Fokczy\u0144ski<\/span>. Gratulujemy i \u017cyczymy wielu sukces\u00f3w dla Architektury, Samorz\u0105du i Architekt\u00f3w IARP.<\/p>\n<aside id=\"module-carousel-4851\" class=\"widget module-carousel\">\n            \t\t\t\t\t\t  <div class=\"wrapper\"><div style=\"float:left;height:470px;\"><figure>\n    \t\t\t\t\t\t\t\t\t<a class=\"pix\" href=\"https:\/\/podkarpacka.iarp.pl\/wp-content\/uploads\/2022\/06\/290593122_788364605874816_7232527491073557170_n.jpg\" title=\"290593122_788364605874816_7232527491073557170_n\"><img loading=\"lazy\" decoding=\"async\" src=\"https:\/\/podkarpacka.iarp.pl\/wp-content\/uploads\/2022\/06\/290593122_788364605874816_7232527491073557170_n-770x470.jpg\" width=\"770\" height=\"470\" alt=\"290593122_788364605874816_7232527491073557170_n\" class=\"img-responsive\"><div class=\"zoomix\"><i class=\"fa fa-search\"><\/i><\/div><\/a>\n    \t\t\t\t\t\t\t\t\t<figcaption>\n    \t\t\t\t\t\t\t\t\t\t<span class=\"car-index\"><strong class=\"index\">1<\/strong> of <strong>7<\/strong><\/span>\n    \t\t\t\t\t\t\t\t\t\t<span class=\"car-title\">290593122_788364605874816_7232527491073557170_n<\/span>\n                                            <span class=\"nav\">\n                                                <a class=\"prev\" href=\"#\"><i class=\"fa fa-chevron-left\"><\/i><\/a>\n                                                <a class=\"pix\" href=\"#\"><i class=\"fa fa-expand\"><\/i><\/a>\n                                                <a class=\"next\" href=\"#\"><i class=\"fa fa-chevron-right\"><\/i><\/a>\n                                            <\/span>\n    \t\t\t\t\t\t\t\t\t<\/figcaption>\n    \t\t\t\t\t\t\t\t<\/figure><\/div><div style=\"float:left;height:470px;\"><figure>\n    \t\t\t\t\t\t\t\t\t<a class=\"pix\" href=\"https:\/\/podkarpacka.iarp.pl\/wp-content\/uploads\/2022\/06\/288523550_344354501030107_7538480964916502242_n.jpg\" title=\"288523550_344354501030107_7538480964916502242_n\"><img loading=\"lazy\" decoding=\"async\" src=\"https:\/\/podkarpacka.iarp.pl\/wp-content\/uploads\/2022\/06\/288523550_344354501030107_7538480964916502242_n-770x470.jpg\" width=\"770\" height=\"470\" alt=\"288523550_344354501030107_7538480964916502242_n\" class=\"img-responsive\"><div class=\"zoomix\"><i class=\"fa fa-search\"><\/i><\/div><\/a>\n    \t\t\t\t\t\t\t\t\t<figcaption>\n    \t\t\t\t\t\t\t\t\t\t<span class=\"car-index\"><strong class=\"index\">1<\/strong> of <strong>7<\/strong><\/span>\n    \t\t\t\t\t\t\t\t\t\t<span class=\"car-title\">288523550_344354501030107_7538480964916502242_n<\/span>\n                                            <span class=\"nav\">\n                                                <a class=\"prev\" href=\"#\"><i class=\"fa fa-chevron-left\"><\/i><\/a>\n                                                <a class=\"pix\" href=\"#\"><i class=\"fa fa-expand\"><\/i><\/a>\n                                                <a class=\"next\" href=\"#\"><i class=\"fa fa-chevron-right\"><\/i><\/a>\n                                            <\/span>\n    \t\t\t\t\t\t\t\t\t<\/figcaption>\n    \t\t\t\t\t\t\t\t<\/figure><\/div><div style=\"float:left;height:470px;\"><figure>\n    \t\t\t\t\t\t\t\t\t<a class=\"pix\" href=\"https:\/\/podkarpacka.iarp.pl\/wp-content\/uploads\/2022\/06\/289461632_439860414647621_541026868006637452_n.jpg\" title=\"289461632_439860414647621_541026868006637452_n\"><img loading=\"lazy\" decoding=\"async\" src=\"https:\/\/podkarpacka.iarp.pl\/wp-content\/uploads\/2022\/06\/289461632_439860414647621_541026868006637452_n-770x470.jpg\" width=\"770\" height=\"470\" alt=\"289461632_439860414647621_541026868006637452_n\" class=\"img-responsive\"><div class=\"zoomix\"><i class=\"fa fa-search\"><\/i><\/div><\/a>\n    \t\t\t\t\t\t\t\t\t<figcaption>\n    \t\t\t\t\t\t\t\t\t\t<span class=\"car-index\"><strong class=\"index\">1<\/strong> of <strong>7<\/strong><\/span>\n    \t\t\t\t\t\t\t\t\t\t<span class=\"car-title\">289461632_439860414647621_541026868006637452_n<\/span>\n                                            <span class=\"nav\">\n                                                <a class=\"prev\" href=\"#\"><i class=\"fa fa-chevron-left\"><\/i><\/a>\n                                                <a class=\"pix\" href=\"#\"><i class=\"fa fa-expand\"><\/i><\/a>\n                                                <a class=\"next\" href=\"#\"><i class=\"fa fa-chevron-right\"><\/i><\/a>\n                                            <\/span>\n    \t\t\t\t\t\t\t\t\t<\/figcaption>\n    \t\t\t\t\t\t\t\t<\/figure><\/div><div style=\"float:left;height:470px;\"><figure>\n    \t\t\t\t\t\t\t\t\t<a class=\"pix\" href=\"https:\/\/podkarpacka.iarp.pl\/wp-content\/uploads\/2022\/06\/289892326_765919094437402_7393978007149328066_n.jpg\" title=\"289892326_765919094437402_7393978007149328066_n\"><img loading=\"lazy\" decoding=\"async\" src=\"https:\/\/podkarpacka.iarp.pl\/wp-content\/uploads\/2022\/06\/289892326_765919094437402_7393978007149328066_n-770x470.jpg\" width=\"770\" height=\"470\" alt=\"289892326_765919094437402_7393978007149328066_n\" class=\"img-responsive\"><div class=\"zoomix\"><i class=\"fa fa-search\"><\/i><\/div><\/a>\n    \t\t\t\t\t\t\t\t\t<figcaption>\n    \t\t\t\t\t\t\t\t\t\t<span class=\"car-index\"><strong class=\"index\">1<\/strong> of <strong>7<\/strong><\/span>\n    \t\t\t\t\t\t\t\t\t\t<span class=\"car-title\">289892326_765919094437402_7393978007149328066_n<\/span>\n                                            <span class=\"nav\">\n                                                <a class=\"prev\" href=\"#\"><i class=\"fa fa-chevron-left\"><\/i><\/a>\n                                                <a class=\"pix\" href=\"#\"><i class=\"fa fa-expand\"><\/i><\/a>\n                                                <a class=\"next\" href=\"#\"><i class=\"fa fa-chevron-right\"><\/i><\/a>\n                                            <\/span>\n    \t\t\t\t\t\t\t\t\t<\/figcaption>\n    \t\t\t\t\t\t\t\t<\/figure><\/div><div style=\"float:left;height:470px;\"><figure>\n    \t\t\t\t\t\t\t\t\t<a class=\"pix\" href=\"https:\/\/podkarpacka.iarp.pl\/wp-content\/uploads\/2022\/06\/290188733_597520064999594_2382169676684258407_n.jpg\" title=\"290188733_597520064999594_2382169676684258407_n\"><img loading=\"lazy\" decoding=\"async\" src=\"https:\/\/podkarpacka.iarp.pl\/wp-content\/uploads\/2022\/06\/290188733_597520064999594_2382169676684258407_n-770x470.jpg\" width=\"770\" height=\"470\" alt=\"290188733_597520064999594_2382169676684258407_n\" class=\"img-responsive\"><div class=\"zoomix\"><i class=\"fa fa-search\"><\/i><\/div><\/a>\n    \t\t\t\t\t\t\t\t\t<figcaption>\n    \t\t\t\t\t\t\t\t\t\t<span class=\"car-index\"><strong class=\"index\">1<\/strong> of <strong>7<\/strong><\/span>\n    \t\t\t\t\t\t\t\t\t\t<span class=\"car-title\">290188733_597520064999594_2382169676684258407_n<\/span>\n                                            <span class=\"nav\">\n                                                <a class=\"prev\" href=\"#\"><i class=\"fa fa-chevron-left\"><\/i><\/a>\n                                                <a class=\"pix\" href=\"#\"><i class=\"fa fa-expand\"><\/i><\/a>\n                                                <a class=\"next\" href=\"#\"><i class=\"fa fa-chevron-right\"><\/i><\/a>\n                                            <\/span>\n    \t\t\t\t\t\t\t\t\t<\/figcaption>\n    \t\t\t\t\t\t\t\t<\/figure><\/div><div style=\"float:left;height:470px;\"><figure>\n    \t\t\t\t\t\t\t\t\t<a class=\"pix\" href=\"https:\/\/podkarpacka.iarp.pl\/wp-content\/uploads\/2022\/06\/290277419_1195817804583442_5938264081854284844_n.jpg\" title=\"290277419_1195817804583442_5938264081854284844_n\"><img loading=\"lazy\" decoding=\"async\" src=\"https:\/\/podkarpacka.iarp.pl\/wp-content\/uploads\/2022\/06\/290277419_1195817804583442_5938264081854284844_n-770x470.jpg\" width=\"770\" height=\"470\" alt=\"290277419_1195817804583442_5938264081854284844_n\" class=\"img-responsive\"><div class=\"zoomix\"><i class=\"fa fa-search\"><\/i><\/div><\/a>\n    \t\t\t\t\t\t\t\t\t<figcaption>\n    \t\t\t\t\t\t\t\t\t\t<span class=\"car-index\"><strong class=\"index\">1<\/strong> of <strong>7<\/strong><\/span>\n    \t\t\t\t\t\t\t\t\t\t<span class=\"car-title\">290277419_1195817804583442_5938264081854284844_n<\/span>\n                                            <span class=\"nav\">\n                                                <a class=\"prev\" href=\"#\"><i class=\"fa fa-chevron-left\"><\/i><\/a>\n                                                <a class=\"pix\" href=\"#\"><i class=\"fa fa-expand\"><\/i><\/a>\n                                                <a class=\"next\" href=\"#\"><i class=\"fa fa-chevron-right\"><\/i><\/a>\n                                            <\/span>\n    \t\t\t\t\t\t\t\t\t<\/figcaption>\n    \t\t\t\t\t\t\t\t<\/figure><\/div><div style=\"float:left;height:470px;\"><figure>\n    \t\t\t\t\t\t\t\t\t<a class=\"pix\" href=\"https:\/\/podkarpacka.iarp.pl\/wp-content\/uploads\/2022\/06\/290341301_453770323245642_4514165417726314805_n.jpg\" title=\"290341301_453770323245642_4514165417726314805_n\"><img loading=\"lazy\" decoding=\"async\" src=\"https:\/\/podkarpacka.iarp.pl\/wp-content\/uploads\/2022\/06\/290341301_453770323245642_4514165417726314805_n-770x470.jpg\" width=\"770\" height=\"470\" alt=\"290341301_453770323245642_4514165417726314805_n\" class=\"img-responsive\"><div class=\"zoomix\"><i class=\"fa fa-search\"><\/i><\/div><\/a>\n    \t\t\t\t\t\t\t\t\t<figcaption>\n    \t\t\t\t\t\t\t\t\t\t<span class=\"car-index\"><strong class=\"index\">1<\/strong> of <strong>7<\/strong><\/span>\n    \t\t\t\t\t\t\t\t\t\t<span class=\"car-title\">290341301_453770323245642_4514165417726314805_n<\/span>\n                                            <span class=\"nav\">\n                                                <a class=\"prev\" href=\"#\"><i class=\"fa fa-chevron-left\"><\/i><\/a>\n                                                <a class=\"pix\" href=\"#\"><i class=\"fa fa-expand\"><\/i><\/a>\n                                                <a class=\"next\" href=\"#\"><i class=\"fa fa-chevron-right\"><\/i><\/a>\n                                            <\/span>\n    \t\t\t\t\t\t\t\t\t<\/figcaption>\n    \t\t\t\t\t\t\t\t<\/figure><\/div>          <\/div>\n                                <\/aside>\n                                <script>\n                                    \"use strict\";\n                                    var initModuleCarousel  = true;\n                                    var modCarHeight        = 470;\n                                    var modCarAutoStart     = false;\n                                <\/script>\n","protected":false},"excerpt":{"rendered":"<p>W dniach 28-29 czerwca 2022 r., w Warszawie odby\u0142 si\u0119\u00a0V Sprawozdawczo-Wyborczy Krajowy Zjazd Izby Architekt\u00f3w RP, ko\u0144cz\u0105cy V i rozpoczynaj\u0105cy VI kadencj\u0119 Krajowej Izby Architekt\u00f3w RP.\u00a0 &nbsp; Delegatami reprezentuj\u0105cymi PKOIA podczas zjazdu byli: kol.\u00a0Andrzej Depa kol.\u00a0Andrzej Paw\u0142owski kol.\u00a0Renata \u015awi\u0119ci\u0144ska &nbsp; Nowym Prezesem powo\u0142anym podczas zjazdu na VI Kadencj\u0119 Izby Architekt\u00f3w RP zosta\u0142: kol. Piotr Fokczy\u0144ski. [&hellip;]<\/p>\n","protected":false},"author":6,"featured_media":4863,"comment_status":"closed","ping_status":"open","sticky":false,"template":"","format":"standard","meta":{"footnotes":""},"categories":[1,56,55],"tags":[],"class_list":["post-4851","post","type-post","status-publish","format-standard","has-post-thumbnail","hentry","category-bez-kategorii","category-informacje-rady","category-wydarzenia"],"publishpress_future_action":{"enabled":false,"date":"2026-05-05 17:50:42","action":"change-status","newStatus":"draft","terms":[],"taxonomy":"category","extraData":[]},"publishpress_future_workflow_manual_trigger":{"enabledWorkflows":[]},"_links":{"self":[{"href":"https:\/\/podkarpacka.iarp.pl\/index.php?rest_route=\/wp\/v2\/posts\/4851","targetHints":{"allow":["GET"]}}],"collection":[{"href":"https:\/\/podkarpacka.iarp.pl\/index.php?rest_route=\/wp\/v2\/posts"}],"about":[{"href":"https:\/\/podkarpacka.iarp.pl\/index.php?rest_route=\/wp\/v2\/types\/post"}],"author":[{"embeddable":true,"href":"https:\/\/podkarpacka.iarp.pl\/index.php?rest_route=\/wp\/v2\/users\/6"}],"replies":[{"embeddable":true,"href":"https:\/\/podkarpacka.iarp.pl\/index.php?rest_route=%2Fwp%2Fv2%2Fcomments&post=4851"}],"version-history":[{"count":5,"href":"https:\/\/podkarpacka.iarp.pl\/index.php?rest_route=\/wp\/v2\/posts\/4851\/revisions"}],"predecessor-version":[{"id":4864,"href":"https:\/\/podkarpacka.iarp.pl\/index.php?rest_route=\/wp\/v2\/posts\/4851\/revisions\/4864"}],"wp:featuredmedia":[{"embeddable":true,"href":"https:\/\/podkarpacka.iarp.pl\/index.php?rest_route=\/wp\/v2\/media\/4863"}],"wp:attachment":[{"href":"https:\/\/podkarpacka.iarp.pl\/index.php?rest_route=%2Fwp%2Fv2%2Fmedia&parent=4851"}],"wp:term":[{"taxonomy":"category","embeddable":true,"href":"https:\/\/podkarpacka.iarp.pl\/index.php?rest_route=%2Fwp%2Fv2%2Fcategories&post=4851"},{"taxonomy":"post_tag","embeddable":true,"href":"https:\/\/podkarpacka.iarp.pl\/index.php?rest_route=%2Fwp%2Fv2%2Ftags&post=4851"}],"curies":[{"name":"wp","href":"https:\/\/api.w.org\/{rel}","templated":true}]}}